{"id":245768,"date":"2025-11-20T05:27:07","date_gmt":"2025-11-20T05:27:07","guid":{"rendered":"https:\/\/www.europesays.com\/es\/245768\/"},"modified":"2025-11-20T05:27:07","modified_gmt":"2025-11-20T05:27:07","slug":"un-consorcio-de-afines-al-gobierno-ultima-su-candidatura-para-la-nueva-tdt-en-abierto","status":"publish","type":"post","link":"https:\/\/www.europesays.com\/es\/245768\/","title":{"rendered":"Un consorcio de afines al Gobierno ultima su candidatura para la nueva TDT en abierto"},"content":{"rendered":"<p>A pocas horas de que expire el plazo para presentarse al concurso p\u00fablico de la nueva TDT en abierto, <strong>comienzan a definirse qui\u00e9nes ser\u00e1n los principales candidatos.<\/strong> Las informaciones recopiladas por <a href=\"https:\/\/theobjective.com\/\" rel=\"nofollow noopener\" target=\"_blank\">THE OBJECTIVE<\/a> en varias fuentes del sector audiovisual indican que finalmente se presentar\u00e1 a la licitaci\u00f3n un consorcio de empresarios afines al Gobierno, con lo que Moncloa conseguir\u00eda asegurarse que la televisi\u00f3n que se ponga en antena sea cercana a Pedro S\u00e1nchez.<\/p>\n<p>El consorcio \u2014que tiene de plazo para presentarse hasta este jueves 20 al mediod\u00eda\u2014 <strong>estar\u00eda constituido por algunos empresarios espa\u00f1oles<\/strong>, muchos de ellos alejados del mundo audiovisual, pero cercanos a la \u00f3rbita del <a href=\"https:\/\/theobjective.com\/etiqueta\/psoe\/\" rel=\"nofollow noopener\" target=\"_blank\">PSOE<\/a>. Dentro de ellos, en principio no estar\u00edan representados en el capital los impulsores de la cadena de TDT que intent\u00f3 lanzar en Prisa el ex director de contenidos de la compa\u00f1\u00eda, Jos\u00e9 Miguel Contreras, pero no se descarta que alg\u00fan accionista de esta compa\u00f1\u00eda, como Andr\u00e9s Varela, Diego Prieto o Adolfo Utor, est\u00e9n presentes.<\/p>\n<p>Sin embargo, el grueso de la inversi\u00f3n y el know-how industrial vendr\u00e1 de un grupo extranjero. <strong>Ser\u00eda adem\u00e1s el apoyo que exige el concurso, acreditando que detr\u00e1s de la sociedad participante hay un conglomerado audiovisual.<\/strong> En este sentido, algunas fuentes consultadas apuntan al grupo belga-holand\u00e9s DPG Media, la mayor compa\u00f1\u00eda de medios de comunicaci\u00f3n de los Pa\u00edses Bajos, con m\u00faltiples marcas nacionales y regionales en peri\u00f3dicos, radio y medios\u00a0online\u00a0y televisi\u00f3n.\u00a0Ser\u00eda la mejor opci\u00f3n, aunque otras fuentes siguen insistiendo en la marca <a href=\"https:\/\/theobjective.com\/etiqueta\/cnn\/\" rel=\"nofollow noopener\" target=\"_blank\">CNN<\/a>.<\/p>\n<p>Por otro lado, <strong>tambi\u00e9n se habla del inter\u00e9s de la portuguesa Media Capital, el primer grupo de televisi\u00f3n de este pa\u00eds<\/strong>. La compa\u00f1\u00eda fue adquirida por un grupo de inversores privados a Prisa en 2020. Y el hecho de que ya gestionen la marca CNN en el pa\u00eds luso desde 2021, hace que puedan ganar enteros. Esto encajar\u00eda con el objetivo inicial del Gobierno de tener una cadena de televisi\u00f3n centrada en actualidad con tertulias e informaci\u00f3n, en la que colocar los mensajes al estilo de lo que hace actualmente en La 1 de <a href=\"https:\/\/theobjective.com\/etiqueta\/tve\/\" rel=\"nofollow noopener\" target=\"_blank\">TVE<\/a>.<\/p>\n<p>Las fuentes consultadas tambi\u00e9n apuntan a que otro de los interesados es el grupo Squirrel, corporaci\u00f3n audiovisual que ya adquiri\u00f3 a <a href=\"https:\/\/theobjective.com\/etiqueta\/vocento\/\" rel=\"nofollow noopener\" target=\"_blank\">Vocento<\/a> sus frecuencias de televisi\u00f3n en abierto y que actualmente tiene una cadena propia en antena. Incluso hay quien indica que podr\u00edan ir en sociedad con la propia Media Capital.<\/p>\n<p>Respecto de los dos gigantes audiovisuales: Atresmedia y <a href=\"https:\/\/theobjective.com\/etiqueta\/mediaset\/\" rel=\"nofollow noopener\" target=\"_blank\">Mediaset<\/a>, <strong>hasta el cierre de este art\u00edculo no ten\u00edan decidida su postura oficial, aunque en el sector se da como seguro que la cadena italiana s\u00ed que se presentar\u00e1. <\/strong>En contra est\u00e1 el h\u00e1ndicap de tener seis y siete cadenas de televisi\u00f3n cada una y que uno de los principales objetivos con la nueva licencia es aumentar la pluralidad.<\/p>\n<p>Prisa y Telef\u00f3nica<\/p>\n<p>Por otro lado, este diario ha podido confirmar que otros grandes grupos no se presentar\u00e1n. Es el caso de <a href=\"https:\/\/theobjective.com\/etiqueta\/prisa\/\" rel=\"nofollow noopener\" target=\"_blank\">Prisa<\/a>, <strong>que lo ha descartado completamente por considerar que es un negocio que solo puede generar endeudamiento<\/strong>. Precisamente el rechazo del presidente de la compa\u00f1\u00eda, Joseph Oughourlian, al proyecto de televisi\u00f3n de Contreras fue el germen de la guerra del grupo que en los \u00faltimos meses ha enfrentado a sus principales accionistas.<\/p>\n<p>Otro de los que no se presentar\u00e1 ser\u00e1 <a href=\"https:\/\/theobjective.com\/etiqueta\/telefonica\/\" rel=\"nofollow noopener\" target=\"_blank\">Telef\u00f3nica<\/a>. En el sector se especulaba con que la compa\u00f1\u00eda de telecomunicaciones podr\u00eda pujar por la televisi\u00f3n en abierto a trav\u00e9s de Movistar+, pero la operadora nunca ha estado interesada y se descarta totalmente entrar en la puja que empieza este jueves. Una TDT <strong>ir\u00eda en contra de la disciplina financiera que ha establecido la compa\u00f1\u00eda en su nuevo plan estrat\u00e9gico.<\/strong><\/p>\n<p>Blas Herrero<\/p>\n<p><strong>El empresario Blas Herrero, due\u00f1o de Kiss Media, es otro de los que se baja del concurso.<\/strong> Seg\u00fan ha indicado a este diario, la actual situaci\u00f3n econ\u00f3mica del sector y la presi\u00f3n de los grandes grupos audiovisuales sobre un mercado publicitario a la baja, hacen imposible que salgan los n\u00fameros que permitan presentarse con unas m\u00ednimas garant\u00edas. Y ello pese a que hasta \u00faltimo minuto la opci\u00f3n estuvo sobre la mesa.<\/p>\n<p>Los requisitos para optar a la licencia son un aval bancario por valor de seis millones de euros; <strong>que las empresas participantes hayan obtenido al menos 2,5 millones de euros en ingresos relacionados con servicios audiovisuales en los tres a\u00f1os anteriores<\/strong>; en el caso de nuevas compa\u00f1\u00edas con menos de cinco a\u00f1os de antig\u00fcedad, se podr\u00eda cumplir este requisito a trav\u00e9s de alguno de sus socios con poder de decisi\u00f3n. En todo caso, si el Gobierno \u2014a trav\u00e9s del <a href=\"https:\/\/theobjective.com\/etiqueta\/ministerio-transformacion-digital\/\" rel=\"nofollow noopener\" target=\"_blank\">Ministerio de Transformaci\u00f3n Digital<\/a> de \u00d3scar L\u00f3pez\u2014 determina que no hay ofertas necesarias, no se descarta ampliar el plazo del concurso.<\/p>\n","protected":false},"excerpt":{"rendered":"A pocas horas de que expire el plazo para presentarse al concurso p\u00fablico de la nueva TDT en&hellip;\n","protected":false},"author":2,"featured_media":245769,"comment_status":"","ping_status":"","sticky":false,"template":"","format":"standard","meta":{"footnotes":""},"categories":[171],"tags":[18175,146,147,25,24,3748,303,1699,518,23,16566,214],"class_list":{"0":"post-245768","1":"post","2":"type-post","3":"status-publish","4":"format-standard","5":"has-post-thumbnail","7":"category-tv","8":"tag-cnn","9":"tag-entertainment","10":"tag-entretenimiento","11":"tag-es","12":"tag-espana","13":"tag-grupo-prisa","14":"tag-movistar","15":"tag-psoe","16":"tag-rtve","17":"tag-spain","18":"tag-televisiu00f3n-pu00fablica","19":"tag-tv"},"share_on_mastodon":{"url":"https:\/\/pubeurope.com\/@es\/115580373796975958","error":""},"_links":{"self":[{"href":"https:\/\/www.europesays.com\/es\/wp-json\/wp\/v2\/posts\/245768","targetHints":{"allow":["GET"]}}],"collection":[{"href":"https:\/\/www.europesays.com\/es\/wp-json\/wp\/v2\/posts"}],"about":[{"href":"https:\/\/www.europesays.com\/es\/wp-json\/wp\/v2\/types\/post"}],"author":[{"embeddable":true,"href":"https:\/\/www.europesays.com\/es\/wp-json\/wp\/v2\/users\/2"}],"replies":[{"embeddable":true,"href":"https:\/\/www.europesays.com\/es\/wp-json\/wp\/v2\/comments?post=245768"}],"version-history":[{"count":0,"href":"https:\/\/www.europesays.com\/es\/wp-json\/wp\/v2\/posts\/245768\/revisions"}],"wp:featuredmedia":[{"embeddable":true,"href":"https:\/\/www.europesays.com\/es\/wp-json\/wp\/v2\/media\/245769"}],"wp:attachment":[{"href":"https:\/\/www.europesays.com\/es\/wp-json\/wp\/v2\/media?parent=245768"}],"wp:term":[{"taxonomy":"category","embeddable":true,"href":"https:\/\/www.europesays.com\/es\/wp-json\/wp\/v2\/categories?post=245768"},{"taxonomy":"post_tag","embeddable":true,"href":"https:\/\/www.europesays.com\/es\/wp-json\/wp\/v2\/tags?post=245768"}],"curies":[{"name":"wp","href":"https:\/\/api.w.org\/{rel}","templated":true}]}}