{"id":245782,"date":"2025-11-20T05:36:16","date_gmt":"2025-11-20T05:36:16","guid":{"rendered":"https:\/\/www.europesays.com\/es\/245782\/"},"modified":"2025-11-20T05:36:16","modified_gmt":"2025-11-20T05:36:16","slug":"sanchez-obvia-el-juicio-contra-el-candidato-del-psoe-y-su-hermano-en-la-campana-de-extremadura","status":"publish","type":"post","link":"https:\/\/www.europesays.com\/es\/245782\/","title":{"rendered":"S\u00e1nchez obvia el juicio contra el candidato del PSOE y su hermano en la campa\u00f1a de Extremadura"},"content":{"rendered":"<p class=\"article-text\">\n        Ni una palabra de corrupci\u00f3n. Pedro S\u00e1nchez ha inaugurado la precampa\u00f1a en Extremadura justo cuando el exsecretario de Organizaci\u00f3n del PSOE <a href=\"https:\/\/www.eldiario.es\/politica\/santos-cerdan-sale-carcel-soto-real-cinco-meses-despues_1_12780119.html\" target=\"_blank\" data-mrf-recirculation=\"links-noticia\" class=\"link\" rel=\"nofollow noopener\">Santos Cerd\u00e1n sal\u00eda de la c\u00e1rcel<\/a> tras 142 d\u00edas encerrado como presunto cabecilla de una trama de cobro de mordidas a cambio de contratos p\u00fablicos, pero ha ignorado el asunto mientras destacaba el \u201cambientazo\u201d en el acto celebrado en M\u00e9rida. \u201cRecortes, mala gesti\u00f3n y mentiras\u201d, dec\u00eda el presidente en ese momento sobre el PP, pero ha eludido el &#8216;y t\u00fa m\u00e1s&#8217; por los casos de corrupci\u00f3n en el que <a href=\"https:\/\/www.eldiario.es\/politica\/sanchez-feijoo-enzarzan-congreso-mordidas-cerdan-detenciones-almeria_1_12779202.html\" target=\"_blank\" data-mrf-recirculation=\"links-noticia\" class=\"link\" rel=\"nofollow noopener\">s\u00ed ha entrado esta ma\u00f1ana en el Congreso<\/a>. Tampoco ha mencionado el procesamiento de su hermano, David S\u00e1nchez, y del candidato del PSOE, Miguel \u00c1ngel Gallardo, por su contrataci\u00f3n, a pesar de que el l\u00edder socialista est\u00e1 convencido de que forma parte de una campa\u00f1a de hostigamiento contra \u00e9l y su familia.\n    <\/p>\n<p class=\"article-text\">\n        S\u00e1nchez no usar\u00e1 la denuncia del lawfare en la campa\u00f1a extreme\u00f1a, como s\u00ed hizo en otras contiendas electorales, seg\u00fan explican fuentes socialistas. No ha habido ni una menci\u00f3n al respecto. El presidente ha centrado su discurso en contraponer el modelo de su Gobierno con el de los ejecutivos en manos del PP para reivindicar su gesti\u00f3n. Tambi\u00e9n la de los expresidentes extreme\u00f1os, Juan Carlos Ibarra y Guillermo Fern\u00e1ndez Vara, frente a la \u201cinvoluci\u00f3n e inestabilidad\u201d de Mar\u00eda Guardiola. Ese ser\u00e1 el leitmotiv de la campa\u00f1a del PSOE, que aspira a que el PP no logre la mayor\u00eda absoluta.\n    <\/p>\n<p class=\"article-text\">\n        Colocar a los de Alberto N\u00fa\u00f1ez Feij\u00f3o en manos de Vox ser\u00e1 otro de los grandes argumentos electorales de los socialistas ante una Guardiola que presume de alejarse de la ultraderecha. \u201cVox se llena la boca de reproches hacia el PP, pero bien que les apuntala y cuanto m\u00e1s negligentes, mejor\u201d, ha expresado el presidente, que se ha referido a Carlos Maz\u00f3n en la Comunitat Valenciana.\n    <\/p>\n<p class=\"article-text\">\n        \u201cNosotros hacemos mientras otros cuando gobiernan deshacen. Este es el tema, que Espa\u00f1a avanza siempre que hay un socialista al frente del Gobierno, y Extremadura avanza cuando hay un socialista al frente de la Junta. Lo hizo Ibarra, lo hizo Guillermo y lo har\u00e1s t\u00fa, Miguel \u00c1ngel\u201d, ha dicho S\u00e1nchez, que ha reivindicado su gesti\u00f3n los \u00faltimos siete a\u00f1os y ha <a href=\"https:\/\/www.eldiario.es\/economia\/espana-tendra-deficit-alemania-francia-primera-vez-ultimos-20-anos_1_12774458.html\" target=\"_blank\" data-mrf-recirculation=\"links-noticia\" class=\"link\" rel=\"nofollow noopener\">presumido de bonanza econ\u00f3mica<\/a>.\n    <\/p>\n<p class=\"article-text\">\n        \u201c\u00bfCu\u00e1l fue la primera decisi\u00f3n de Guardiola, no en una crisis financiera sino hace dos a\u00f1os en pleno crecimiento de nuestro pa\u00eds, y por tanto, de Extremadura? Fue eliminar la gratuidad universal de los comedores escolares\u201d, ha expuesto en clave auton\u00f3mica: \u201c2.100 familias afectadas es una declaraci\u00f3n de intenciones que deja claro lo que hace la derecha cuando gobierna, que es hacer negocio con los servicios p\u00fablicos\u201d. Enfrente ha colocado a su Gobierno. \u201cNo es suficiente con subir el SMI o revalorizar las pensiones conforme al IPC. Necesitamos gobiernos auton\u00f3micos que defiendan el estado de bienestar, la educaci\u00f3n, la sanidad, la dependencia, los servicios sociales, que apliquen la ley de vivienda para defender a la clase media y trabajadora\u201d, ha agregado en tono mitinero.\n    <\/p>\n<p class=\"article-text\">\n        Quien s\u00ed se ha referido al juicio que le espera tras las elecciones por la contrataci\u00f3n del hermano de S\u00e1nchez cuando era presidente de la Diputaci\u00f3n de Badajoz ha sido Gallardo, que es el primer candidato que se presenta procesado. \u201cEs verdad, querido presidente, que la derecha ha fabricado una gran mentira que nos ha hecho da\u00f1o, que a m\u00ed personalmente me ha hecho da\u00f1o\u201d, ha comenzado Gallardo sobre la \u201ccasualidad o estrategia\u201d de que un mes despu\u00e9s de ser elegido secretario general y siete a\u00f1os despu\u00e9s de la contrataci\u00f3n de David S\u00e1nchez por la Diputaci\u00f3n se presentara una querella por parte de una organizaci\u00f3n basado, ha explicado, en un art\u00edculo period\u00edstico \u201cpagado por la Junta\u201d.\n    <\/p>\n<p class=\"article-text\">\n        \u201c\u00bfQu\u00e9 quer\u00edan? Desviarnos del camino, de las convicciones, del proyecto. Quien no te gana en las urnas intenta destruirte usando los juzgados\u201d, ha se\u00f1alado Gallardo, que ha reiterado que lo ha pasado \u201cpersonalmente mal\u201d por su familia, sus hijos y \u201ctambi\u00e9n por David\u201d. \u201cVino a desarrollar su talento, a generar riqueza musical y que tuvo que marcharse por presi\u00f3n de la ultraderecha\u201d, ha dicho ante la atenta mirada y los aplausos, en alg\u00fan momento de esa alocuci\u00f3n, de S\u00e1nchez.\n    <\/p>\n<p class=\"article-text\">\n        A partir de ah\u00ed, Gallardo ha aprovechado para reivindicarse. \u201cMi hermana lleva 25 a\u00f1os en una gran superficie trabajando. En ocasiones le han dicho si se lleva mal con su hermano, que c\u00f3mo es posible que siendo alcalde 21 a\u00f1os y luego presidente de la Diputaci\u00f3n pueda estar en Carrefour. Eso que puede parecer incomprensible es lo que nos mantiene a los socialistas con los pies en el suelo\u201d, ha expresado antes de mencionar que su padre era jornalero: \u201c\u00bfSab\u00e9is de lo que est\u00e1bamos sobrados mi hermana y yo? De valores, de la honradez de personas a las que nunca se les pudiera levantar los pies del suelo\u201d.\n    <\/p>\n<p>    <a href=\"https:\/\/www.eldiario.es\/extremadura\/politica\/hermano-pedro-sanchez-recusa-magistrados-audiencia-badajoz_1_12781353.html\" data-mrf-recirculation=\"saber-mas-abajo\" data-dl-event=\"saber-mas-abajo\" rel=\"nofollow noopener\" target=\"_blank\"><\/p>\n<p class=\"know-more__title\">El hermano de Pedro S\u00e1nchez recusa a las magistrados de la Audiencia de Badajoz<\/p>\n<p>            <img decoding=\"async\" class=\"lazy\" loading=\"lazy\" data-src=\"https:\/\/static.eldiario.es\/clip\/d8ac3ed7-f0e8-4469-bfb1-477d182352b9_16-9-aspect-ratio_default_0.jpg\" src=\"data:image\/svg+xml,%3Csvg xmlns=\" http:=\"\" viewbox=\"0 0 880 495\" alt=\"El hermano de Pedro S\u00e1nchez recusa a los magistrados de la Audiencia de Badajoz\"\/><\/p>\n<p>                        <\/a><\/p>\n<p class=\"article-text\">\n        \u201cEn ocasiones he reflexionado si merec\u00eda la pena, pero siempre he llegado a la conclusi\u00f3n, cuando he hablado con Pedro, de que dirigir el PSOE no es f\u00e1cil, pero siempre merece la pena. Merece la pena por devolver la dignidad a esta tierra porque la casa del presidente est\u00e9 abierta 24 horas como va a estar a partir del 21 de diciembre\u201d, ha rematado.\n    <\/p>\n","protected":false},"excerpt":{"rendered":"Ni una palabra de corrupci\u00f3n. Pedro S\u00e1nchez ha inaugurado la precampa\u00f1a en Extremadura justo cuando el exsecretario de&hellip;\n","protected":false},"author":2,"featured_media":245783,"comment_status":"","ping_status":"","sticky":false,"template":"","format":"standard","meta":{"footnotes":""},"categories":[8],"tags":[10357,17,18,20084,14825,25,24,7234,13,14,11,37,5541,19,20,9,10,15,16,60888,977,1699,199,23,12,21,22],"class_list":{"0":"post-245782","1":"post","2":"type-post","3":"status-publish","4":"format-standard","5":"has-post-thumbnail","7":"category-espana","8":"tag-acto","9":"tag-breaking-news","10":"tag-breakingnews","11":"tag-candidato","12":"tag-electoral","13":"tag-es","14":"tag-espana","15":"tag-extremadura","16":"tag-featured-news","17":"tag-featurednews","18":"tag-headlines","19":"tag-hermano","20":"tag-juicio","21":"tag-latest-news","22":"tag-latestnews","23":"tag-news","24":"tag-noticias","25":"tag-noticias-destacadas","26":"tag-noticiasdestacadas","27":"tag-obvia","28":"tag-primer","29":"tag-psoe","30":"tag-sanchez","31":"tag-spain","32":"tag-titulares","33":"tag-ultimas-noticias","34":"tag-ultimasnoticias"},"share_on_mastodon":{"url":"https:\/\/pubeurope.com\/@es\/115580409547950049","error":""},"_links":{"self":[{"href":"https:\/\/www.europesays.com\/es\/wp-json\/wp\/v2\/posts\/245782","targetHints":{"allow":["GET"]}}],"collection":[{"href":"https:\/\/www.europesays.com\/es\/wp-json\/wp\/v2\/posts"}],"about":[{"href":"https:\/\/www.europesays.com\/es\/wp-json\/wp\/v2\/types\/post"}],"author":[{"embeddable":true,"href":"https:\/\/www.europesays.com\/es\/wp-json\/wp\/v2\/users\/2"}],"replies":[{"embeddable":true,"href":"https:\/\/www.europesays.com\/es\/wp-json\/wp\/v2\/comments?post=245782"}],"version-history":[{"count":0,"href":"https:\/\/www.europesays.com\/es\/wp-json\/wp\/v2\/posts\/245782\/revisions"}],"wp:featuredmedia":[{"embeddable":true,"href":"https:\/\/www.europesays.com\/es\/wp-json\/wp\/v2\/media\/245783"}],"wp:attachment":[{"href":"https:\/\/www.europesays.com\/es\/wp-json\/wp\/v2\/media?parent=245782"}],"wp:term":[{"taxonomy":"category","embeddable":true,"href":"https:\/\/www.europesays.com\/es\/wp-json\/wp\/v2\/categories?post=245782"},{"taxonomy":"post_tag","embeddable":true,"href":"https:\/\/www.europesays.com\/es\/wp-json\/wp\/v2\/tags?post=245782"}],"curies":[{"name":"wp","href":"https:\/\/api.w.org\/{rel}","templated":true}]}}