{"id":245785,"date":"2025-11-20T05:45:13","date_gmt":"2025-11-20T05:45:13","guid":{"rendered":"https:\/\/www.europesays.com\/es\/245785\/"},"modified":"2025-11-20T05:45:13","modified_gmt":"2025-11-20T05:45:13","slug":"el-lobe-huesca-la-magia-eliminado-de-la-copa-espana-66-88","status":"publish","type":"post","link":"https:\/\/www.europesays.com\/es\/245785\/","title":{"rendered":"El Lobe Huesca La Magia, eliminado de la Copa Espa\u00f1a (66-88)"},"content":{"rendered":"<p>            El Lobe Huesca La Magia, eliminado de la Copa Espa\u00f1a (66-88)                <\/p>\n<p>El Lobe Huesca La Magia, eliminado de la Copa Espa\u00f1a (66-88)<\/p>\n<p>baloncesto<\/p>\n<p class=\"epigraph\">Los pe\u00f1istas compitieron al Obradoiro durante la primera parte y los gallegos impusieron su superioridad tras el descanso.<\/p>\n<p class=\"paragraph\"><b>El <a href=\"https:\/\/www.heraldo.es\/tags\/instituciones_empresas\/penas_huesca.html\" title=\"Pe\u00f1as Huesca\" rel=\"nofollow noopener\" target=\"_blank\">Lobe Huesca La Magia<\/a> se despidi\u00f3 de la Copa Espa\u00f1a en una noche de sensaciones encontradas ante el Monbus Obradoiro de la Primera FEB (66-88).<\/b> La diferencia no fue tanta en el primer periodo y s\u00ed se evidenci\u00f3 en el segundo, cuando los gallegos dieron un zarpazo incurable para llevarse esta eliminatoria de los octavos de final del torneo. El paso de los de Rafa Sanz, muy meritorio, termina aqu\u00ed y la temporada regular contin\u00faa con el primer af\u00e1n de poner coto a la racha de derrotas que sigui\u00f3 con la tercera y m\u00e1s previsible de todas.<\/p>\n<p>            Conforme a los criterios de<br \/>\n            <a class=\"trustproject_img\" id=\"trustproject_img\" href=\"https:\/\/thetrustproject.org\/\" target=\"_blank\" rel=\"nofollow noopener\" aria-label=\"Trust Project\"><img decoding=\"async\" loading=\"lazy\" src=\"https:\/\/www.heraldo.es\/images\/Trust-Logo-Horizontal.svg\" alt=\"Logo Trust Project\" width=\"200\" height=\"34\"\/><\/a><\/p>\n<p>        <a href=\"https:\/\/www.henneo.com\/\" title=\"Grupo Henneo\" class=\"logo\" rel=\"nofollow noopener\" target=\"_blank\"><br \/>\n            <img decoding=\"async\" src=\"https:\/\/www.heraldo.es\/images\/logo_henneo_gris.svg\" alt=\"Logo Henneo\" width=\"559\" height=\"389\" loading=\"lazy\"\/><br \/>\n        <\/a><\/p>\n<p>\u00a9 HERALDO DE ARAGON EDITORA, S.L.U.<br \/>Tel\u00e9fono 976 765 000 \/ &#8211; P\u00ba. Independencia, 29, 50001 Zaragoza &#8211; CIF: B99288763 &#8211; Inscrita en el Registro Mercantil de Zaragoza al Tomo 3796, Libro 0, Folio 177, Secci\u00f3n 8, Hoja Z-50564<br \/>Queda prohibida toda reproducci\u00f3n sin permiso escrito de la empresa a los efectos del art\u00edculo 32.1, p\u00e1rrafo segundo, de la Ley de Propiedad Intelectual<\/p>\n<p>\n                P\u00ba Independencia, 29, 50001 Zaragoza<br \/> Tel\u00e9fono 976 765 000\n            <\/p>\n<p>                    Actualmente tu navegador no permite ejecutar JavaScript. Para poder disfrutar de nuestro contenido es necesario que lo permita.<br \/>\n                                        <img decoding=\"async\" loading=\"lazy\" alt=\"Heraldo logo\" src=\"https:\/\/dkumiip2e9ary.cloudfront.net\/xalok\/heraldo\/especiales\/hola-de-nuevo\/logo-heraldo.svg\" width=\"215\" height=\"43\"\/><\/p>\n","protected":false},"excerpt":{"rendered":"El Lobe Huesca La Magia, eliminado de la Copa Espa\u00f1a (66-88) El Lobe Huesca La Magia, eliminado de&hellip;\n","protected":false},"author":2,"featured_media":245786,"comment_status":"","ping_status":"","sticky":false,"template":"","format":"standard","meta":{"footnotes":""},"categories":[269],"tags":[299,298,5293,168,25,24,1265,10281,1045,23,167],"class_list":{"0":"post-245785","1":"post","2":"type-post","3":"status-publish","4":"format-standard","5":"has-post-thumbnail","7":"category-baloncesto","8":"tag-baloncesto","9":"tag-basketball","10":"tag-cronica","11":"tag-deportes","12":"tag-es","13":"tag-espana","14":"tag-huesca","15":"tag-obradoiro","16":"tag-partido","17":"tag-spain","18":"tag-sports"},"share_on_mastodon":{"url":"https:\/\/pubeurope.com\/@es\/115580445304394668","error":""},"_links":{"self":[{"href":"https:\/\/www.europesays.com\/es\/wp-json\/wp\/v2\/posts\/245785","targetHints":{"allow":["GET"]}}],"collection":[{"href":"https:\/\/www.europesays.com\/es\/wp-json\/wp\/v2\/posts"}],"about":[{"href":"https:\/\/www.europesays.com\/es\/wp-json\/wp\/v2\/types\/post"}],"author":[{"embeddable":true,"href":"https:\/\/www.europesays.com\/es\/wp-json\/wp\/v2\/users\/2"}],"replies":[{"embeddable":true,"href":"https:\/\/www.europesays.com\/es\/wp-json\/wp\/v2\/comments?post=245785"}],"version-history":[{"count":0,"href":"https:\/\/www.europesays.com\/es\/wp-json\/wp\/v2\/posts\/245785\/revisions"}],"wp:featuredmedia":[{"embeddable":true,"href":"https:\/\/www.europesays.com\/es\/wp-json\/wp\/v2\/media\/245786"}],"wp:attachment":[{"href":"https:\/\/www.europesays.com\/es\/wp-json\/wp\/v2\/media?parent=245785"}],"wp:term":[{"taxonomy":"category","embeddable":true,"href":"https:\/\/www.europesays.com\/es\/wp-json\/wp\/v2\/categories?post=245785"},{"taxonomy":"post_tag","embeddable":true,"href":"https:\/\/www.europesays.com\/es\/wp-json\/wp\/v2\/tags?post=245785"}],"curies":[{"name":"wp","href":"https:\/\/api.w.org\/{rel}","templated":true}]}}