{"id":245787,"date":"2025-11-20T05:46:13","date_gmt":"2025-11-20T05:46:13","guid":{"rendered":"https:\/\/www.europesays.com\/es\/245787\/"},"modified":"2025-11-20T05:46:13","modified_gmt":"2025-11-20T05:46:13","slug":"courtois-esta-en-la-cima","status":"publish","type":"post","link":"https:\/\/www.europesays.com\/es\/245787\/","title":{"rendered":"Courtois est\u00e1 en la cima"},"content":{"rendered":"<p class=\"\">El Madrid disfruta de un Courtois en su mejor estado de forma. El portero belga solo ha encajado dos goles en los \u00faltimos seis partidos del equipo de Xabi Alonso y registra ya sus mejores n\u00fameros en una temporada desde que lleg\u00f3 al club blanco hace siete a\u00f1os. <b>Tibu <\/b><b>ha parado el 77,4% de los tiros a puerta que ha recibido en lo que va de curso<\/b> y en los seis encuentros de este \u00faltimo bloque, entre par\u00f3n y par\u00f3n, ha sido casi infranqueable: <b>ha detenido 18 de los \u00faltimos 20 remates que ha recibido entre los tres palos<\/b>. Un Courtois en todo su esplendor\u2026<\/p>\n<p><a href=\"https:\/\/as.com\/resultados\/ficha\/deportista\/courtois\/19360\/\" rel=\"nofollow noopener\" target=\"_blank\"><img decoding=\"async\" src=\"https:\/\/www.europesays.com\/es\/wp-content\/uploads\/2025\/11\/19360.png\" alt=\"Courtois est\u00e1 en la cima\" height=\"80\" width=\"80\"  loading=\"lazy\" data-error-image=\"https:\/\/static.as.com\/dist\/resources\/images\/placeholder-player.png\"\/><\/a><a href=\"https:\/\/as.com\/resultados\/ficha\/equipo\/real_madrid\/1\/\" rel=\"nofollow noopener\" target=\"_blank\"><img decoding=\"async\" src=\"https:\/\/www.europesays.com\/es\/wp-content\/uploads\/2025\/11\/1763617571_940_1.png\" alt=\"Courtois est\u00e1 en la cima\" height=\"80\" width=\"80\"  loading=\"lazy\" data-error-image=\"https:\/\/static.as.com\/dist\/resources\/images\/placeholder-team.png\"\/><\/a><\/p>\n<p class=\"\">Un liderato en Liga y un top-8 en Champions cimentados en los 18 goles de Mbapp\u00e9, pero tambi\u00e9n en las paradas de Courtois. El de Bree, que <b>lo ha jugado todo, ha dejado la porter\u00eda a cero en la mitad de los partidos del Madrid (8 de 16)<\/b>. Desde el pl\u00e1cido partido contra Osasuna (los rojillos no remataron entre los tres palos) a las cuatro paradas que hizo contra la Juventus en Champions o las ocho con las que contuvo la hemorragia del equipo en Anfield. \u201cCourtois no solo es lo que hace bajo palos, que probablemente sea el mejor portero del mundo, es la personalidad que tiene y el entendimiento del juego\u201d, comentaba Xabi Alonso en la v\u00edspera del partido contra los italianos.<\/p>\n<blockquote class=\"a_q\">\n<p>No es solo lo que hace bajo palos, que probablemente sea el mejor portero del mundo, es la personalidad que tiene y el entendimiento del juego\u00bb<\/p>\n<p>Xabi Alonso, sobre Courtois, la v\u00edspera del Real Madrid-Juventus.<\/p><\/blockquote>\n<p class=\"\"><b>41 paradas de 53 tiros recibidos entre los tres palos<\/b> con los que mejora su mejor \u00edndice de acierto con el Madrid. <b>Una d\u00e9cima superior al 77,3% de la 2021-22<\/b>, el a\u00f1o de la Champions de las remontadas y, entre otras, sus dos excelsas noches en Par\u00eds ante el PSG y la final frente al Liverpool. Aunque cabe a\u00f1adir<b> un matiz: en la 2023-24, la temporada de su lesi\u00f3n, Courtois hizo un 100%<\/b> de paradas (19 de 19), pero en una muestra estad\u00edsticamente reducida: apenas le dio tiempo a jugar cinco partidos (incluida la final de Champions ante el Dortmund).<\/p>\n<p>Noticias relacionadas<a href=\"https:\/\/as.com\/futbol\/primera\/courtois-y-valverde-de-vuelta-f202511-n\/\" class=\"s_m_w _rt-16x9\" title=\"Tanto el belga como el Halc\u00f3n se quedaron en tierra por sendas molestias, pero el club confirma que llegar\u00e1n sin problemas para jugar ante el Elche.\" data-tb-link=\"\" rel=\"nofollow noopener\" target=\"_blank\"><img decoding=\"async\" src=\"https:\/\/www.europesays.com\/es\/wp-content\/uploads\/2025\/11\/1763617572_738_N4P4RT4G4ZC55GOHXZKW5VPHFY.jpg\" alt=\"Courtois y Valverde, de vuelta\" class=\"\" height=\"9\" width=\"16\"   loading=\"lazy\" data-tb-thumbnail=\"\"\/><\/a><a href=\"https:\/\/as.com\/futbol\/primera\/ancelotti-creo-que-xabi-alonso-triunfara-en-el-real-madrid-f202511-n\/\" class=\"s_m_w _rt-16x9\" title=\"El italiano, seleccionador de Brasil y entrenador con m\u00e1s t\u00edtulos de la historia del Real Madrid, atiende a AS en exclusiva para hablar de su exitoso paso por la Casa Blanca, de Vinicius, de Rodrygo, de Endrick, de Neymar, su sucesor en el Santiago Bernab\u00e9u...\" data-tb-link=\"\" rel=\"nofollow noopener\" target=\"_blank\"><img decoding=\"async\" src=\"https:\/\/www.europesays.com\/es\/wp-content\/uploads\/2025\/11\/1763617573_824_PIYSC2FH3BEXXDVQFQALZ2U4EY.jpg\" alt=\"Ancelotti: \u201cCreo que Xabi Alonso triunfar\u00e1 en el Real Madrid\u201d\" class=\"\" height=\"9\" width=\"16\"   loading=\"lazy\" data-tb-thumbnail=\"\"\/><\/a><\/p>\n<p class=\"\">Unos n\u00fameros con los que Courtois presenta su firme candidatura a conquistar su cuarto Zamora. <b>El belga ha encajado s\u00f3lo 10 goles en 12 partidos en Liga, un promedio de 0,83 tantos<\/b> por encuentro que le sit\u00faan como el mejor guardameta de los 15 que han jugado al menos 10 jornadas del campeonato. Paradas que, en partidos como los de Getafe o Vallecas, han dado puntos al Madrid para que el equipo de Xabi Alonso contemple este par\u00f3n de selecciones desde la atalaya del liderato.<\/p>\n<p class=\"\"><b>\u00a1Tus opiniones importan!<\/b> Comenta en los art\u00edculos y suscr\u00edbete gratis a nuestra <a href=\"https:\/\/asfan.as.com\/newsletters\/\" target=\"_blank\" rel=\"nofollow noopener\" title=\"https:\/\/asfan.as.com\/newsletters\/\">newsletter<\/a> y a las alertas informativas en la <a href=\"https:\/\/as.com\/aplicacion-de-as-n\/\" target=\"_blank\" rel=\"nofollow noopener\" title=\"https:\/\/as.com\/aplicacion-de-as-n\/\">App<\/a> o el canal de <a href=\"https:\/\/www.whatsapp.com\/channel\/0029VaAasdA7j6g745nz9M10\" target=\"_blank\" rel=\"nofollow noopener\" title=\"https:\/\/www.whatsapp.com\/channel\/0029VaAasdA7j6g745nz9M10\">WhatsApp<\/a>. \u00bfBuscas licenciar contenido? Haz clic <a href=\"https:\/\/profesional.elpais.com\/soluciones-sindicacion?utm_medium=interno&amp;utm_source=crosslinking&amp;utm_campaign=sindicacion_as_pie_articulos\" target=\"_blank\" rel=\"nofollow noopener\" title=\"https:\/\/profesional.elpais.com\/soluciones-sindicacion?utm_medium=interno&amp;utm_source=crosslinking&amp;utm_campaign=sindicacion_as_pie_articulos\">aqu\u00ed<\/a><\/p>\n","protected":false},"excerpt":{"rendered":"El Madrid disfruta de un Courtois en su mejor estado de forma. El portero belga solo ha encajado&hellip;\n","protected":false},"author":2,"featured_media":235554,"comment_status":"","ping_status":"","sticky":false,"template":"","format":"standard","meta":{"footnotes":""},"categories":[268],"tags":[168,25,24,280,282,281,23,167],"class_list":{"0":"post-245787","1":"post","2":"type-post","3":"status-publish","4":"format-standard","5":"has-post-thumbnail","7":"category-futbol","8":"tag-deportes","9":"tag-es","10":"tag-espana","11":"tag-football","12":"tag-futbol","13":"tag-soccer","14":"tag-spain","15":"tag-sports"},"share_on_mastodon":{"url":"https:\/\/pubeurope.com\/@es\/115580449049387413","error":""},"_links":{"self":[{"href":"https:\/\/www.europesays.com\/es\/wp-json\/wp\/v2\/posts\/245787","targetHints":{"allow":["GET"]}}],"collection":[{"href":"https:\/\/www.europesays.com\/es\/wp-json\/wp\/v2\/posts"}],"about":[{"href":"https:\/\/www.europesays.com\/es\/wp-json\/wp\/v2\/types\/post"}],"author":[{"embeddable":true,"href":"https:\/\/www.europesays.com\/es\/wp-json\/wp\/v2\/users\/2"}],"replies":[{"embeddable":true,"href":"https:\/\/www.europesays.com\/es\/wp-json\/wp\/v2\/comments?post=245787"}],"version-history":[{"count":0,"href":"https:\/\/www.europesays.com\/es\/wp-json\/wp\/v2\/posts\/245787\/revisions"}],"wp:featuredmedia":[{"embeddable":true,"href":"https:\/\/www.europesays.com\/es\/wp-json\/wp\/v2\/media\/235554"}],"wp:attachment":[{"href":"https:\/\/www.europesays.com\/es\/wp-json\/wp\/v2\/media?parent=245787"}],"wp:term":[{"taxonomy":"category","embeddable":true,"href":"https:\/\/www.europesays.com\/es\/wp-json\/wp\/v2\/categories?post=245787"},{"taxonomy":"post_tag","embeddable":true,"href":"https:\/\/www.europesays.com\/es\/wp-json\/wp\/v2\/tags?post=245787"}],"curies":[{"name":"wp","href":"https:\/\/api.w.org\/{rel}","templated":true}]}}