{"id":245788,"date":"2025-11-20T05:47:14","date_gmt":"2025-11-20T05:47:14","guid":{"rendered":"https:\/\/www.europesays.com\/es\/245788\/"},"modified":"2025-11-20T05:47:14","modified_gmt":"2025-11-20T05:47:14","slug":"salon-con-chimenea-y-piscina","status":"publish","type":"post","link":"https:\/\/www.europesays.com\/es\/245788\/","title":{"rendered":"sal\u00f3n con chimenea y piscina"},"content":{"rendered":"<p data-journey-content=\"true\" data-node-id=\"3\" class=\"css-6wxqfj emevuu60\"><strong data-node-id=\"3.0\">Marta L\u00f3pez ha hecho un &#8216;tour home&#8217; por la casa que ha puesto a la venta y por la que estar\u00eda muy interesada <a href=\"https:\/\/www.diezminutos.es\/alejandra-rubio\/\" target=\"_blank\" data-vars-ga-outbound-link=\"https:\/\/www.diezminutos.es\/alejandra-rubio\/\" data-vars-ga-ux-element=\"Hyperlink\" data-vars-ga-call-to-action=\"Alejandra Rubio\" data-node-id=\"3.0.1\" class=\"body-link css-177bzfx emevuu60\" rel=\"nofollow noopener\">Alejandra Rubio<\/a><\/strong>. \u00abEs su intimidad y yo se la tengo que respetar. Ella ha venido a ver la casa y eso no lo puedo negar. Las intenciones que las diga ella\u00bb, ha explicado la colaboradora de &#8216;El tiempo justo&#8217; sobre el inter\u00e9s de la hija de <a href=\"https:\/\/www.diezminutos.es\/terelu-campos\/\" target=\"_blank\" data-vars-ga-outbound-link=\"https:\/\/www.diezminutos.es\/terelu-campos\/\" data-vars-ga-ux-element=\"Hyperlink\" data-vars-ga-call-to-action=\"Terelu Campos\" data-node-id=\"3.2\" class=\"body-link css-177bzfx emevuu60\" rel=\"nofollow noopener\">Terelu Campos<\/a> por este lujoso chalet situado en Pozuelo de Alarc\u00f3n (Madrid), la misma localidad en la que actualmente vive Alejandra, <a href=\"https:\/\/www.diezminutos.es\/hogar-decoracion\/a66061980\/alejandra-rubio-casa-interior-fotos-precio-carlo-costanzia\/\" target=\"_blank\" data-vars-ga-outbound-link=\"https:\/\/www.diezminutos.es\/hogar-decoracion\/a66061980\/alejandra-rubio-casa-interior-fotos-precio-carlo-costanzia\/\" data-vars-ga-ux-element=\"Hyperlink\" data-vars-ga-call-to-action=\"en un piso de alquiler, junto a su pareja\" data-node-id=\"3.4\" class=\"body-link css-177bzfx emevuu60\" rel=\"nofollow noopener\">en un piso de alquiler, junto a su pareja<\/a>, Carlo Costancia, y su hijo, que cumple un a\u00f1o en diciembre.<strong data-node-id=\"3.6\"> Marta no ha querido confirmar si finalmente su compa\u00f1era de cadena comprar\u00e1 la casa<\/strong>, pero s\u00ed ha afirmado que, en caso de decirse, \u00able har\u00e9 una rebaja\u00bb.<\/p>\n<p><img draggable=\"true\" alt=\"casa de marta lopez\" title=\"Casa de Marta Lopez\" loading=\"lazy\" width=\"4800\" height=\"3200\" decoding=\"async\" data-nimg=\"1\" style=\"color:transparent;width:100%;height:auto;\"   src=\"https:\/\/www.europesays.com\/es\/wp-content\/uploads\/2025\/11\/marta-lopez-casa-691e28731e72c.jpg\" class=\"css-0 e1g79fud0\"\/><\/p>\n<p>Captura TV<\/p>\n<p data-journey-content=\"true\" data-node-id=\"7\" class=\"css-6wxqfj emevuu60\">La casa, que estar\u00eda a la venta por 1.300.000 \u20ac, est\u00e1 completamente reformada, tal y como ha contado la propia Marta, <strong data-node-id=\"7.1\">tiene 6 dormitorios y 5 ba\u00f1os.<\/strong> Aunque en un principio se negaba a ense\u00f1ar el chalet en televisi\u00f3n, finalmente, tras la petici\u00f3n de Joaqu\u00edn Prat -que se ha puesto de rodillas en pleno directo- ha accedido a mostrar algunas de las estancias. El reportero Gonzalo Ferre\u00f1o era el encargado de acompa\u00f1ar a Marta en este &#8216;tour home&#8217; en el que la colaboradora televisiva comentaba lo m\u00e1s especial de cada estancia.<strong data-node-id=\"7.3\"> Se trata de un inmueble, con sal\u00f3n con chimenea, garaje, piscina y gimnasio.<\/strong><\/p>\n<p><img draggable=\"true\" alt=\"casa de marta lopez\" title=\"Casa de Marta Lopez\" loading=\"lazy\" width=\"4800\" height=\"3200\" decoding=\"async\" data-nimg=\"1\" style=\"color:transparent;width:100%;height:auto;\"   src=\"https:\/\/www.europesays.com\/es\/wp-content\/uploads\/2025\/11\/marta-lopez-sofa-casa-691e28731461f.jpg\" class=\"css-0 e1g79fud0\"\/><\/p>\n<p>Captura TV<\/p>\n<p><img draggable=\"true\" alt=\"casa de marta lopez\" title=\"Casa de Marta Lopez\" loading=\"lazy\" width=\"4800\" height=\"3200\" decoding=\"async\" data-nimg=\"1\" style=\"color:transparent;width:100%;height:auto;\"   src=\"https:\/\/www.europesays.com\/es\/wp-content\/uploads\/2025\/11\/marta-lopez-casa-salon-691e28730fa64.jpg\" class=\"css-0 e1g79fud0\"\/><\/p>\n<p>Captura TV<\/p>\n<p>Marta L\u00f3pez ense\u00f1a los detalles de la casa que quiere comprar Alejandra Rubio<\/p>\n<p data-journey-content=\"true\" data-node-id=\"12\" class=\"css-6wxqfj emevuu60\">Lo primero que mostr\u00f3 fue la cocina totalmente reformada, con muebles y decoraci\u00f3n blanca y vitrocer\u00e1mica en isla. En la cocina Marta tambi\u00e9n tiene una enorme televisi\u00f3n en una de las paredes. <strong data-node-id=\"12.1\">Marta no hablar de Alejandra pero s\u00ed confirm\u00f3 que hab\u00eda visto \u00abtoda la casa\u00bb<\/strong>. A continuaci\u00f3n, pasaron al sal\u00f3n, donde Marta cont\u00f3 que es la estancia que m\u00e1s gusta  los compradores de la casa. \u00abEl sal\u00f3n con chimenea. Es muy c\u00f3modo\u00bb, asegur\u00f3. Cuenta con una puerta de cristal a la piscina, completamente equipada con tumbonas y cenador. \u00abMe parece fatal que no te guste mi espejo\u00bb, dec\u00eda Marta a Joaqu\u00edn Prat que minutos antes hab\u00eda criticado esta parte del sal\u00f3n. \u00abEs una antig\u00fcedad y es precioso. Tambi\u00e9n <strong data-node-id=\"12.3\">tengo una escultura que me hizo Santiago de Santiago cuando ten\u00eda 18 a\u00f1os<\/strong> y que me regal\u00f3 mi padre\u00bb.<\/p>\n<p><img draggable=\"true\" alt=\"casa de marta lopez\" title=\"Casa de Marta Lopez\" loading=\"lazy\" width=\"4800\" height=\"3200\" decoding=\"async\" data-nimg=\"1\" style=\"color:transparent;width:100%;height:auto;\"   src=\"https:\/\/www.europesays.com\/es\/wp-content\/uploads\/2025\/11\/marta-lopez-ensena-casa-691e287319914.jpg\" class=\"css-0 e1g79fud0\"\/><\/p>\n<p>Captura TV<\/p>\n<p data-journey-content=\"true\" data-node-id=\"17\" class=\"css-6wxqfj emevuu60\">En cuanto al comedor, Marta explic\u00f3 una curiosidad de la enorme mesa.<strong data-node-id=\"17.1\"> \u00abEst\u00e1 hecha de una sola pieza del centro del tronco de un \u00e1rbol\u00bb, coment\u00f3<\/strong>. No pod\u00eda faltar el famoso sof\u00e1, del que tanto se ha hablado.<\/p>\n<p><img draggable=\"true\" alt=\"casa de marta lopez\" title=\"Casa de Marta Lopez\" loading=\"lazy\" width=\"4800\" height=\"3200\" decoding=\"async\" data-nimg=\"1\" style=\"color:transparent;width:100%;height:auto;\"   src=\"https:\/\/www.europesays.com\/es\/wp-content\/uploads\/2025\/11\/marta-lopez-mesa-cocina-691e287319d5f.jpg\" class=\"css-0 e1g79fud0\"\/><\/p>\n<p>Captura TV<\/p>\n<p data-journey-content=\"true\" data-node-id=\"20\" class=\"css-6wxqfj emevuu60\">Para terminar, Marta ense\u00f1\u00f3 \u00abuna cosa que s\u00e9 que os va a gustar y que cuando viene la gente gusta mucho\u00bb: un gimnasio completamente equipado.<strong data-node-id=\"20.1\"><br data-node-id=\"20.1.0\"\/><\/strong><\/p>\n<p><img src=\"https:\/\/www.europesays.com\/es\/wp-content\/uploads\/2025\/11\/1763617634_616_edf7d479-6cd4-48bc-8600-bcfd6ef75c9d_1734435678.jpg\" alt=\"Headshot of Magdalena Pi\u00f1ero\" title=\"Headshot of Magdalena Pi\u00f1ero\" width=\"100%\" height=\"100%\" decoding=\"async\" loading=\"lazy\" class=\"css-o0wq4v ev8dhu53\"\/><\/p>\n<p>Magdalena Pi\u00f1ero es periodista experta en coraz\u00f3n, celebridades y sociedad. Licenciada en Periodismo por la Universidad de Sevilla, se mud\u00f3 a Madrid para cursar el M\u00e1ster de Periodismo de la Agencia EFE. Hizo pr\u00e1cticas en la secci\u00f3n de Tribunales y en la de Sociedad y Televisi\u00f3n. En ambas disfrut\u00f3 mucho, pero fue en la segunda en la que descubri\u00f3 que cubrir el estreno de la serie de televisi\u00f3n del momento y entrevistar a sus protagonistas le apasionaba mucho m\u00e1s de lo que jam\u00e1s hubiera imaginado. Sonr\u00ede al recordar sus primeras ruedas de prensa, entre ellas &#8216;El programa de Ana Rosa&#8217;.<br \/>\nLleva m\u00e1s de una d\u00e9cada trabajando en la web de Diezminutos.es, pero es una nost\u00e1lgica y recuerda con cari\u00f1o su etapa en el formato de papel de la revista, en la que estuvo colaborando. Un tiempo en el que ha visto y trabajado en las noticias m\u00e1s destacadas del panorama nacional como la boda de Pilar Rubio y Sergio Ramos; el divorcio de Paula Echavarr\u00eda y David Bustamante; y acontecimientos hist\u00f3ricos como la coronaci\u00f3n de Felipe VI como rey de Espa\u00f1a.<br \/>\nAdem\u00e1s del coraz\u00f3n, le encanta la moda y la belleza. De ah\u00ed que ponga el mismo entusiasmo escribiendo sobre los looks de la Reina Letizia que sobre la crema favorita de Isasaweis. Tiene ojo cl\u00ednico para detectar si dos famosas han llevado el mismo vestido y hacer un tema sobre cu\u00e1l de ellas lo lleva mejor.<br \/>\nEn sus ratos libres, adem\u00e1s de seguir form\u00e1ndose en las \u00faltimas novedades digitales para aplicarlas en su trabajo, le encanta ver realities como &#8216;Supervivientes&#8217; y &#8216;Soy Georgina&#8217; (comparte con Georgina Rodr\u00edguez su amor por los ib\u00e9ricos), programas de coraz\u00f3n y todo lo que se emita en la parrilla televisiva de lo que pueda sacar un buen salseo. \u00bfLa excusa que pone siempre para verlos sin que la molesten? : \u00abLo hago por trabajo\u00bb.<\/p>\n","protected":false},"excerpt":{"rendered":"Marta L\u00f3pez ha hecho un &#8216;tour home&#8217; por la casa que ha puesto a la venta y por&hellip;\n","protected":false},"author":2,"featured_media":245789,"comment_status":"","ping_status":"","sticky":false,"template":"","format":"standard","meta":{"footnotes":""},"categories":[174],"tags":[255,253,146,147,25,24,256,23],"class_list":{"0":"post-245788","1":"post","2":"type-post","3":"status-publish","4":"format-standard","5":"has-post-thumbnail","7":"category-famosos","8":"tag-celebrities","9":"tag-discover","10":"tag-entertainment","11":"tag-entretenimiento","12":"tag-es","13":"tag-espana","14":"tag-famosos","15":"tag-spain"},"share_on_mastodon":{"url":"https:\/\/pubeurope.com\/@es\/115580453218097308","error":""},"_links":{"self":[{"href":"https:\/\/www.europesays.com\/es\/wp-json\/wp\/v2\/posts\/245788","targetHints":{"allow":["GET"]}}],"collection":[{"href":"https:\/\/www.europesays.com\/es\/wp-json\/wp\/v2\/posts"}],"about":[{"href":"https:\/\/www.europesays.com\/es\/wp-json\/wp\/v2\/types\/post"}],"author":[{"embeddable":true,"href":"https:\/\/www.europesays.com\/es\/wp-json\/wp\/v2\/users\/2"}],"replies":[{"embeddable":true,"href":"https:\/\/www.europesays.com\/es\/wp-json\/wp\/v2\/comments?post=245788"}],"version-history":[{"count":0,"href":"https:\/\/www.europesays.com\/es\/wp-json\/wp\/v2\/posts\/245788\/revisions"}],"wp:featuredmedia":[{"embeddable":true,"href":"https:\/\/www.europesays.com\/es\/wp-json\/wp\/v2\/media\/245789"}],"wp:attachment":[{"href":"https:\/\/www.europesays.com\/es\/wp-json\/wp\/v2\/media?parent=245788"}],"wp:term":[{"taxonomy":"category","embeddable":true,"href":"https:\/\/www.europesays.com\/es\/wp-json\/wp\/v2\/categories?post=245788"},{"taxonomy":"post_tag","embeddable":true,"href":"https:\/\/www.europesays.com\/es\/wp-json\/wp\/v2\/tags?post=245788"}],"curies":[{"name":"wp","href":"https:\/\/api.w.org\/{rel}","templated":true}]}}