{"id":245794,"date":"2025-11-20T05:51:16","date_gmt":"2025-11-20T05:51:16","guid":{"rendered":"https:\/\/www.europesays.com\/es\/245794\/"},"modified":"2025-11-20T05:51:16","modified_gmt":"2025-11-20T05:51:16","slug":"bloodbound-estrenan-lyric-video-para-el-tema-titulo-de-su-nuevo-album-field-of-swords","status":"publish","type":"post","link":"https:\/\/www.europesays.com\/es\/245794\/","title":{"rendered":"BLOODBOUND estrenan lyric v\u00eddeo para el tema t\u00edtulo de su nuevo \u00e1lbum \u201cField Of Swords\u201d."},"content":{"rendered":"<p>\u00a0<\/p>\n<p>\u00a0<\/p>\n<p><strong>BLOODBOUND estrenan lyric v\u00eddeo para el tema t\u00edtulo de su nuevo \u00e1lbum \u201cField Of Swords\u201d.<\/strong><br \/>\n<img fetchpriority=\"high\" decoding=\"async\" src=\"https:\/\/www.europesays.com\/es\/wp-content\/uploads\/2025\/11\/videolyric_field.jpg\" alt=\"BLOODBOUND estrenan lyric v\u00eddeo para el tema t\u00edtulo de su nuevo \u00e1lbum \u201cField Of Swords\u201d.\" width=\"500\" height=\"267\"\/><\/p>\n<p><a href=\"https:\/\/www.facebook.com\/bloodboundmetal\" target=\"_blank\" rel=\"noopener nofollow\"><strong>BLOODBOUND<\/strong><\/a> han estrenado un nuevo lyric v\u00eddeo para el tema que da t\u00edtulo a su pr\u00f3ximo disco \u201cField Of Swords\u201d.<\/p>\n<p>Comenta Fredrik Bergh sobre \u201cField Of Swords\u201d: \u201cEl tema que abre el disco y tambi\u00e9n el que le da t\u00edtulo. Una gran canci\u00f3n r\u00e1pida y en\u00e9rgica con melod\u00edas matadoras. Una forma perfecta de empezar el disco n\u00famero 11 de BLOODBOUND.\u201d<\/p>\n<p>A\u00f1ade Tomas Olsson: \u201c\u201cField Of Swords\u201d trata de la evoluci\u00f3n de la guerra y del significado de forjar el hierro con el carb\u00f3n que llev\u00f3 a espadachines superiores.\u201d<\/p>\n<p><a href=\"https:\/\/www.facebook.com\/bloodboundmetal\" target=\"_blank\" rel=\"noopener nofollow\"><strong>BLOODBOUND<\/strong><\/a> sacar\u00e1n el 21 de noviembre a trav\u00e9s de Napalm Records ese nuevo disco titulado \u201cField Of Swords\u201d.<\/p>\n<p>Todos los detalles en esta <a href=\"https:\/\/www.rafabasa.com\/2025\/09\/10\/bloodbound-anuncian-su-nuevo-disco-titulado-field-of-swords\/\" rel=\"nofollow noopener\" target=\"_blank\">noticia<\/a> y su single anterior en <a href=\"https:\/\/www.rafabasa.com\/2025\/10\/15\/bloodbound-estrena-un-video-para-el-tema-as-empires-fall\/\" rel=\"nofollow noopener\" target=\"_blank\">esta<\/a>.<\/p>\n<p>Su \u00faltimo directo titulado \u201cThe Tales of Nosferatu \u2013 Two Decades of Blood (2004 \u2013 2024)\u201d sali\u00f3 el 19 de abril de 2024 .<\/p>\n<p>M\u00e1s detalles en esta <a href=\"https:\/\/www.rafabasa.com\/2024\/02\/18\/biohazard-bloodbound-withering-scorn\/#BLOODBOUND\" target=\"_blank\" rel=\"noopener nofollow\">noticia<\/a>.<\/p>\n<p>\u00a0<\/p>\n<p>\u00a0<\/p>\n","protected":false},"excerpt":{"rendered":"\u00a0 \u00a0 BLOODBOUND estrenan lyric v\u00eddeo para el tema t\u00edtulo de su nuevo \u00e1lbum \u201cField Of Swords\u201d. BLOODBOUND&hellip;\n","protected":false},"author":2,"featured_media":245795,"comment_status":"","ping_status":"","sticky":false,"template":"","format":"standard","meta":{"footnotes":""},"categories":[170],"tags":[36892,146,147,25,24,184,185,23],"class_list":{"0":"post-245794","1":"post","2":"type-post","3":"status-publish","4":"format-standard","5":"has-post-thumbnail","7":"category-musica","8":"tag-bloodbound","9":"tag-entertainment","10":"tag-entretenimiento","11":"tag-es","12":"tag-espana","13":"tag-music","14":"tag-musica","15":"tag-spain"},"share_on_mastodon":{"url":"https:\/\/pubeurope.com\/@es\/115580468517948421","error":""},"_links":{"self":[{"href":"https:\/\/www.europesays.com\/es\/wp-json\/wp\/v2\/posts\/245794","targetHints":{"allow":["GET"]}}],"collection":[{"href":"https:\/\/www.europesays.com\/es\/wp-json\/wp\/v2\/posts"}],"about":[{"href":"https:\/\/www.europesays.com\/es\/wp-json\/wp\/v2\/types\/post"}],"author":[{"embeddable":true,"href":"https:\/\/www.europesays.com\/es\/wp-json\/wp\/v2\/users\/2"}],"replies":[{"embeddable":true,"href":"https:\/\/www.europesays.com\/es\/wp-json\/wp\/v2\/comments?post=245794"}],"version-history":[{"count":0,"href":"https:\/\/www.europesays.com\/es\/wp-json\/wp\/v2\/posts\/245794\/revisions"}],"wp:featuredmedia":[{"embeddable":true,"href":"https:\/\/www.europesays.com\/es\/wp-json\/wp\/v2\/media\/245795"}],"wp:attachment":[{"href":"https:\/\/www.europesays.com\/es\/wp-json\/wp\/v2\/media?parent=245794"}],"wp:term":[{"taxonomy":"category","embeddable":true,"href":"https:\/\/www.europesays.com\/es\/wp-json\/wp\/v2\/categories?post=245794"},{"taxonomy":"post_tag","embeddable":true,"href":"https:\/\/www.europesays.com\/es\/wp-json\/wp\/v2\/tags?post=245794"}],"curies":[{"name":"wp","href":"https:\/\/api.w.org\/{rel}","templated":true}]}}