{"id":245807,"date":"2025-11-20T06:00:46","date_gmt":"2025-11-20T06:00:46","guid":{"rendered":"https:\/\/www.europesays.com\/es\/245807\/"},"modified":"2025-11-20T06:00:46","modified_gmt":"2025-11-20T06:00:46","slug":"dentro-de-las-tripas-de-la-presunta-organizacion-criminal-de-cerdan-koldo-y-abalos","status":"publish","type":"post","link":"https:\/\/www.europesays.com\/es\/245807\/","title":{"rendered":"Dentro de las tripas de la presunta organizaci\u00f3n criminal de Cerd\u00e1n Koldo y \u00c1balos"},"content":{"rendered":"<p class=\"ft-text ft-helper-closenews\">El\u00a0test del pato (Si parece un pato, nada como un pato, y grazna como un pato, entonces probablemente sea un pato) no es el adecuado para escribir\u00a0<strong>qu\u00e9 es Santos Cerd\u00e1n en la presunta organizaci\u00f3n criminal<\/strong>\u00a0-uno de los delitos, 515 del C\u00f3digo Penal, de los que se acusa a<strong> Koldo Garc\u00eda, Jos\u00e9 Luis \u00c1balos<\/strong> y Cerd\u00e1n- porque el informe de la Unidad Central Operativa de la Guardia Civil (<strong>UCO<\/strong>) desciende desde las apariencias a las profundidades, a la misma acci\u00f3n.\u00a0<\/p>\n<p class=\"ft-text\">La de Cerd\u00e1n-Koldo-\u00c1balos es una pel\u00edcula realista y es dif\u00edcil que pueda titularse como el cl\u00e1sico de Alfred Hitchcock Falso culpable (The wrongman1956).\u00a0<\/p>\n<p class=\"ft-text\">Si Manny, el m\u00fasico del film que interpreta Henry Fonda, es confundido por los testigos de una oficina, aqu\u00ed est\u00e1n presentadas las huellas: correos electr\u00f3nicos, audios, fotograf\u00edas, contratos de alquiler, transferencias bancarias, tarjeta de cr\u00e9dito de Servinabar, pagos a El Corte Ingl\u00e9s, contactos con el extranjero (Marruecos y Gab\u00f3n).<\/p>\n<p class=\"ft-text\">La <strong>UCO elevar\u00e1 en pocos d\u00edas el informe patrimonial de Santos Cerd\u00e1n<\/strong> que solicit\u00f3 el juez Leopoldo Puente tras enviarle a prisi\u00f3n, bas\u00e1ndose en los indicios del informe del 5 de junio de 2025, pero en este documento de 11 de noviembre sobre la relaci\u00f3n entre las empresas Acciona y Servinabar no hay literatura, ya hay un anticipo valioso sobre Cerd\u00e1n.<\/p>\n<p class=\"ft-text\">Si uno, como es mi caso, consideraba hasta ahora que Cerd\u00e1n era objeto de un <strong>montaje<\/strong> &#8211;<strong>fue el \u00fanico enviado a prisi\u00f3n<\/strong>&#8211; ya que al dictar su entrada en la c\u00e1rcel el juez Puente no orden\u00f3, al tiempo, a finales de junio pasado, una entrada y registro en las sedes de Acciona, principal beneficiario de las presuntas adjudicaciones que se investigan -lo ha hecho la semana pasada con un retraso de seis meses-, ahora con esta <strong>novela de no ficci\u00f3n<\/strong> -absolutamente apoyada en indicios- <strong>la UCO demuestra que no era as\u00ed<\/strong>. Hay que dar al C\u00e9sar lo que es del\u00a0C\u00e9sar.\u00a0<\/p>\n<p class=\"ft-text\">El juez Puente mantiene, como es normal en estas investigaciones, un contacto casi diario con los agentes de la polic\u00eda judicial que representa en este caso la UCO. Por ello, cuando anunci\u00f3 a primeros de octubre pasado, ante la solicitud de libertad de la defensa de Cerd\u00e1n, que el exsecretario de Organizaci\u00f3n del PSOE no necesariamente agotar\u00eda el periodo de seis meses -es el m\u00e1ximo que permite la ley cuando se invoca el riesgo de destrucci\u00f3n de pruebas- en la c\u00e1rcel, ya sab\u00eda que la UCO estaba anudando todos los cabos que ahora, tras conocerse, atan a Cerd\u00e1n.\u00a0<\/p>\n<p class=\"ft-text\">Adelant\u00f3 Puente, tambi\u00e9n, que no necesariamente estaba esperando el informe patrimonial sobre Cerd\u00e1n que hab\u00eda solicitado a la UCO para soltar al exsecretario de Organizaci\u00f3n del PSOE.<\/p>\n<p class=\"ft-text\">Porque conoc\u00eda el anticipo de este informe del 11 de noviembre de 2025 sobre Acciona\/Servinabar y su relaci\u00f3n puntual\u00edsima con Cerd\u00e1n.<\/p>\n<p class=\"ft-text\">Y es por ello, que el juez ha hecho coincidir su auto de puesta en libertad con el informe del 11 de noviembre.<\/p>\n<p class=\"ft-text\">Mucha gente se pregunta, con buenas intenciones, por qu\u00e9 con los nuevos datos aportados va el instructor y <strong>le deja en libertad<\/strong>. La respuesta es que Cerd\u00e1n no fue enviado a prisi\u00f3n preventiva como resultado de una condena por as\u00ed decir anticipada, sino por el riesgo de destruir pruebas (art\u00edculo 503.2 Ley de Enjuiciamiento Criminal).<\/p>\n<p class=\"ft-text\">Si esas pruebas o indicios se han podido hallar, no hay raz\u00f3n para que <a class=\"ft-link ft-link--decoration\" href=\"https:\/\/www.elperiodico.com\/es\/politica\/20251119\/juez-libertad-santos-cerdan-123886217\" target=\"_blank\" rel=\"nofollow noopener\">Cerd\u00e1n, a diferencia de Koldo y \u00c1balos, siga en Soto del Real<\/a>.<\/p>\n<p class=\"ft-text\">\u201cPor lo que respecta al riesgo [de destrucci\u00f3n de pruebas], muy intenso al tiempo de ser adoptada la medida cautelar [30 de junio de 2025]\u00a0\u00a0que ahora se reforma, de que el investigado pudiera ocultar, alterar o destruir fuentes de prueba relevantes, aparece ya, como consecuencia de la investigacio\u0301n practicada hasta este momento, seriamente mitigado, habie\u0301ndose logrado obtener informaciones que, muy probablemente, hubieran resultado ocluidas o de muy difi\u0301cil acceso, &#8211;ante posibles intentos de ocultacio\u0301n, alteracio\u0301n o destruccio\u0301n de sus fuentes&#8211;, y con las que ya se cuenta\u201d.\u00a0<\/p>\n<p class=\"ft-text\">El juez sustituye esa medida de prisi\u00f3n con la retirada de su pasaporte, la prohibici\u00f3n de salir de Espa\u00f1a y su comparecencia de dos veces al mes ante la justicia.<\/p>\n<p class=\"ft-text\">Es una iron\u00eda: los indicios -sobre todo audios y mensajes- que condujeron a <strong>Cerd\u00e1n a prisi\u00f3n son ahora \u201crobustecidos\u201d<\/strong>, seg\u00fan la palabra usada por el juez, y le han sacado de la c\u00e1rcel.<\/p>\n<p class=\"ft-text\">Al prestar declaraci\u00f3n solo ante su letrado, <strong>Benet Salellas<\/strong>, el ex secretario de Organizaci\u00f3n del PSOE se envolvi\u00f3 en la bander\u00eda pol\u00edtica. Su imputaci\u00f3n, dijo, \u00abtiene mucho que ver con ser el arquitecto de conseguir los gobiernos progresistas en Espa\u00f1a\u00bb en referencia a la moci\u00f3n de censura que en 2018 acab\u00f3 con el Gobierno del PP. Precis\u00f3 que para ello se apoy\u00f3 en el empresario navarro\u00a0Antxon Alonso, y que utiliz\u00f3 los buenos contactos del empresario con el\u00a0PNV y con\u00a0Bildu.<\/p>\n<p class=\"ft-text\">El 23 de mayo de 2017, <strong>dos d\u00edas despu\u00e9s de la victoria de S\u00e1nchez en las primarias<\/strong> del PSOE, Cerd\u00e1n ya preparaba, con Acciona, uno de los contratos a adjudicar -2,8 millones de euros- en una cena en el restaurante madrile\u00f1o\u00a0La Paloma, en la que participaron Antxon Alonso, socio de Servinabar, y el entonces directivo de Acciona <strong>Justo Vicente Pelegrini<\/strong>. Sab\u00eda que iba a ser coordinador territorial del PSOE, cargo para el que fue nombrado el 18 de junio de 2017. Por tanto, en esa cena del 23 de mayo, Cerd\u00e1n acud\u00eda como titular del 45% de Servinabar a trav\u00e9s del contrato de 2016 (no elevado a escritura publica) y como potencial responsable de coordinaci\u00f3n territorial del PSOE. Por tanto, representaba un doble papel: pol\u00edtico y empresarial, como futuro facilitador y beneficiario.<\/p>\n<p class=\"ft-text\">Seg\u00fan explic\u00f3, en relaci\u00f3n con su participaci\u00f3n en el capital de Servinabar, rompi\u00f3 el contrato tras firmarlo, despu\u00e9s de haberlo consultado con su mujer. Ha a\u00f1adido que dio el paso al considerar que iba a abandonar la pol\u00edtica, pero que finalmente su esposa le disuadi\u00f3. Ahora sabemos que su esposa trabajaba para una de las cooperativas vinculadas a Servinabar en 2018 y que disfrutaba -junto con Cerd\u00e1n- de una tarjeta de cr\u00e9dito que le proporcion\u00f3 dicha empresa (gastos pagados entre 2016-2024).\u00a0<\/p>\n<p class=\"ft-text\">La defensa de Cerd\u00e1n se defiende hora con dos argumentos:\u00a01) que el informe registra pagos de Acciona a Servinabar (m\u00e1s de 6,7 millones de euros), pero no de Servinabar a Santos Cerd\u00e1n por su participaci\u00f3n del 45% en dicha empresa y 2) que no se ha probado que las obras adjudicadas han sido producto de un ama\u00f1o.<\/p>\n<p class=\"ft-text\">Ninguna de las dos objeciones desdibuja el cuadro que surge sobre las acciones de Cerd\u00e1n.<\/p>\n<p data-close=\"closedContent\" class=\"subscribeHideForDisplay\">Suscr\u00edbete para seguir leyendo<\/p>\n","protected":false},"excerpt":{"rendered":"El\u00a0test del pato (Si parece un pato, nada como un pato, y grazna como un pato, entonces probablemente&hellip;\n","protected":false},"author":2,"featured_media":245808,"comment_status":"","ping_status":"","sticky":false,"template":"","format":"standard","meta":{"footnotes":""},"categories":[5],"tags":[17,18,4334,9594,767,24645,25,24,13,14,582,11,5611,19,20,9,10,15,16,14035,28446,1699,8411,23,12,4874,62802,21,22],"class_list":{"0":"post-245807","1":"post","2":"type-post","3":"status-publish","4":"format-standard","5":"has-post-thumbnail","7":"category-titulares","8":"tag-breaking-news","9":"tag-breakingnews","10":"tag-caso-koldo","11":"tag-cerdan","12":"tag-corrupcion","13":"tag-criminal","14":"tag-es","15":"tag-espana","16":"tag-featured-news","17":"tag-featurednews","18":"tag-gobierno","19":"tag-headlines","20":"tag-koldo-garcia","21":"tag-latest-news","22":"tag-latestnews","23":"tag-news","24":"tag-noticias","25":"tag-noticias-destacadas","26":"tag-noticiasdestacadas","27":"tag-organizacion","28":"tag-presunta","29":"tag-psoe","30":"tag-santos-cerdan","31":"tag-spain","32":"tag-titulares","33":"tag-tribunal-supremo","34":"tag-tripas","35":"tag-ultimas-noticias","36":"tag-ultimasnoticias"},"share_on_mastodon":{"url":"https:\/\/pubeurope.com\/@es\/115580503549433423","error":""},"_links":{"self":[{"href":"https:\/\/www.europesays.com\/es\/wp-json\/wp\/v2\/posts\/245807","targetHints":{"allow":["GET"]}}],"collection":[{"href":"https:\/\/www.europesays.com\/es\/wp-json\/wp\/v2\/posts"}],"about":[{"href":"https:\/\/www.europesays.com\/es\/wp-json\/wp\/v2\/types\/post"}],"author":[{"embeddable":true,"href":"https:\/\/www.europesays.com\/es\/wp-json\/wp\/v2\/users\/2"}],"replies":[{"embeddable":true,"href":"https:\/\/www.europesays.com\/es\/wp-json\/wp\/v2\/comments?post=245807"}],"version-history":[{"count":0,"href":"https:\/\/www.europesays.com\/es\/wp-json\/wp\/v2\/posts\/245807\/revisions"}],"wp:featuredmedia":[{"embeddable":true,"href":"https:\/\/www.europesays.com\/es\/wp-json\/wp\/v2\/media\/245808"}],"wp:attachment":[{"href":"https:\/\/www.europesays.com\/es\/wp-json\/wp\/v2\/media?parent=245807"}],"wp:term":[{"taxonomy":"category","embeddable":true,"href":"https:\/\/www.europesays.com\/es\/wp-json\/wp\/v2\/categories?post=245807"},{"taxonomy":"post_tag","embeddable":true,"href":"https:\/\/www.europesays.com\/es\/wp-json\/wp\/v2\/tags?post=245807"}],"curies":[{"name":"wp","href":"https:\/\/api.w.org\/{rel}","templated":true}]}}