{"id":245811,"date":"2025-11-20T06:10:09","date_gmt":"2025-11-20T06:10:09","guid":{"rendered":"https:\/\/www.europesays.com\/es\/245811\/"},"modified":"2025-11-20T06:10:09","modified_gmt":"2025-11-20T06:10:09","slug":"por-falta-de-medios-no-es","status":"publish","type":"post","link":"https:\/\/www.europesays.com\/es\/245811\/","title":{"rendered":"\u00abPor falta de medios no es\u00bb"},"content":{"rendered":"<p style=\"\"><strong>Tanguy Nianzou<\/strong> sigue dando dolores de cabeza al <strong>Sevilla FC.<\/strong> El zaguero galo est\u00e1 recuper\u00e1ndose de <strong>su und\u00e9cima lesi\u00f3n<\/strong> desde que es jugador sevillista, lo que ha ocasionado m\u00faltiples problemas en la confecci\u00f3n de la defensa nervionense desde que recalara en el  &#8230; club en el verano de 2022.<\/p>\n<p class=\"voc-p\" style=\"\">Desde el club aseguran que est\u00e1n haciendo todo lo posible para detectar el origen de todas las lesiones del futbolista franc\u00e9s. \u00abEs un tema que, si tuviera un tema espec\u00edfico, estar\u00eda trat\u00e1ndose. <strong>El Sevilla le pone a disposici\u00f3n todo para que viaje a los mejores sitios para intentar solucionar su tema, por falta de medios no es<\/strong>\u00bb, reconoci\u00f3 este mi\u00e9rcoles <strong>Antonio Cord\u00f3n<\/strong>, director de f\u00fatbol profesional del Sevilla, en una entrevista concedida al programa Libre y Directo de Radio Sevilla.<\/p>\n<p class=\"voc-p\" style=\"\">De hecho, es tal el grado de preocupaci\u00f3n del conjunto sevillista que se han puesto en contacto con expertos externos al club.  \u00abSe piden opiniones por fuera y <strong>ha ido a los mejores profesionales del mundo porque es un activo de los m\u00e1s importantes del club que nos gustar\u00eda tenerlo siempre<\/strong>\u00bb, manifest\u00f3 el directo deportivo extreme\u00f1o.<\/p>\n<p class=\"voc-p\" style=\"\">Ante el inminente regreso de LaLiga tras el par\u00f3n de selecciones de noviembre, Mat\u00edas Almeyda tendr\u00e1 de nuevo que hacer un esfuerzo para componer su defensa ya que Nianzou no podr\u00e1 jugar ante el Espanyol, Jos\u00e9 \u00c1ngel Carmona se perder\u00e1 igualmente el partido por sanci\u00f3n y Marcao, Azpilicueta y Cardoso pueden tambi\u00e9n ser baja al estar recuper\u00e1ndose a contrarreloj de sus lesiones. <\/p>\n","protected":false},"excerpt":{"rendered":"Tanguy Nianzou sigue dando dolores de cabeza al Sevilla FC. El zaguero galo est\u00e1 recuper\u00e1ndose de su und\u00e9cima&hellip;\n","protected":false},"author":2,"featured_media":245812,"comment_status":"","ping_status":"","sticky":false,"template":"","format":"standard","meta":{"footnotes":""},"categories":[268],"tags":[168,25,24,2723,280,282,26672,1171,281,23,167,29377],"class_list":{"0":"post-245811","1":"post","2":"type-post","3":"status-publish","4":"format-standard","5":"has-post-thumbnail","7":"category-futbol","8":"tag-deportes","9":"tag-es","10":"tag-espana","11":"tag-fisico","12":"tag-football","13":"tag-futbol","14":"tag-nianzou","15":"tag-sevilla","16":"tag-soccer","17":"tag-spain","18":"tag-sports","19":"tag-vuelca"},"share_on_mastodon":{"url":"https:\/\/pubeurope.com\/@es\/115580542989911505","error":""},"_links":{"self":[{"href":"https:\/\/www.europesays.com\/es\/wp-json\/wp\/v2\/posts\/245811","targetHints":{"allow":["GET"]}}],"collection":[{"href":"https:\/\/www.europesays.com\/es\/wp-json\/wp\/v2\/posts"}],"about":[{"href":"https:\/\/www.europesays.com\/es\/wp-json\/wp\/v2\/types\/post"}],"author":[{"embeddable":true,"href":"https:\/\/www.europesays.com\/es\/wp-json\/wp\/v2\/users\/2"}],"replies":[{"embeddable":true,"href":"https:\/\/www.europesays.com\/es\/wp-json\/wp\/v2\/comments?post=245811"}],"version-history":[{"count":0,"href":"https:\/\/www.europesays.com\/es\/wp-json\/wp\/v2\/posts\/245811\/revisions"}],"wp:featuredmedia":[{"embeddable":true,"href":"https:\/\/www.europesays.com\/es\/wp-json\/wp\/v2\/media\/245812"}],"wp:attachment":[{"href":"https:\/\/www.europesays.com\/es\/wp-json\/wp\/v2\/media?parent=245811"}],"wp:term":[{"taxonomy":"category","embeddable":true,"href":"https:\/\/www.europesays.com\/es\/wp-json\/wp\/v2\/categories?post=245811"},{"taxonomy":"post_tag","embeddable":true,"href":"https:\/\/www.europesays.com\/es\/wp-json\/wp\/v2\/tags?post=245811"}],"curies":[{"name":"wp","href":"https:\/\/api.w.org\/{rel}","templated":true}]}}