{"id":245814,"date":"2025-11-20T06:11:11","date_gmt":"2025-11-20T06:11:11","guid":{"rendered":"https:\/\/www.europesays.com\/es\/245814\/"},"modified":"2025-11-20T06:11:11","modified_gmt":"2025-11-20T06:11:11","slug":"vestido-de-terciopelo-verde-y-pendientes-historicos-de-diamantes","status":"publish","type":"post","link":"https:\/\/www.europesays.com\/es\/245814\/","title":{"rendered":"vestido de terciopelo verde y pendientes hist\u00f3ricos de diamantes"},"content":{"rendered":"\n<p> Noche de gala en Londres. Como cada a\u00f1o, los pr\u00edncipes de Gales asistieron a <strong>uno de los eventos m\u00e1s destacados de su agenda cultural: la Royal Variety Performance.<\/strong> Este programa familiar de televisi\u00f3n combina comedia, danza, m\u00fasica, magia y otras disciplinas art\u00edsticas, y se celebra cada a\u00f1o en distintas localidades del Reino Unido. En esta ocasi\u00f3n, tuvo lugar en el Royal Albert Hall. Su prop\u00f3sito es recaudar fondos para los miembros m\u00e1s necesitados de la industria del entretenimiento a trav\u00e9s de la Royal Variety Charity, organizaci\u00f3n que cuenta con el patrocinio de la Casa Real brit\u00e1nica, <a href=\"https:\/\/www.vanitatis.elconfidencial.com\/casas-reales\/2023-11-23\/kate-middleton-cumbre-royal-victoria-suecia-royal-variety_3780079\/\" target=\"_self\" rel=\"nofollow noopener\">por lo que en cada edici\u00f3n siempre hay un miembro de los Windsor como invitado de honor.<\/a> <\/p>\n<p> Una noche especialmente significativa para Kate, quien no pudo asistir el a\u00f1o pasado <a href=\"https:\/\/www.vanitatis.elconfidencial.com\/casas-reales\/2025-01-18\/kate-middleton-cancer-remision-explicacion-expertos-medicos_4044541\/\" target=\"_self\" rel=\"nofollow noopener\">debido a que se encontraba en pleno proceso de rehabilitaci\u00f3n<\/a> tras la detecci\u00f3n de un tumor cancer\u00edgeno, tal como ella misma revel\u00f3 en marzo de ese mismo a\u00f1o, sin ofrecer m\u00e1s detalles. Por ello, junto al pr\u00edncipe Guillermo, ha vuelto a derrochar complicidad con los invitados<strong> como el bater\u00eda de Queen, Roger Taylor, o la cantante Jessie J.<\/strong> <\/p>\n<p>               Kate Middleton a su llegada. (Reuters)             <\/p>\n<p> A su llegada, Kate llam\u00f3 la atenci\u00f3n con su elecci\u00f3n de vestuario. <strong>La princesa de Gales estren\u00f3 un vestido de terciopelo verde pimienta de Talbot Runhof<\/strong>. Este dise\u00f1o, pensado para deslumbrar en la alfombra roja, cuenta con un escote bardot que deja los hombros al descubierto, una silueta ce\u00f1ida y un drapeado elegante en el corpi\u00f1o que realza la figura. Un color infalible en su armario, <a href=\"https:\/\/www.vanitatis.elconfidencial.com\/casas-reales\/2020-06-23\/kate-middleton-vestido-verde-color-preferido_2651064\/\" target=\"_self\" rel=\"nofollow noopener\">aunque generalmente apuesta por otros cortes y dise\u00f1os<\/a>. <\/p>\n<p>               Kate luci\u00f3 unos hist\u00f3ricos pendientes. (Reuters)             <\/p>\n<p> La princesa de Gales combin\u00f3 su vestido <strong>con una de las joyas hist\u00f3ricas de Margaret Greville<\/strong>: los pendientes de ara\u00f1a de diamantes que la reina Isabel II recibi\u00f3 como regalo de bodas. Kate ya los ha lucido en varias ocasiones, siendo la m\u00e1s reciente el pasado julio, <a href=\"https:\/\/www.vanitatis.elconfidencial.com\/casas-reales\/2025-07-08\/kate-middleton-largo-vestido-rojo-givenchy-tiara-especial_4168820\/\" target=\"_self\" rel=\"nofollow noopener\">durante la visita de Estado del presidente franc\u00e9s<\/a> Emmanuel Macron y su esposa al Reino Unido. <\/p>\n<p>               Los pr\u00edncipes de Gales el pasado mes de julio. (EuropaPress)             <\/p>\n<p> Estos pendientes, creados por Cartier entre 1918 y 1929, <strong>tienen un dise\u00f1o art d\u00e9co,<\/strong> con diamantes de talla moderna engastados en platino. Fueron legados a la reina madre por su amiga Margaret Greville en 1942, junto a otras muchas joyas, y posteriormente entregados a Isabel II como regalo de bodas en noviembre de 1947. La reina los ha cedido a Kate, quien los ha llevado en m\u00faltiples eventos desde entonces, como en esta velada junto al pr\u00edncipe Guillermo. <\/p>\n<p> Noche de gala en Londres. Como cada a\u00f1o, los pr\u00edncipes de Gales asistieron a <strong>uno de los eventos m\u00e1s destacados de su agenda cultural: la Royal Variety Performance.<\/strong> Este programa familiar de televisi\u00f3n combina comedia, danza, m\u00fasica, magia y otras disciplinas art\u00edsticas, y se celebra cada a\u00f1o en distintas localidades del Reino Unido. En esta ocasi\u00f3n, tuvo lugar en el Royal Albert Hall. Su prop\u00f3sito es recaudar fondos para los miembros m\u00e1s necesitados de la industria del entretenimiento a trav\u00e9s de la Royal Variety Charity, organizaci\u00f3n que cuenta con el patrocinio de la Casa Real brit\u00e1nica, <a href=\"https:\/\/www.vanitatis.elconfidencial.com\/casas-reales\/2023-11-23\/kate-middleton-cumbre-royal-victoria-suecia-royal-variety_3780079\/\" target=\"_self\" rel=\"nofollow noopener\">por lo que en cada edici\u00f3n siempre hay un miembro de los Windsor como invitado de honor.<\/a> <\/p>\n","protected":false},"excerpt":{"rendered":"Noche de gala en Londres. Como cada a\u00f1o, los pr\u00edncipes de Gales asistieron a uno de los eventos&hellip;\n","protected":false},"author":2,"featured_media":245815,"comment_status":"","ping_status":"","sticky":false,"template":"","format":"standard","meta":{"footnotes":""},"categories":[174],"tags":[255,146,147,25,24,256,23],"class_list":{"0":"post-245814","1":"post","2":"type-post","3":"status-publish","4":"format-standard","5":"has-post-thumbnail","7":"category-famosos","8":"tag-celebrities","9":"tag-entertainment","10":"tag-entretenimiento","11":"tag-es","12":"tag-espana","13":"tag-famosos","14":"tag-spain"},"share_on_mastodon":{"url":"https:\/\/pubeurope.com\/@es\/115580546895055593","error":""},"_links":{"self":[{"href":"https:\/\/www.europesays.com\/es\/wp-json\/wp\/v2\/posts\/245814","targetHints":{"allow":["GET"]}}],"collection":[{"href":"https:\/\/www.europesays.com\/es\/wp-json\/wp\/v2\/posts"}],"about":[{"href":"https:\/\/www.europesays.com\/es\/wp-json\/wp\/v2\/types\/post"}],"author":[{"embeddable":true,"href":"https:\/\/www.europesays.com\/es\/wp-json\/wp\/v2\/users\/2"}],"replies":[{"embeddable":true,"href":"https:\/\/www.europesays.com\/es\/wp-json\/wp\/v2\/comments?post=245814"}],"version-history":[{"count":0,"href":"https:\/\/www.europesays.com\/es\/wp-json\/wp\/v2\/posts\/245814\/revisions"}],"wp:featuredmedia":[{"embeddable":true,"href":"https:\/\/www.europesays.com\/es\/wp-json\/wp\/v2\/media\/245815"}],"wp:attachment":[{"href":"https:\/\/www.europesays.com\/es\/wp-json\/wp\/v2\/media?parent=245814"}],"wp:term":[{"taxonomy":"category","embeddable":true,"href":"https:\/\/www.europesays.com\/es\/wp-json\/wp\/v2\/categories?post=245814"},{"taxonomy":"post_tag","embeddable":true,"href":"https:\/\/www.europesays.com\/es\/wp-json\/wp\/v2\/tags?post=245814"}],"curies":[{"name":"wp","href":"https:\/\/api.w.org\/{rel}","templated":true}]}}