{"id":245816,"date":"2025-11-20T06:12:11","date_gmt":"2025-11-20T06:12:11","guid":{"rendered":"https:\/\/www.europesays.com\/es\/245816\/"},"modified":"2025-11-20T06:12:11","modified_gmt":"2025-11-20T06:12:11","slug":"sensatez-para-el-valle-de-los-caidos-arquitectura-cuidadosa-en-un-contexto-complejo-icon-design","status":"publish","type":"post","link":"https:\/\/www.europesays.com\/es\/245816\/","title":{"rendered":"Sensatez para el Valle de los Ca\u00eddos: arquitectura cuidadosa en un contexto complejo | ICON Design"},"content":{"rendered":"<p class=\"\">Se ha fallado <a href=\"https:\/\/www.mivau.gob.es\/arquitectura-edificacion\/arquitectura\/concurso-de-arquitectura-memorial-cuelgamuros\" target=\"_self\" rel=\"nofollow noopener\" title=\"https:\/\/www.mivau.gob.es\/arquitectura-edificacion\/arquitectura\/concurso-de-arquitectura-memorial-cuelgamuros\">el concurso de arquitectura para el Memorial de Cuelgamuros<\/a> y, en mi opini\u00f3n, el ganador es un proyecto estupendo. Muy sensible y muy delicado, especialmente cuando la premisa era tan compleja. \u00bfPor qu\u00e9? Esencialmente porque la piedra guarda la memoria mejor que los hombres. No porque posea una forma mineral de conciencia, sino porque no tiene elecci\u00f3n: permanece. <\/p>\n<p class=\"\">Cuando miramos <a href=\"https:\/\/www.patrimonionacional.es\/visita\/valle-de-cuelgamuros-0\" target=\"_self\" rel=\"nofollow noopener\" title=\"https:\/\/www.patrimonionacional.es\/visita\/valle-de-cuelgamuros-0\">la piedra del Valle de Cuelgamuros<\/a> \u2014un nombre que todav\u00eda vibra con el eco del anterior, como si hubiera que pronunciarlo dos veces para que se asentara del todo\u2014, la impresi\u00f3n es la de algo que ha estado mucho antes de que nosotros lleg\u00e1ramos y que seguir\u00e1 all\u00ed mucho despu\u00e9s. La piedra ha visto desfilar discursos, silencios, celebraciones, protestas, huidas, plegarias, fotos tur\u00edsticas, y hasta esos a\u00f1os en los que nadie sab\u00eda exactamente c\u00f3mo mirar este lugar sin que el gesto se cargara de sentido pol\u00edtico inmediato. La piedra sigue ah\u00ed, inm\u00f3vil y paciente, con la \u00fanica funci\u00f3n aparente de recordar lo que a los siglos humanos se les escapa.<\/p>\n<p><img decoding=\"auto\" class=\"_re lazyload a_m-h\" height=\"264\"  width=\"414\"  src=\"https:\/\/www.europesays.com\/es\/wp-content\/uploads\/2025\/11\/2SOKINWJEZDF3KG5EG5IA6A5QQ.png\" loading=\"lazy\"\/>\u00d3culo abierto al cielo en el acceso.<\/p>\n<p class=\"\">Durante d\u00e9cadas fue <a href=\"https:\/\/elpais.com\/cultura\/2025-11-13\/todos-los-detalles-del-proyecto-para-resignificar-el-antiguo-mausoleo-de-franco-pantallas-en-techos-y-suelos-para-ver-y-escuchar-la-guerra-civil.html\" target=\"_self\" rel=\"nofollow noopener\" title=\"https:\/\/elpais.com\/cultura\/2025-11-13\/todos-los-detalles-del-proyecto-para-resignificar-el-antiguo-mausoleo-de-franco-pantallas-en-techos-y-suelos-para-ver-y-escuchar-la-guerra-civil.html\">el Valle de los Ca\u00eddos<\/a>, el gran monumento de posguerra, concebido primero para honrar a los muertos del bando franquista y solo m\u00e1s tarde revestido con la aspiraci\u00f3n, o quiz\u00e1 la intenci\u00f3n ret\u00f3rica, de representar una reconciliaci\u00f3n nacional que nunca lleg\u00f3 a cumplirse. Esa idea de reconciliaci\u00f3n estaba siempre envuelta en una bruma sem\u00e1ntica: se dec\u00eda, se repet\u00eda, pero raramente se encarnaba en nada tangible. La sola arquitectura del conjunto parec\u00eda poner condiciones a esa reconciliaci\u00f3n. El perd\u00f3n solo pod\u00eda ser concedido desde lo alto y no construido entre iguales. Mientras tanto, en la otra cara del relato, entre quienes levantaron realmente el conjunto \u2014pico, pala, dinamita, fr\u00edo, jornadas interminables\u2014, hubo tambi\u00e9n cientos de presos republicanos integrados en destacamentos penales. Sus nombres quedaron en expedientes, en n\u00f3minas, en anotaciones administrativas, pero su esfuerzo se qued\u00f3 aqu\u00ed, fijado en la roca, en la b\u00f3veda excavada, en la textura misma del granito. Una inscripci\u00f3n involuntaria, pero persistente.<\/p>\n<p class=\"\">El conjunto, con su cruz de ciento cincuenta metros y su bas\u00edlica perforando la monta\u00f1a, quiso expresar permanencia y trascendencia desde una est\u00e9tica muy concreta \u2014la nacional-cat\u00f3lica, la militar, la monumentalidad rectil\u00ednea y severa del primer franquismo\u2014 que le daba a todo un tono de grandilocuencia vertical, una especie de arquitectura que hablaba por encima del visitante, no con \u00e9l. Durante a\u00f1os, el valle funcion\u00f3 como un s\u00edmbolo que pretend\u00eda ser un\u00edvoco pero que, en la pr\u00e1ctica, acumulaba significados superpuestos: la victoria, el duelo, la propaganda, la arquitectura religiosa, el sacrificio, el silencio, la ausencia de quienes no estaban all\u00ed representados. Con el paso del tiempo, esa misma materialidad \u2014la piedra, la monta\u00f1a, el vac\u00edo taladrado en la roca\u2014 empez\u00f3 a transformarse en otra cosa: un espejo inc\u00f3modo donde el presente intenta comprender qu\u00e9 hacer con un pasado que sigue, de alguna manera, vibrando bajo la superficie.<\/p>\n<p><img decoding=\"auto\" class=\"_re lazyload a_m-h\" height=\"263\"  width=\"414\"  src=\"https:\/\/www.europesays.com\/es\/wp-content\/uploads\/2025\/11\/I7L4H5CW4BHB3CYTU66XLO2PFA.png\" loading=\"lazy\"\/>El acceso elimina la escalinata y se articula seg\u00fan un gran hueco horizontal.<\/p>\n<p class=\"\">Y esa complejidad \u2014hecha de capas que se pisan, de memorias que no encajan del todo, de silencios que pesan m\u00e1s que algunas palabras\u2014 dej\u00f3 claro que era necesario repensar el lugar. No reescribirlo, porque la historia no admite borradores infinitos, sino resignificarlo: abrirlo, contextualizarlo, permitir que fuese le\u00eddo sin filtros unidireccionales. Por eso se convoc\u00f3 un concurso internacional de arquitectura. La idea no era \u2014o no deber\u00eda ser\u2014 levantar un contramonumento, sino buscar una intervenci\u00f3n capaz de escuchar lo que el valle ya estaba diciendo. Escuchar todas las historias implicadas \u2014tambi\u00e9n las que se hab\u00edan silenciado\u2014 y ofrecer un marco donde esa pluralidad pudiera comprenderse sin desdibujarse.<\/p>\n<p class=\"\">Los ganadores del concurso son los arquitectos <a href=\"https:\/\/www.peredaperez.com\/\" target=\"_self\" rel=\"nofollow noopener\" title=\"https:\/\/www.peredaperez.com\/\">Carlos Pereda y \u00d3scar P\u00e9rez,<\/a> junto con la empresa <a href=\"https:\/\/lignumtech.es\/\" target=\"_self\" rel=\"nofollow noopener\" title=\"https:\/\/lignumtech.es\/\">Lignum<\/a>. Su propuesta,<a href=\"https:\/\/cdn.mivau.gob.es\/portal-web-mivau\/arquitectura\/Cuelgamuros\/01_la%20base%20y%20la%20cruz_Paneles.pdf\" target=\"_blank\" rel=\"noreferrer nofollow noopener\" title=\"https:\/\/cdn.mivau.gob.es\/portal-web-mivau\/arquitectura\/Cuelgamuros\/01_la%20base%20y%20la%20cruz_Paneles.pdf\"> La base y la cruz,<\/a> parece surgir de una lectura extremadamente atenta del lugar, de una atenci\u00f3n primaria a la monta\u00f1a antes de dibujar la primera l\u00ednea. Y lo que, a mi juicio, consiguen, es algo que podr\u00eda describirse como una operaci\u00f3n de cuidado: no borrar la monumentalidad \u2014porque hacerlo ser\u00eda, de alg\u00fan modo, amputar la memoria\u2014, pero s\u00ed reorganizarla, desplazarla suavemente, para que pueda leerse desde otro lugar, desde otro tono emocional. El proyecto es deliberadamente delicado, casi reticente, como si fuera consciente de que cada gesto arquitect\u00f3nico aqu\u00ed pesa m\u00e1s que en otros sitios porque interviene sobre un lugar cargado de tensiones hist\u00f3ricas.<\/p>\n<p class=\"\">La intervenci\u00f3n se articula alrededor de un gesto claro: la antigua escalinata monumental desaparece y en su lugar aparece una plataforma horizontal. Este gesto, que podr\u00eda parecer t\u00e9cnico o funcional, es en realidad el inicio de una transformaci\u00f3n profunda. Donde antes el visitante ascend\u00eda en un recorrido que reforzaba la solemnidad \u2014un ascenso literal y simb\u00f3lico\u2014 ahora se entra a ras de suelo, sin rituales forzados. El acceso se vuelve m\u00e1s civil, m\u00e1s cotidiano, m\u00e1s acorde con un presente que no necesita reafirmar la verticalidad de la autoridad para relacionarse con su memoria. La arquitectura baja la voz, baja el tono y, en esa bajada, se produce una forma de alivio inesperado.<\/p>\n<p><img decoding=\"auto\" class=\"_re lazyload a_m-v\" height=\"532\"  width=\"414\"  src=\"https:\/\/www.europesays.com\/es\/wp-content\/uploads\/2025\/11\/PRXIPEOQ55AEBLXMGKVPGVOIOI.png\" loading=\"lazy\"\/>La nueva galer\u00eda de acceso.<\/p>\n<p class=\"\">Ese p\u00f3rtico horizontal funciona como una l\u00ednea continua que acompa\u00f1a al paisaje. En los dibujos del proyecto, la Sierra de Guadarrama ocupa m\u00e1s espacio que la arquitectura; el valle recupera su condici\u00f3n de valle, y la arquitectura acepta algo que durante d\u00e9cadas no admiti\u00f3 del todo: que no es la \u00fanica protagonista. La monumentalidad se vuelve porosa, se modula, se aten\u00faa. No desaparece \u2014ser\u00eda imposible\u2014 pero se integra en el entorno de una manera nueva, renunciando a imponer un \u00fanico gesto simb\u00f3lico. La llegada ya no es un acto de elevaci\u00f3n, sino un cruce tranquilo entre exterior e interior, una transici\u00f3n m\u00e1s interpretativa que ceremonial.<\/p>\n<p class=\"\">En el centro de esa plataforma aparece un gran c\u00edrculo tallado en la losa, un vac\u00edo que permite ver el cielo. Este vac\u00edo funciona casi como una c\u00e1mara de descompresi\u00f3n emocional: un lugar para situarse, mirar, entender o incluso no entender todav\u00eda pero disponer del espacio necesario para hacerlo. En un contexto donde todo ha sido tan cargado, tan denso, tan programado, que un hueco vac\u00edo pueda significar es, en s\u00ed mismo, un gesto potente.<\/p>\n<p class=\"\">Debajo de la plataforma, la sombra amplia acoge el inicio del recorrido muse\u00edstico. Esa sombra \u2014un espacio intermedio, un antepaso f\u00edsico y emocional\u2014 act\u00faa como un umbral narrativo. All\u00ed se despliega la historia del valle: sus or\u00edgenes, su construcci\u00f3n, el contexto pol\u00edtico, los presos obligados a trabajar, los usos posteriores, los debates que han acompa\u00f1ado el lugar durante d\u00e9cadas. Es un espacio de escala contenida, con salas claras, luz filtrada, materiales sobrios. Todo pensado para no competir con la preexistencia, sino para sostenerla desde otro \u00e1ngulo.<\/p>\n<p class=\"\">Documentos, fotograf\u00edas, objetos, proyecciones, fragmentos de historia reconstruyen un mosaico que no aspira a cohesionar en exceso. No hay un mensaje unitario, porque el valle no puede reducirse a uno solo. La arquitectura aqu\u00ed act\u00faa casi como un hilvanado: uniendo sin apretar, conectando sin obligar, permitiendo que las historias respiren.<\/p>\n<p class=\"\">El resultado es una nueva manera de aproximarse al valle: m\u00e1s horizontal, m\u00e1s abierta, m\u00e1s consciente de su complejidad y de su historia. De toda su historia. Una arquitectura que no intenta resolver lo irresoluble, pero s\u00ed ofrecer un espacio donde la sociedad pueda plantearse preguntas, algunas inc\u00f3modas, otras necesarias, todas ellas inevitables si se quiere mirar el pasado sin filtros.<\/p>\n<p class=\"\">Y quiz\u00e1 \u2014solo quiz\u00e1\u2014 la verdadera resignificaci\u00f3n no est\u00e9 ni en el p\u00f3rtico ni en el c\u00edrculo ni en las salas muse\u00edsticas, sino en el gesto m\u00e1s simple del proyecto: la voluntad de escuchar. De hacer que la piedra siga contando lo que recuerda, pero permitiendo que nosotros, por primera vez, decidamos escucharlo de otra manera.<\/p>\n","protected":false},"excerpt":{"rendered":"Se ha fallado el concurso de arquitectura para el Memorial de Cuelgamuros y, en mi opini\u00f3n, el ganador&hellip;\n","protected":false},"author":2,"featured_media":245817,"comment_status":"","ping_status":"","sticky":false,"template":"","format":"standard","meta":{"footnotes":""},"categories":[173],"tags":[3739,801,229,233,231,230,7580,232,234,3740,146,147,25,24,1470,3618,952,23],"class_list":{"0":"post-245816","1":"post","2":"type-post","3":"status-publish","4":"format-standard","5":"has-post-thumbnail","7":"category-arte-y-diseno","8":"tag-arquitectos","9":"tag-arquitectura","10":"tag-arte","11":"tag-arte-y-diseno","12":"tag-arts","13":"tag-arts-and-design","14":"tag-concursos","15":"tag-design","16":"tag-diseno","17":"tag-diseno-arquitectura","18":"tag-entertainment","19":"tag-entretenimiento","20":"tag-es","21":"tag-espana","22":"tag-franquismo","23":"tag-guerra-civil","24":"tag-politica","25":"tag-spain"},"share_on_mastodon":{"url":"https:\/\/pubeurope.com\/@es\/115580551010981935","error":""},"_links":{"self":[{"href":"https:\/\/www.europesays.com\/es\/wp-json\/wp\/v2\/posts\/245816","targetHints":{"allow":["GET"]}}],"collection":[{"href":"https:\/\/www.europesays.com\/es\/wp-json\/wp\/v2\/posts"}],"about":[{"href":"https:\/\/www.europesays.com\/es\/wp-json\/wp\/v2\/types\/post"}],"author":[{"embeddable":true,"href":"https:\/\/www.europesays.com\/es\/wp-json\/wp\/v2\/users\/2"}],"replies":[{"embeddable":true,"href":"https:\/\/www.europesays.com\/es\/wp-json\/wp\/v2\/comments?post=245816"}],"version-history":[{"count":0,"href":"https:\/\/www.europesays.com\/es\/wp-json\/wp\/v2\/posts\/245816\/revisions"}],"wp:featuredmedia":[{"embeddable":true,"href":"https:\/\/www.europesays.com\/es\/wp-json\/wp\/v2\/media\/245817"}],"wp:attachment":[{"href":"https:\/\/www.europesays.com\/es\/wp-json\/wp\/v2\/media?parent=245816"}],"wp:term":[{"taxonomy":"category","embeddable":true,"href":"https:\/\/www.europesays.com\/es\/wp-json\/wp\/v2\/categories?post=245816"},{"taxonomy":"post_tag","embeddable":true,"href":"https:\/\/www.europesays.com\/es\/wp-json\/wp\/v2\/tags?post=245816"}],"curies":[{"name":"wp","href":"https:\/\/api.w.org\/{rel}","templated":true}]}}