{"id":245818,"date":"2025-11-20T06:14:12","date_gmt":"2025-11-20T06:14:12","guid":{"rendered":"https:\/\/www.europesays.com\/es\/245818\/"},"modified":"2025-11-20T06:14:12","modified_gmt":"2025-11-20T06:14:12","slug":"vete-al-congreso-de-los-diputados","status":"publish","type":"post","link":"https:\/\/www.europesays.com\/es\/245818\/","title":{"rendered":"\u00abVete al Congreso de los Diputados\u00bb"},"content":{"rendered":"<p style=\"\"><a href=\"https:\/\/www.abc.es\/play\/television\/cabreo-morancos-pablo-motos-provoca-espantada-entrevista-20240925222821-nt.html\" target=\"_self\" data-voc-vtm-id=\"in-text-traffic\" title=\"Los Morancos visitaban &#039;El Hormiguero&#039; el a\u00f1o pasado\" data-mrf-link=\"www.abc.es\" rel=\"nofollow noopener\">Los Morancos visitaban &#8216;El Hormiguero&#8217; el a\u00f1o pasado<\/a> para promocionar su espect\u00e1culo de humor <strong>&#8216;Bis a Bis&#8217;.<\/strong> M\u00e1s de un a\u00f1o despu\u00e9s, los hermanos <strong>Jorge <\/strong>y<strong> C\u00e9sar Cadaval<\/strong> volvieron este mi\u00e9rcoles 19 de noviembre al &#8216;show&#8217; de las hormigas para refutar  &#8230; el \u00e9xito de la obra, que vuelve al Teatro Capitol hasta el 30 de este mes.<\/p>\n<p class=\"voc-p\" style=\"\">Pero antes de comenzar la entrevista, tan ca\u00f3tica como tronchante, <strong>Pablo Motos<\/strong> pidi\u00f3 que \u00abparen las m\u00e1quinas\u00bb para que el p\u00fablico apreciara el cambio f\u00edsico de <strong>C\u00e9sar<\/strong>. \u00abHa perdido 12 kilos\u00bb, se\u00f1al\u00f3 su hermano. \u00abAparte de mi mujer, mi amiga &#8216;adelguaza&#8217; es la que me ha puesto as\u00ed\u00bb, a\u00f1adi\u00f3 el menor de los Cadaval con su caracter\u00edstico humor. <\/p>\n<p class=\"voc-p\" style=\"\">Cuando por fin Motos los pudo conducir a la mesa, los invitados le correspondieron al lujoso reloj que recibieron del programa como invitados &#8216;Infinity&#8217; con una sudadera muy especial, pues conmemoraba los 46 a\u00f1os del d\u00fao c\u00f3mico en los escenarios. Aunque no pudo pon\u00e9rsela por motivos t\u00e9cnicos, aduciendo que \u00abaqu\u00ed est\u00e1 todo medido\u00bb. \u00abA ti hay poco que medite\u00bb, lo vacil\u00f3 uno de ellos, aludiendo a su baja estatura. Pulla que el de Requena le devolvi\u00f3 llam\u00e1ndole \u00abtonto de capirote\u00bb.<\/p>\n<p>\nVuelven Oma\u00edta y Antonia en la nueva obra de Los Morancos\n<\/p>\n<p class=\"voc-p\" style=\"\"><strong>C\u00e9sar<\/strong> llam\u00f3 al orden para aclarar las cosas sobre el tema que los ocupaba, la obra. Explicaron que \u00abnos queda esta semana y la siguiente\u00bb. \u00abEl viernes a las 18:00, el s\u00e1bado a las 17:00, y el domingo a las 16:30&#8230; No te da tiempo ni a dar un flatito\u2026\u00bb, a\u00f1adieron. Por las horas, recomendaron al p\u00fablico no comer bocadillo de chorizo. <strong>Jorg<\/strong>e apunt\u00f3 que nunca se ha comido nunca porque no le gustan. \u00abPues vete al Congreso de los Diputados\u00bb, tir\u00f3 su hermano. A lo que el mayor de los Cadaval apostill\u00f3 \u00abque no digas eso, hay que llamar a las cosas como son, aquello es el circo: fuera est\u00e1n los leones, y dentro hay payasos\u00bb. <\/p>\n<p class=\"voc-p\" style=\"\"><strong>Los Moranos<\/strong> repasaron sus inicios en un tablao flamenco de Madrid cuando no los conoc\u00eda nadie, hasta llenar el teatro con &#8216;<strong>Bis a Bis<\/strong>&#8216; durante m\u00e1s de dos a\u00f1os. Despu\u00e9s, terminar\u00e1n el espect\u00e1culo en su Sevilla. <\/p>\n<p class=\"voc-p\" style=\"\">Sin embargo, m\u00e1s pronto que tarden, estrenar\u00e1n otro montaje, cuyos detalles desvelaron en exclusiva en <strong>&#8216;El Hormiguero<\/strong>&#8216;. En el nuevo espect\u00e1culo, <strong>&#8216;Bota Antonia&#8217;<\/strong>, <a href=\"https:\/\/www.abc.es\/sevilla\/cultura\/sevi-omaita-y-antonia-personajes-universales-existen-todos-sitios-200906210300-921905305622_noticia.html\" target=\"_self\" data-voc-vtm-id=\"in-text-traffic\" title=\"recuperan a sus dos personajes m\u00e1s m\u00edticos, el de Oma\u00edta y su hija\" data-mrf-link=\"www.abc.es\" rel=\"nofollow noopener\">recuperan a sus dos personajes m\u00e1s m\u00edticos, el de Oma\u00edta y su hija<\/a>. Est\u00e1 la cosa tan chunga, que <strong>Antonia<\/strong> se presenta a presidenta del Gobierno. Su partido se llama &#8216;SC&#8217; (Sentido Com\u00fan), que es el mayor de los sentidos\u00bb.<\/p>\n","protected":false},"excerpt":{"rendered":"Los Morancos visitaban &#8216;El Hormiguero&#8217; el a\u00f1o pasado para promocionar su espect\u00e1culo de humor &#8216;Bis a Bis&#8217;. M\u00e1s&hellip;\n","protected":false},"author":2,"featured_media":245819,"comment_status":"","ping_status":"","sticky":false,"template":"","format":"standard","meta":{"footnotes":""},"categories":[171],"tags":[30462,11866,29500,62803,36749,146,147,25,24,21308,17772,1670,23,214,62804],"class_list":{"0":"post-245818","1":"post","2":"type-post","3":"status-publish","4":"format-standard","5":"has-post-thumbnail","7":"category-tv","8":"tag-arremeten","9":"tag-congreso","10":"tag-cortan","11":"tag-demoledora","12":"tag-diputados","13":"tag-entertainment","14":"tag-entretenimiento","15":"tag-es","16":"tag-espana","17":"tag-indirecta","18":"tag-morancos","19":"tag-politicos","20":"tag-spain","21":"tag-tv","22":"tag-vete"},"share_on_mastodon":{"url":"https:\/\/pubeurope.com\/@es\/115580558556276967","error":""},"_links":{"self":[{"href":"https:\/\/www.europesays.com\/es\/wp-json\/wp\/v2\/posts\/245818","targetHints":{"allow":["GET"]}}],"collection":[{"href":"https:\/\/www.europesays.com\/es\/wp-json\/wp\/v2\/posts"}],"about":[{"href":"https:\/\/www.europesays.com\/es\/wp-json\/wp\/v2\/types\/post"}],"author":[{"embeddable":true,"href":"https:\/\/www.europesays.com\/es\/wp-json\/wp\/v2\/users\/2"}],"replies":[{"embeddable":true,"href":"https:\/\/www.europesays.com\/es\/wp-json\/wp\/v2\/comments?post=245818"}],"version-history":[{"count":0,"href":"https:\/\/www.europesays.com\/es\/wp-json\/wp\/v2\/posts\/245818\/revisions"}],"wp:featuredmedia":[{"embeddable":true,"href":"https:\/\/www.europesays.com\/es\/wp-json\/wp\/v2\/media\/245819"}],"wp:attachment":[{"href":"https:\/\/www.europesays.com\/es\/wp-json\/wp\/v2\/media?parent=245818"}],"wp:term":[{"taxonomy":"category","embeddable":true,"href":"https:\/\/www.europesays.com\/es\/wp-json\/wp\/v2\/categories?post=245818"},{"taxonomy":"post_tag","embeddable":true,"href":"https:\/\/www.europesays.com\/es\/wp-json\/wp\/v2\/tags?post=245818"}],"curies":[{"name":"wp","href":"https:\/\/api.w.org\/{rel}","templated":true}]}}