{"id":245820,"date":"2025-11-20T06:16:23","date_gmt":"2025-11-20T06:16:23","guid":{"rendered":"https:\/\/www.europesays.com\/es\/245820\/"},"modified":"2025-11-20T06:16:23","modified_gmt":"2025-11-20T06:16:23","slug":"la-pelicula-basada-en-una-novela-grafica-de-paco-roca","status":"publish","type":"post","link":"https:\/\/www.europesays.com\/es\/245820\/","title":{"rendered":"la pel\u00edcula basada en una novela gr\u00e1fica de Paco Roca"},"content":{"rendered":"\n<ul class=\"bodyList bodyList--unordered\">\n<li class=\"bodyList__item\"><strong><a href=\"https:\/\/www.elconfidencial.com\/cultura\/cine\/2025-11-13\/david-verdaguer-siempre-es-invierno-zapeando-1qrt_4246853\/\" target=\"_self\" rel=\"nofollow noopener\">David Verdaguer, actor de Siempre es invierno, bromea en Zapeando:<\/a> \u00abHago de catal\u00e1n triste todo el rato\u00bb<\/strong><\/li>\n<li class=\"bodyList__item\"><strong><a href=\"https:\/\/www.elconfidencial.com\/cultura\/cine\/2025-11-16\/documental-luis-tosar-violencia-vicaria-maria-bestar-1qrt_4246128\/\" target=\"_self\" rel=\"nofollow noopener\">El documental con Luis Tosar que te pondr\u00e1 los pelos de punta: 40 testimonios reales de violencia vicaria<\/a><\/strong><\/li>\n<\/ul>\n<p> Queda solo un d\u00eda para ver en <a href=\"https:\/\/www.elconfidencial.com\/tags\/empresas\/movistar-19103\/\" target=\"_self\" rel=\"nofollow noopener\">Movistar Plus+<\/a> una de las pel\u00edculas espa\u00f1olas m\u00e1s reconocidas del \u00faltimo a\u00f1o. Se trata de una cinta que destac\u00f3 por su sensibilidad, su mirada \u00edntima a las relaciones familiares y<strong> su impecable reparto coral<\/strong>, que mantiene una s\u00f3lida presencia gracias al boca a boca y a la fuerza de la historia original de <a href=\"https:\/\/www.elconfidencial.com\/cultura\/2025-10-27\/cultura-impacto-no-es-un-simulacro-paco-roca-bra_4228394\/\" target=\"_self\" rel=\"nofollow noopener\">Paco Roca<\/a>. <\/p>\n<p> Se trata de La casa, la adaptaci\u00f3n dirigida por \u00c1lex Montoya a partir de la novela gr\u00e1fica hom\u00f3nima del historietista valenciano. El filme, que vivi\u00f3 su estreno mundial en el <a href=\"https:\/\/www.elconfidencial.com\/cultura\/2025-03-22\/festival-malaga-biznaga-oro-sorda-ladron-perros_4091978\/\" target=\"_self\" rel=\"nofollow noopener\">Festival de M\u00e1laga<\/a> en 2024, sorprendi\u00f3 a cr\u00edtica y p\u00fablico con un retrato emocional construido a partir del<strong> regreso de tres hermanos <\/strong>a la vivienda familiar tras la muerte de su padre. <\/p>\n<p>              <img decoding=\"async\" class=\"inTextNews__img\" alt=\"Foto: esto-no-es-jaume-ripoll-bra\" src=\"https:\/\/www.europesays.com\/es\/wp-content\/uploads\/2025\/11\/f.elconfidencial.com\/original\/c31\/ad4\/072\/c31ad407201114431a570fe7f7a69d20.jpg\"  \/>     <\/p>\n<p>TE PUEDE INTERESAR<\/p>\n<p>      <a class=\"inTextNews__title\" href=\"https:\/\/www.elconfidencial.com\/cultura\/2025-11-17\/esto-no-es-jaume-ripoll-bra_4246099\/\" onclick=\"window.ECCO.emit(&#039;amplitude&#039;, { dataEventName: &#039;click_related_article_module&#039;, data: { related_article_url: &#039;https:\/\/www.elconfidencial.com\/cultura\/2025-11-17\/esto-no-es-jaume-ripoll-bra_4246099\/&#039;, related_article_author: &#039;Carlos Prieto&#039;, related_article_section: &#039;cultura&#039; } })\" rel=\"nofollow noopener\" target=\"_blank\"> Jaume Ripoll: \u00abCon ocho a\u00f1os, ya le recomendaba pel\u00edculas al t\u00edo de Rafa Nadal\u00bb <\/a>   <\/p>\n<p>    Carlos Prieto   <\/p>\n<p> Lo que comienza como una reuni\u00f3n para decidir el futuro de la casa se convierte en<strong> un encuentro con recuerdos<\/strong>, tensiones soterradas y la complejidad de los v\u00ednculos que marcaron su infancia. El reparto, uno de los grandes pilares de la pel\u00edcula, re\u00fane a <a href=\"https:\/\/www.elconfidencial.com\/cultura\/cine\/2025-11-13\/david-verdaguer-siempre-es-invierno-zapeando-1qrt_4246853\/\" target=\"_self\" rel=\"nofollow noopener\">David Verdaguer<\/a>, \u00d3scar de la Fuente, Luis Callejo, <a href=\"https:\/\/www.elconfidencial.com\/television\/programas-tv\/2025-04-08\/pasapalabra-quien-es-olivia-molina-nueva-invitada-1qrt_4101938\/\" target=\"_self\" rel=\"nofollow noopener\">Olivia Molina<\/a>, Mar\u00eda Romanillos, Lorena L\u00f3pez, Marta Belenguer, Jordi Aguilar, <a href=\"https:\/\/www.elconfidencial.com\/cultura\/2024-11-25\/miguel-rellan-actor-teatro_4008115\/\" target=\"_self\" rel=\"nofollow noopener\">Miguel Rell\u00e1n<\/a> y Tosca Montoya. <\/p>\n<p> Sus interpretaciones fueron ampliamente elogiadas por su naturalidad, y por aportar matices que refuerzan el tono \u00edntimo de la obra original. La cr\u00edtica subray\u00f3 la capacidad de Montoya para <strong>convertir lo cotidiano en una reflexi\u00f3n profunda <\/strong>sobre la memoria familiar, destacando adem\u00e1s el uso de im\u00e1genes en <a href=\"https:\/\/www.elconfidencial.com\/el-grito\/2025-06-07\/un-neurologo-amante-del-arte-grabo-en-super-8-a-los-mejores-pintores-y-escultores-de-espana_4143497\/\" target=\"_self\" rel=\"nofollow noopener\">Super 8<\/a> y una planificaci\u00f3n visual que rinde homenaje al estilo gr\u00e1fico de Roca. <\/p>\n<p>            Una adaptaci\u00f3n que se hizo de esperar           <\/p>\n<p> El camino de La casa hasta la pantalla grande fue largo: Montoya trabaj\u00f3 durante siete a\u00f1os en el proyecto, desde que un amigo le regal\u00f3 el c\u00f3mic que acabar\u00eda inspir\u00e1ndole. El rodaje, realizado en la vivienda que dio vida al libro, concluy\u00f3 en diciembre de 2022 y desemboc\u00f3 en<strong> uno de los t\u00edtulos m\u00e1s destacados<\/strong> del cine espa\u00f1ol reciente. Su paso por M\u00e1laga se sald\u00f3 con premios como Mejor guion, Mejor m\u00fasica, el Premio del P\u00fablico y el Feroz Puerta Oscura, a los que m\u00e1s tarde se sumaron varios galardones en los premios Lola Gaos. <\/p>\n<p>Tr\u00e1iler de &#8216;La casa&#8217;. (Acontrafilms)<\/p>\n<p> Ahora, en sus \u00faltimas horas disponible en Movistar Plus+, la pel\u00edcula cierra su paso por la plataforma consolidada como una obra que emociona, interpela y permanece en la memoria del espectador. La plataforma de streaming retirar\u00e1 La casa despu\u00e9s de <strong>este jueves, 20 de noviembre<\/strong>. <\/p>\n","protected":false},"excerpt":{"rendered":"David Verdaguer, actor de Siempre es invierno, bromea en Zapeando: \u00abHago de catal\u00e1n triste todo el rato\u00bb El&hellip;\n","protected":false},"author":2,"featured_media":245821,"comment_status":"","ping_status":"","sticky":false,"template":"","format":"standard","meta":{"footnotes":""},"categories":[169],"tags":[177,146,147,25,24,176,175,23],"class_list":{"0":"post-245820","1":"post","2":"type-post","3":"status-publish","4":"format-standard","5":"has-post-thumbnail","7":"category-cine","8":"tag-cine","9":"tag-entertainment","10":"tag-entretenimiento","11":"tag-es","12":"tag-espana","13":"tag-film","14":"tag-movies","15":"tag-spain"},"share_on_mastodon":{"url":"https:\/\/pubeurope.com\/@es\/115580567277545093","error":""},"_links":{"self":[{"href":"https:\/\/www.europesays.com\/es\/wp-json\/wp\/v2\/posts\/245820","targetHints":{"allow":["GET"]}}],"collection":[{"href":"https:\/\/www.europesays.com\/es\/wp-json\/wp\/v2\/posts"}],"about":[{"href":"https:\/\/www.europesays.com\/es\/wp-json\/wp\/v2\/types\/post"}],"author":[{"embeddable":true,"href":"https:\/\/www.europesays.com\/es\/wp-json\/wp\/v2\/users\/2"}],"replies":[{"embeddable":true,"href":"https:\/\/www.europesays.com\/es\/wp-json\/wp\/v2\/comments?post=245820"}],"version-history":[{"count":0,"href":"https:\/\/www.europesays.com\/es\/wp-json\/wp\/v2\/posts\/245820\/revisions"}],"wp:featuredmedia":[{"embeddable":true,"href":"https:\/\/www.europesays.com\/es\/wp-json\/wp\/v2\/media\/245821"}],"wp:attachment":[{"href":"https:\/\/www.europesays.com\/es\/wp-json\/wp\/v2\/media?parent=245820"}],"wp:term":[{"taxonomy":"category","embeddable":true,"href":"https:\/\/www.europesays.com\/es\/wp-json\/wp\/v2\/categories?post=245820"},{"taxonomy":"post_tag","embeddable":true,"href":"https:\/\/www.europesays.com\/es\/wp-json\/wp\/v2\/tags?post=245820"}],"curies":[{"name":"wp","href":"https:\/\/api.w.org\/{rel}","templated":true}]}}