{"id":245824,"date":"2025-11-20T06:18:14","date_gmt":"2025-11-20T06:18:14","guid":{"rendered":"https:\/\/www.europesays.com\/es\/245824\/"},"modified":"2025-11-20T06:18:14","modified_gmt":"2025-11-20T06:18:14","slug":"avances-significativos-en-el-tratamiento-del-cancer-de-pancreas-marcan-un-punto-de-inflexion","status":"publish","type":"post","link":"https:\/\/www.europesays.com\/es\/245824\/","title":{"rendered":"Avances significativos en el tratamiento del c\u00e1ncer de p\u00e1ncreas marcan un punto de inflexi\u00f3n"},"content":{"rendered":"<p>Francisco X. Real, l\u00edder del Grupo de Carcinog\u00e9nesis Epitelial del Centro Nacional de Investigaciones Oncol\u00f3gicas (CNIO) y presidente de ALIPANC, ha destacado recientemente que los avances en el tratamiento del c\u00e1ncer de p\u00e1ncreas representan un \u2018momento menos amargo\u2019 en la historia de esta enfermedad.<\/p>\n<p>\u2018Se est\u00e1n ensayando ya los primeros f\u00e1rmacos que se dirigen espec\u00edficamente contra el principal oncog\u00e9n implicado en c\u00e1ncer de p\u00e1ncreas, que es KRAS. Es el primer avance en casi 40 a\u00f1os en lo que se refiere al tratamiento, y va a cambiar las perspectivas terap\u00e9uticas de los pacientes. No estoy hablando de curaci\u00f3n, pero por fin vamos a tener f\u00e1rmacos m\u00e1s espec\u00edficos que la quimioterapia. As\u00ed que podemos decir que es el momento menos amargo de la historia del c\u00e1ncer de p\u00e1ncreas\u2019, ha afirmado Real en una entrevista divulgada por el CNIO.<\/p>\n<p>Real tambi\u00e9n ha revelado que, aunque los nuevos medicamentos est\u00e1n a\u00fan en fase experimental, es un tiempo de esperanza. \u2018Tambi\u00e9n deben aprobarlos las agencias reguladoras estadounidense y europea, y las administraciones nacionales. Pero nunca hemos tenido f\u00e1rmacos tan buenos, as\u00ed que es una situaci\u00f3n de esperanza\u2019, recalc\u00f3.<\/p>\n<p>El experto ha explicado que su equipo explora la quimioprevenci\u00f3n, investigando si medicamentos ya aprobados y de baja toxicidad pueden prevenir el c\u00e1ncer en ciertos grupos de riesgo. Adem\u00e1s, enfatiz\u00f3 el potencial de la Inteligencia Artificial para transformar el dise\u00f1o de tratamientos y la ejecuci\u00f3n de experimentos.<\/p>\n<p>PROGRESO \u2018LENTO PERO SEGURO\u2019 EN C\u00c1NCER DE P\u00c1NCREAS<\/p>\n<p>En cuanto al diagn\u00f3stico precoz, Real reconoci\u00f3 que aunque el progreso es \u2018lento pero seguro\u2019, existen importantes desaf\u00edos terap\u00e9uticos. \u2018En c\u00e1ncer de p\u00e1ncreas, la biopsia l\u00edquida es m\u00e1s compleja y menos efectiva que en otros c\u00e1nceres, sin que sepamos por qu\u00e9. El reto previo, desde luego, es identificar a la poblaci\u00f3n con riesgo alto, para intervenir con diagn\u00f3stico temprano o incluso con un tratamiento quimio-preventivo\u2019, agreg\u00f3.<\/p>\n<p>Real tambi\u00e9n mencion\u00f3 un posible aumento en la incidencia de este tipo de c\u00e1ncer en personas menores de 55 a\u00f1os, aunque subray\u00f3 que los datos \u2018no son concluyentes\u2019. Adem\u00e1s, record\u00f3 que el 80 por ciento de los diagn\u00f3sticos se producen cuando la enfermedad ya es inoperable y frecuentemente metast\u00e1sica, subrayando la importancia de avanzar en los tratamientos y en el diagn\u00f3stico precoz.<\/p>\n","protected":false},"excerpt":{"rendered":"Francisco X. Real, l\u00edder del Grupo de Carcinog\u00e9nesis Epitelial del Centro Nacional de Investigaciones Oncol\u00f3gicas (CNIO) y presidente&hellip;\n","protected":false},"author":2,"featured_media":135832,"comment_status":"","ping_status":"","sticky":false,"template":"","format":"standard","meta":{"footnotes":""},"categories":[92],"tags":[25,24,165,166,23],"class_list":{"0":"post-245824","1":"post","2":"type-post","3":"status-publish","4":"format-standard","5":"has-post-thumbnail","7":"category-salud","8":"tag-es","9":"tag-espana","10":"tag-health","11":"tag-salud","12":"tag-spain"},"share_on_mastodon":{"url":"https:\/\/pubeurope.com\/@es\/115580574393877198","error":""},"_links":{"self":[{"href":"https:\/\/www.europesays.com\/es\/wp-json\/wp\/v2\/posts\/245824","targetHints":{"allow":["GET"]}}],"collection":[{"href":"https:\/\/www.europesays.com\/es\/wp-json\/wp\/v2\/posts"}],"about":[{"href":"https:\/\/www.europesays.com\/es\/wp-json\/wp\/v2\/types\/post"}],"author":[{"embeddable":true,"href":"https:\/\/www.europesays.com\/es\/wp-json\/wp\/v2\/users\/2"}],"replies":[{"embeddable":true,"href":"https:\/\/www.europesays.com\/es\/wp-json\/wp\/v2\/comments?post=245824"}],"version-history":[{"count":0,"href":"https:\/\/www.europesays.com\/es\/wp-json\/wp\/v2\/posts\/245824\/revisions"}],"wp:featuredmedia":[{"embeddable":true,"href":"https:\/\/www.europesays.com\/es\/wp-json\/wp\/v2\/media\/135832"}],"wp:attachment":[{"href":"https:\/\/www.europesays.com\/es\/wp-json\/wp\/v2\/media?parent=245824"}],"wp:term":[{"taxonomy":"category","embeddable":true,"href":"https:\/\/www.europesays.com\/es\/wp-json\/wp\/v2\/categories?post=245824"},{"taxonomy":"post_tag","embeddable":true,"href":"https:\/\/www.europesays.com\/es\/wp-json\/wp\/v2\/tags?post=245824"}],"curies":[{"name":"wp","href":"https:\/\/api.w.org\/{rel}","templated":true}]}}