{"id":245831,"date":"2025-11-20T06:23:08","date_gmt":"2025-11-20T06:23:08","guid":{"rendered":"https:\/\/www.europesays.com\/es\/245831\/"},"modified":"2025-11-20T06:23:08","modified_gmt":"2025-11-20T06:23:08","slug":"50-anos-del-inicio-del-fin-del-franquismo","status":"publish","type":"post","link":"https:\/\/www.europesays.com\/es\/245831\/","title":{"rendered":"50 a\u00f1os del inicio del fin del franquismo"},"content":{"rendered":"<p>El 20 de noviembre de 1975, a las 4:58 horas, la <strong>agencia de noticias Europa Pres difund\u00eda en primicia la noticia <\/strong>que llevaban los espa\u00f1oles esperando desde algunas semanas: Francisco Franco, \u00abcaudillo de Espa\u00f1a por la gracia de dios\u00bb, seg\u00fan rezaba en las monedas de entonces, hab\u00eda fallecido.<\/p>\n<p><strong>\u00abFranco ha muerto. Franco ha muerto. Franco ha muerto\u00bb<\/strong> rezaba en el <strong>breve teletipo, pero contundente<\/strong>, que se distribuy\u00f3 a los medios de comunicaci\u00f3n. Detr\u00e1s de esta informaci\u00f3n estaban dos periodistas: Mariano Gonz\u00e1lez, que hac\u00eda guardia en el hospital La Paz, donde estaba ingresado el dictador, y Marcelino Mart\u00edn, que confirm\u00f3 la noticia desde la redacci\u00f3n. <\/p>\n<p>Seg\u00fan relatan ahora los protagonistas de la noticia m\u00e1s importante del momento, <strong>el texto del teletipo estaba pensado de antemano<\/strong>: \u00abFranco ha muerto\u00bb, repetido hasta tres veces para no dejar lugar a dudas.<\/p>\n<p>Y aunque la noticia salt\u00f3 a las 4:58 horas, <strong>en el acta oficial de defunci\u00f3n figuraba las 5:25 horas como la hora de la muerte<\/strong>. Sin embargo, seg\u00fan testimonios m\u00e9dicos recogidos por Efe, el fallecimiento se habr\u00eda producido en torno a las 3:30 horas, e incluso el forense Antonio Piga, que se encarg\u00f3 de embalsamar al dictador, cont\u00f3 tiempo despu\u00e9s que empez\u00f3 con la tarea en torno a las dos de esa madrugada.<\/p>\n<p>El parte en cuesti\u00f3n informaba de que el jefe del Estado hab\u00eda muerto por parada card\u00edaca, como <strong>episodio final de un shock t\u00f3xico por peritonitis<\/strong> a las 5:25 horas del 20 de noviembre \u2014mismo d\u00eda del 39 aniversario del fusilamiento del fundador de la Falange Espa\u00f1ola, Jos\u00e9 Antonio Primo de Rivera\u2014. <\/p>\n<p>Los periodistas de Europa Press han relatado c\u00f3mo descubrieron la noticia antes de la hora oficial: A Mariano Gonz\u00e1lez le pareci\u00f3 raro ver el coche oficial del jefe de la Casa Militar de Franco de madrugada llegando al hospital, y se lo coment\u00f3 a Marcelino Mart\u00edn, quien hizo una \u00abronda de fuentes de informaci\u00f3n\u00bb que ten\u00eda. Y todas apuntaban en la misma direcci\u00f3n: el caudillo hab\u00eda muerto<\/p>\n<p>Entre sus fuentes, un militar del Servicio de Informaci\u00f3n de Presidencia del Gobierno, el sobrino del dictador y amigo del presidente de la agencia y un miembro del equipo m\u00e9dico que atend\u00eda a Franco. <\/p>\n<p>Los problemas de salud del dictador<\/p>\n<p>Franco llevaba <strong>sufriendo diversos problemas de salud desde el verano de 1974<\/strong>, cuando tuvo que ingresar en el actual Hospital Gregorio Mara\u00f1\u00f3n para ser tratado de una flebitis. Durante su ingreso, el entonces pr\u00edncipe de Espa\u00f1a Juan Carlos asumi\u00f3 la Jefatura de Estado de manera interina durante siete semanas. <\/p>\n<p>Tras ser dado de alta, Franco retom\u00f3 el poder, aunque su salud ya empezaba a ser fr\u00e1gil. Entonces sufr\u00eda p\u00e1rkinson, una enfermedad que se hab\u00eda mantenido en secreto en los primeros a\u00f1os cuando se le diagnostic\u00f3.<\/p>\n<p>Pero el <strong>verdadero declive del dictador comenz\u00f3 el 12 de octubre de 1975<\/strong>, tras asistir a los actos de la Fiesta de la Hispanidad, sufri\u00f3 un enfriamiento y tuvo que guardar cama, primero por una gripe, que termin\u00f3 afectando tambi\u00e9n al coraz\u00f3n. El 21 de octubre de ese a\u00f1o se inform\u00f3 de que Franco hab\u00eda sufrido una insuficiencia coronaria, y tres d\u00edas m\u00e1s tarde, el r\u00e9gimen reconoc\u00eda en un parte m\u00e9dico que se hab\u00eda producido un agravamiento de la enfermedad. <\/p>\n<p>El 25 de octubre, el dictador recibi\u00f3 la extremaunci\u00f3n. Y el 3 de noviembre, fue sometido a la<strong> primera operaci\u00f3n, de tres, a vida o muerte <\/strong>en la enfermer\u00eda del Palacio de El Pardo, donde resid\u00eda oficialmente. El 7 de noviembre fue ingresado en el Hospital La Paz. Desde el 14 de noviembre, todo apuntaba a que el final del jefe del Estado estaba pr\u00f3ximo. <\/p>\n<p>Los alrededores del hospital estaban plagados de periodistas, el<strong> flujo de visitas de familiares, pol\u00edticos y militares era continuo<\/strong>. En la tarde del 19 de noviembre, su mujer Carmen Polo, su hija Carmen y su hermana Isabel fueron a verle. En el \u00faltimo parte m\u00e9dico se informaba de que estaba en estado cr\u00edtico, sedado y con respiraci\u00f3n asistida. <\/p>\n<p>Tambi\u00e9n aquella tarde recibi\u00f3 la visita de los entonces pr\u00edncipes de Espa\u00f1a; del presidente del Gobierno, Carlos Arias Navarro, y del presidente de las Cortes, Alejandro Rodr\u00edguez Valc\u00e1rcel.<\/p>\n<p>La Operaci\u00f3n Lucero<\/p>\n<p>La Operaci\u00f3n Lucero era el plan que hab\u00edan<strong> dise\u00f1ado los servicios secretos para las primeras horas y d\u00edas sin Franco<\/strong>. El plan en cuesti\u00f3n se activ\u00f3 ya el 25 de octubre de 1975, d\u00eda en el que el octogenario dictador recibi\u00f3 la extremaunci\u00f3n.<\/p>\n<p>Tras el parte m\u00e9dico que informaba de la muerte de Franco, el entonces ministro de Justicia, Jos\u00e9 Mar\u00eda S\u00e1nchez-Ventura, como notario mayor del Reino, levant\u00f3 acta del fallecimiento.<\/p>\n<p>Poco despu\u00e9s, a las 6:05 horas, el ministro de Informaci\u00f3n y Turismo, <strong>Le\u00f3n Herrera, intervino en RNE para anunciar<\/strong>: \u00abSe comunica a los espa\u00f1oles que a las cinco y veinticinco minutos de esta madrugada ha fallecido en Madrid el general\u00edsimo Franco, jefe del Estado, despu\u00e9s de una larga y penosa enfermedad\u00bb.<\/p>\n<p>A las 10:00 horas era el turno del presidente del Gobierno, Carlos Arias Navarro, quien en TVE se dirigi\u00f3 a la poblaci\u00f3n: \u00abEspa\u00f1oles, Franco ha muerto\u00bb. Muy emocionado, ley\u00f3 tambi\u00e9n el testamento pol\u00edtico de Franco antes de proferir con voz quebrada un \u00ab\u00a1viva Espa\u00f1a!\u00bb. <\/p>\n<p>\t\t\u00abEspa\u00f1oles&#8230; Franco ha muerto\u00bb\t<\/p>\n<p>A continuaci\u00f3n, presidi\u00f3 un Consejo de Ministros que<strong> decreta luto oficial en el pa\u00eds durante treinta d\u00edas <\/strong>y pone en marcha la sucesi\u00f3n que estaba prevista en la figura de Juan Carlos I, quien <a href=\"https:\/\/www.rtve.es\/play\/videos\/archivo-casa-real\/proclamacion-del-rey-juan-carlos\/16551484\/\" target=\"_blank\" rel=\"nofollow noopener\">ser\u00eda proclamado rey dos d\u00edas despu\u00e9s<\/a>.<\/p>\n<p>Del hospital La Paz, el <a href=\"https:\/\/www.rtve.es\/play\/videos\/fue-noticia-en-el-archivo-de-rtve\/traslado-restos-mortales-francisco-franco-del-hospital-paz-palacio-pardo-funeral-corpore-insepulto\/16816834\/\" target=\"_blank\" rel=\"nofollow noopener\">f\u00e9retro con los restos mortales de Franco fue trasladado a El Pardo<\/a>, donde fue velado por su familia, y algunas personalidades, entre los que est\u00e1n los todav\u00eda pr\u00edncipes de Espa\u00f1a. <\/p>\n<p>Al d\u00eda siguiente, se le llev\u00f3 al Palacio de Oriente \u2014el actual Palacio Real\u2014 y, a las 8:00 horas, se instal\u00f3 <strong>la capilla ardiente<\/strong>, que estuvo abierta al p\u00fablico hasta las 7:00 horas del 23 de noviembre. Durante 48 horas acudieron miles de espa\u00f1oles; unos, para dar su \u00faltimo adi\u00f3s, y otros, para vivir un momento que iba a ser hist\u00f3rico.<\/p>\n<p>Tras el cierre de la capilla ardiente,<strong> fue trasladado a la Bas\u00edlica del Valle de los Ca\u00eddos<\/strong> \u2014lo que actualmente se conoce como Cuelgamuros\u2014, donde se le dio sepultura <strong>y donde permaneci\u00f3 hasta 2019<\/strong>, cuando <a href=\"https:\/\/www.rtve.es\/noticias\/exhumacion-franco\/\" target=\"_blank\" rel=\"nofollow noopener\">se le exhum\u00f3 para inhumarle en el cementerio de El Pardo-Mingorrubio<\/a>, en aplicaci\u00f3n de la Ley de Memoria Hist\u00f3rica.<\/p>\n<p>Otras noticias sobre los 50 a\u00f1os del fin del franquismo <\/p>\n","protected":false},"excerpt":{"rendered":"El 20 de noviembre de 1975, a las 4:58 horas, la agencia de noticias Europa Pres difund\u00eda en&hellip;\n","protected":false},"author":2,"featured_media":245832,"comment_status":"","ping_status":"","sticky":false,"template":"","format":"standard","meta":{"footnotes":""},"categories":[8],"tags":[17,18,25,24,13,14,11,19,20,9,10,15,16,23,12,21,22],"class_list":{"0":"post-245831","1":"post","2":"type-post","3":"status-publish","4":"format-standard","5":"has-post-thumbnail","7":"category-espana","8":"tag-breaking-news","9":"tag-breakingnews","10":"tag-es","11":"tag-espana","12":"tag-featured-news","13":"tag-featurednews","14":"tag-headlines","15":"tag-latest-news","16":"tag-latestnews","17":"tag-news","18":"tag-noticias","19":"tag-noticias-destacadas","20":"tag-noticiasdestacadas","21":"tag-spain","22":"tag-titulares","23":"tag-ultimas-noticias","24":"tag-ultimasnoticias"},"share_on_mastodon":{"url":"https:\/\/pubeurope.com\/@es\/115580594108069137","error":""},"_links":{"self":[{"href":"https:\/\/www.europesays.com\/es\/wp-json\/wp\/v2\/posts\/245831","targetHints":{"allow":["GET"]}}],"collection":[{"href":"https:\/\/www.europesays.com\/es\/wp-json\/wp\/v2\/posts"}],"about":[{"href":"https:\/\/www.europesays.com\/es\/wp-json\/wp\/v2\/types\/post"}],"author":[{"embeddable":true,"href":"https:\/\/www.europesays.com\/es\/wp-json\/wp\/v2\/users\/2"}],"replies":[{"embeddable":true,"href":"https:\/\/www.europesays.com\/es\/wp-json\/wp\/v2\/comments?post=245831"}],"version-history":[{"count":0,"href":"https:\/\/www.europesays.com\/es\/wp-json\/wp\/v2\/posts\/245831\/revisions"}],"wp:featuredmedia":[{"embeddable":true,"href":"https:\/\/www.europesays.com\/es\/wp-json\/wp\/v2\/media\/245832"}],"wp:attachment":[{"href":"https:\/\/www.europesays.com\/es\/wp-json\/wp\/v2\/media?parent=245831"}],"wp:term":[{"taxonomy":"category","embeddable":true,"href":"https:\/\/www.europesays.com\/es\/wp-json\/wp\/v2\/categories?post=245831"},{"taxonomy":"post_tag","embeddable":true,"href":"https:\/\/www.europesays.com\/es\/wp-json\/wp\/v2\/tags?post=245831"}],"curies":[{"name":"wp","href":"https:\/\/api.w.org\/{rel}","templated":true}]}}