{"id":245837,"date":"2025-11-20T06:30:10","date_gmt":"2025-11-20T06:30:10","guid":{"rendered":"https:\/\/www.europesays.com\/es\/245837\/"},"modified":"2025-11-20T06:30:10","modified_gmt":"2025-11-20T06:30:10","slug":"el-desencuentro-de-la-itzulia-con-alava","status":"publish","type":"post","link":"https:\/\/www.europesays.com\/es\/245837\/","title":{"rendered":"El desencuentro de la Itzulia con \u00c1lava"},"content":{"rendered":"<p>La Itzulia se ha &#8216;olvidado&#8217; de \u00c1lava para su edici\u00f3n de 2026. Por primera vez en 17 a\u00f1os, la Vuelta al Pa\u00eds Vasco pasar\u00e1 de  &#8230; largo por el territorio. Como mucho, lo tocar\u00e1 de refil\u00f3n en alguno de los puntos que faltan por concretar. La falta de entendimiento y sinton\u00eda entre las instituciones y la organizaci\u00f3n (la asociaci\u00f3n OCETA) impidi\u00f3 que alg\u00fan municipio alav\u00e9s figure en el listado de salidas o llegadas de la ronda ciclista y desencaden\u00f3 una reacci\u00f3n que mezcla cr\u00edtica y resignaci\u00f3n entre las instituciones de la provincia.<\/p>\n<p class=\"v-p\">A pesar de que el trazado completo se encuentra a\u00fan por rematar, sobre la mesa de la organizaci\u00f3n no est\u00e1 ahora ning\u00fan municipio alav\u00e9s como escenario principal, una decisi\u00f3n que la Diputaci\u00f3n lament\u00f3 este mi\u00e9rcoles. \u00abLa voluntad es que la Itzulia est\u00e9 presente en \u00c1lava, pero no hacemos el recorrido\u00bb, aleg\u00f3 el diputado general, Ramiro Gonz\u00e1lez, en su presentaci\u00f3n del proyecto de presupuestos de 2026. Las Cuentas forales reservan una partida espec\u00edfica de 40.051 euros para este fin, que en principio se quedar\u00e1 en el aire. \u00abEl recorrido lo hace una organizaci\u00f3n que contactar\u00eda con nosotros en busca de un patrocinio. Hemos contemplado la partida y se ejecutar\u00e1 si la Itzulia tiene presencia en \u00c1lava. Si no, no\u00bb, concluy\u00f3.<\/p>\n<p class=\"v-p\">El lamento, con una cr\u00edtica velada, del dirigente jeltzale hacia los organizadores contrasta con la resignaci\u00f3n del Ayuntamiento de Vitoria, que relativiza la ausencia de la ronda vasca por la falta de contactos que han existido en los \u00faltimos meses en busca de un acuerdo para albergar la cita ciclista o de dise\u00f1ar un eventual recorrido por el t\u00e9rmino municipal. A diferencia de la instituci\u00f3n foral, el Consistorio no recoge una partida concreta para la celebraci\u00f3n de la Itzulia y considera que su impacto en la proyecci\u00f3n de la capital alavesa es relativa.<\/p>\n<p class=\"v-cmp-fgn__t\">\n40.051<br \/>\nEuros\n<\/p>\n<p class=\"v-p\">Dinero que ha reservado el gobierno de la Diputaci\u00f3n de cara al pr\u00f3ximo ejercicio para patrocinar la Itzulia. Una cantidad que no se ejecutar\u00e1 si la prueba finalmente no llega a tierras alavesas.<\/p>\n<p class=\"v-cmp-fgn__t\">\n130.000<br \/>\nEuros\n<\/p>\n<p class=\"v-p\">Ese es el coste de la contrarreloj que el a\u00f1o pasado sali\u00f3 y termin\u00f3 en el entorno del Buesa Arena )IVA no incluido). Una cifra que queda lejos de lo planteado por la Diputaci\u00f3n.<\/p>\n<p class=\"v-p\">En la pasada edici\u00f3n, Vitoria fue sede de la primera etapa, aunque de forma un tanto indirecta. Acogi\u00f3 la contrarreloj individual de 16,5 kil\u00f3metros en la jornada inaugural desde el interior del Buesa Arena, lejos del bullicio que suelen provocar las grandes citas deportivas en las calles y plazas m\u00e1s transitadas de la ciudad. En la celebraci\u00f3n de esta \u00faltima etapa con inicio y final en suelo alav\u00e9s, adem\u00e1s, el Baskonia tuvo un papel principal, ya que los contactos se produjeron entre el club de baloncesto y la propia Itzulia, mientras que las instituciones adoptaron un perfil m\u00e1s discreto. Eso s\u00ed, fuentes de la Diputaci\u00f3n y el Ayuntamiento remarcan la \u00abcolaboraci\u00f3n\u00bb que existi\u00f3 desde el punto de vista organizativo, log\u00edstico y en materia de seguridad para la celebraci\u00f3n de la prueba.<\/p>\n<p class=\"v-p\">En cualquier caso, el coste para acoger la etapa inicial rond\u00f3 los 130.000 euros (sin IVA), casi el triple de la cuant\u00eda reservada por la Diputaci\u00f3n en el proyecto de presupuestos del pr\u00f3ximo a\u00f1o. Sin embargo, las instituciones no fueron las \u00fanicas que reflejaron esa clara falta de sinton\u00eda con la organizaci\u00f3n. Tambi\u00e9n lo hizo el presidente de Oceta, Javier Ria\u00f1o. \u00ab\u00c1lava nos dej\u00f3 un poco fr\u00edos\u00bb, subray\u00f3 en la Cadena Ser. No obstante, los promotores evitaron profundizar despu\u00e9s en los motivos de ese alejamiento, que apuntan a ser econ\u00f3micos y pol\u00edticos. <\/p>\n<p>\u00abCasi nos obligaron\u00bb<\/p>\n<p class=\"v-p\">De hecho, \u00e9ste no es el primer choque entre las instituciones alavesas y la prueba ciclista. Es m\u00e1s, el diputado general no lo ocult\u00f3 y en su comparecencia de este mi\u00e9rcoles en las Juntas record\u00f3 las \u00abdeclaraciones\u00bb que \u00abno hace tanto tiempo\u00bb (en mayo de 2022) pronunci\u00f3 el anterior m\u00e1ximo responsable de la organizaci\u00f3n, Juli\u00e1n Eraso. \u00c9ste afirm\u00f3 hace tres a\u00f1os que \u00abcasi nos obligaron a crear la Itzulia femenina por ser una moda\u00bb, aunque poco despu\u00e9s se retract\u00f3.<\/p>\n<p class=\"v-p\">\u00abEsta carrera trae a las mejores referentes para nuestras j\u00f3venes. No es una moda, es una apuesta por la igualdad y para el desarrollo de nuestra sociedad\u00bb, le respondi\u00f3 entonces el m\u00e1ximo dirigente. En ese sentido, Gonz\u00e1lez afirm\u00f3 que \u00abesta instituci\u00f3n ha tenido conversaciones en los \u00faltimos a\u00f1os con la organizaci\u00f3n para equiparar la Itzulia masculina y la femenina\u00bb.<\/p>\n<p>\nLa Federaci\u00f3n Alavesa recibi\u00f3 la noticia con \u00abresignaci\u00f3n y pena\u00bb: \u00abLlama la atenci\u00f3n que de tres territorios dejes uno fuera\u00bb\n<\/p>\n<p class=\"v-p\">Pero el malestar por la ausencia de una etapa con inicio o final en el territorio tambi\u00e9n lleg\u00f3 a la Federaci\u00f3n Alavesa de Ciclismo, que recibi\u00f3 la noticia con \u00abpena\u00bb y \u00abresignaci\u00f3n\u00bb. \u00abLlama la atenci\u00f3n que de tres territorios te dejes uno fuera\u00bb, asegur\u00f3 a EL CORREO su presidente, I\u00f1aki Pinedo, quien lament\u00f3 que una provincia \u00abtan ciclista\u00bb como \u00c1lava se quedara fuera de la principal cita del pelot\u00f3n en Euskadi.<\/p>\n<p class=\"v-p\">Aunque la Federaci\u00f3n apunta que el dise\u00f1o del recorrido y los acuerdos entre la organizaci\u00f3n y las instituciones exceden sus competencias, conf\u00eda en que sea \u00abuna cuesti\u00f3n pasajera\u00bb. \u00abEn \u00c1lava se han vivido etapas muy bonitas y se tienen que repetir\u00bb, asegura. Sin embargo, a falta de que se definan los \u00faltimos detalles de la Itzulia 2026 y salvo giro dr\u00e1stico en los planes de la organizaci\u00f3n, el protagonismo del territorio ser\u00e1 pr\u00e1cticamente nulo 17 a\u00f1os despu\u00e9s.<\/p>\n<p>La segunda ausencia en el libro de ruta en 45 a\u00f1os<\/p>\n<p class=\"v-p\">\nAlberto Contador gan\u00f3 la Itzulia de 2009. Samuel S\u00e1nchez qued\u00f3 segundo y el australiano Cadel Evans, tercero. Ninguno de los diez primeros clasificados en aquella semana sigue en activo. Entonces fue la \u00faltima vez que la Vuelta al Pa\u00eds Vasco pas\u00f3 de largo de \u00c1lava, ya que ninguna etapa sali\u00f3 o lleg\u00f3 del territorio hist\u00f3rico. Las etapas fueron Ataun-Ataun, Ataun-Villatuerta, Villatuerta-Eibar, Eibar-G\u00fce\u00f1es, G\u00fce\u00f1es-Zalla y una contrarreloj final alrededor de las Encartaciones vizca\u00ednas sirvieron para que el &#8216;pistolero&#8217; de Parla \u2013entonces con el maillot del equipo kazajo Astana\u2013 diese comienzo a una exitosa temporada en la que acab\u00f3 ganando su segundo Tour. Una ausencia en tierras alavesas que no se daba desde 1980. Hace 45 a\u00f1os. Tampoco fue la salida o la meta en 1979, 1977, 1973 y 1971, que coinciden con los &#8216;a\u00f1os de plomo&#8217;, aunque de alguna manera pasaron por la provincia, pues algunos d\u00edas hicieron noche en Logro\u00f1o. S\u00ed, en la capital de La Rioja. En total, seis veces desde que en 1969 se retom\u00f3 la prueba despu\u00e9s de que quedase suspendida por la Guerra Civil.\n<\/p>\n<p class=\"v-p\">\nDesde 2012 ha habido una jornada que ha arrancado o terminado en Vitoria. En la \u00faltima edici\u00f3n, adem\u00e1s, se celebr\u00f3 una contrarreloj &#8216;circular&#8217; con salida y llegada en el entorno del Buesa Arena, que gan\u00f3 Maximilian Schachmann, corredor alem\u00e1n del equipo Soudal Quick-Step. Fue una excepci\u00f3n. Lo habitual ha sido que la zona de Mendizabala se convierta en el punto de encuentro de los ciclistas con los aficionados y los m\u00e1s curiosos, aunque el posterior corte oficial de la cinta se trasladase a la plaza de la Virgen Blanca. Pero no s\u00f3lo se ha centrado en Vitoria. La Itzulia tambi\u00e9n ha tomado Zuia, Valdegov\u00eda, Elciego, Amurrio, el Santuario de Est\u00edbaliz, Llodio, Labastida o Legutio como referencia para colocar su punto de salida o la l\u00ednea de meta. Un territorio que siempre ha vibrado con las pruebas, y con una afici\u00f3n que no ha dudado en colocarse en los m\u00e1rgenes de las carreteras para dar la bienvenida a los deportistas.<\/p>\n","protected":false},"excerpt":{"rendered":"La Itzulia se ha &#8216;olvidado&#8217; de \u00c1lava para su edici\u00f3n de 2026. Por primera vez en 17 a\u00f1os,&hellip;\n","protected":false},"author":2,"featured_media":245838,"comment_status":"","ping_status":"","sticky":false,"template":"","format":"standard","meta":{"footnotes":""},"categories":[273],"tags":[3935,313,312,168,41160,25,24,52749,23,167],"class_list":{"0":"post-245837","1":"post","2":"type-post","3":"status-publish","4":"format-standard","5":"has-post-thumbnail","7":"category-ciclismo","8":"tag-alava","9":"tag-ciclismo","10":"tag-cycling","11":"tag-deportes","12":"tag-desencuentro","13":"tag-es","14":"tag-espana","15":"tag-itzulia","16":"tag-spain","17":"tag-sports"},"share_on_mastodon":{"url":"https:\/\/pubeurope.com\/@es\/115580621431478924","error":""},"_links":{"self":[{"href":"https:\/\/www.europesays.com\/es\/wp-json\/wp\/v2\/posts\/245837","targetHints":{"allow":["GET"]}}],"collection":[{"href":"https:\/\/www.europesays.com\/es\/wp-json\/wp\/v2\/posts"}],"about":[{"href":"https:\/\/www.europesays.com\/es\/wp-json\/wp\/v2\/types\/post"}],"author":[{"embeddable":true,"href":"https:\/\/www.europesays.com\/es\/wp-json\/wp\/v2\/users\/2"}],"replies":[{"embeddable":true,"href":"https:\/\/www.europesays.com\/es\/wp-json\/wp\/v2\/comments?post=245837"}],"version-history":[{"count":0,"href":"https:\/\/www.europesays.com\/es\/wp-json\/wp\/v2\/posts\/245837\/revisions"}],"wp:featuredmedia":[{"embeddable":true,"href":"https:\/\/www.europesays.com\/es\/wp-json\/wp\/v2\/media\/245838"}],"wp:attachment":[{"href":"https:\/\/www.europesays.com\/es\/wp-json\/wp\/v2\/media?parent=245837"}],"wp:term":[{"taxonomy":"category","embeddable":true,"href":"https:\/\/www.europesays.com\/es\/wp-json\/wp\/v2\/categories?post=245837"},{"taxonomy":"post_tag","embeddable":true,"href":"https:\/\/www.europesays.com\/es\/wp-json\/wp\/v2\/tags?post=245837"}],"curies":[{"name":"wp","href":"https:\/\/api.w.org\/{rel}","templated":true}]}}