{"id":245839,"date":"2025-11-20T06:32:11","date_gmt":"2025-11-20T06:32:11","guid":{"rendered":"https:\/\/www.europesays.com\/es\/245839\/"},"modified":"2025-11-20T06:32:11","modified_gmt":"2025-11-20T06:32:11","slug":"sergio-scariolo-alza-la-voz-ante-la-posibilidad-de-que-trey-lyles-deje-el-madrid-por-la-nba","status":"publish","type":"post","link":"https:\/\/www.europesays.com\/es\/245839\/","title":{"rendered":"Sergio Scariolo alza la voz ante la posibilidad de que Trey Lyles deje el Madrid por la NBA"},"content":{"rendered":"<p>\u00abHay cero opci\u00f3n, ninguna opci\u00f3n\u00bb, afirma el italiano sobre el canadiense en la antesala del enfrentamiento del Real Madrid ante el Zalgiris<\/p>\n<p class=\"parrafo\">El Real Madrid de Sergio Scariolo no acaba de tener regularidad. Tras un primer mes en el que el rendimiento de sus jugadores era muy diferente en casa que fuera, y no era capaz de ganar lejos del Movistar Arena, tres triunfos consecutivos, entre los que estaba el Cl\u00e1sico ante el Bar\u00e7a, parec\u00edan haberlo cambiado todo. Sin embargo, la derrota en el Roig Arena y la siguiente<a href=\"https:\/\/www.estadiodeportivo.com\/baloncesto\/euroliga\/panathinaikos-arruina-idilio-del-madrid-con-movistar-arena-20251113-520236.html\" class=\"intext-link\" rel=\"nofollow noopener\" target=\"_blank\"> ante el Panathinaikos <\/a>en casa han devuelto las dudas.<\/p>\n<p class=\"parrafo\">Con ellas tendr\u00e1 que lidiar un Scariolo que este jueves <strong>se las ve con uno de los mejores equipos en este arranque de Euroliga, un Zalgiris Kaunas que ya gan\u00f3 en el Palau Blaugrana<\/strong>, que tambi\u00e9n derrot\u00f3 al Valencia Basket y que le ha complicado la vida a todo el que se ha enfrentado. <\/p>\n<p><a class=\"elementos-rel-t2\" href=\"https:\/\/www.estadiodeportivo.com\/baloncesto\/acb\/sergio-scariolo-reconoce-problema-del-madrid-tenemos-que-estar-tranquilos-entran-esos-tiros-liberados-20251116-520572.html\" title=\"Sergio Scariolo reconoce el problema del Madrid: &quot;Tenemos que estar tranquilos si no entran esos tiros liberados&quot;\" rel=\"nofollow noopener\" target=\"_blank\">Sergio Scariolo reconoce el problema del Madrid: \u00abTenemos que estar tranquilos si no entran esos tiros liberados\u00bb<img decoding=\"async\" src=\"https:\/\/www.europesays.com\/es\/wp-content\/uploads\/2025\/11\/048c3753-c2cb-47d5-b1fe-926f6c34521a_320x180.jpeg\" alt=\"Sergio Scariolo reconoce el problema del Madrid: &quot;Tenemos que estar tranquilos si no entran esos tiros liberados&quot;\"\/><\/a><\/p>\n<p class=\"parrafo\">Sergio Scariolo sabe a lo que se enfrenta y se ha preparado para ello. \u00ab<strong>Este partido lo afrontamos contra uno de los mejores equipos de estos primeros partidos de la Euroliga. <\/strong>Tienen un rendimiento ofensivo muy bueno, con un porcentaje de tiro alto y con capacidad de ir al contraataque, sobre todo desde las p\u00e9rdidas que saben forzar al rival\u00bb, analizaba el preparador del Real Madrid, que le ha pedido a sus jugadores que sigan tirando, porque al final llegar\u00e1 el premio.<\/p>\n<p><img decoding=\"async\" src=\"https:\/\/www.europesays.com\/es\/wp-content\/uploads\/2025\/11\/57c9de18-8b6b-4285-8f73-2558931ea21a_800x453.jpeg\" loading=\"lazy\"\/><\/p>\n<p class=\"parrafo\"><strong>El t\u00e9cnico de Brescia reconoc\u00eda el pasado domingo que sus jugadores se pon\u00edan nerviosos <\/strong><a href=\"https:\/\/www.estadiodeportivo.com\/baloncesto\/acb\/sergio-scariolo-reconoce-problema-del-madrid-tenemos-que-estar-tranquilos-entran-esos-tiros-liberados-20251116-520572.html\" class=\"intext-link\" rel=\"nofollow noopener\" target=\"_blank\"><strong>cuando los tiros liberados no les entraban,<\/strong> <\/a>pero \u00e9l insiste en que sigan igual y que su objetivo debe<strong> \u00abseguir siendo capaz de generar tiros de alto porcentaje<\/strong><strong>\u00ab<\/strong>. Si lo logran s\u00f3lo falta mejorar la eficacia y no sufrir &#8216;apagones&#8217; como ante Valencia o Virtus. \u00abEso lo cambia completamente todo, incluso a la hora de tener m\u00e1s fluidez y espacios dentro.<strong> Hemos tenido partidos con un porcentaje de tiro muy alto, pero sin continuidad. Hay que seguir trabajando para generarlos y practicarlos en los entrenamientos\u00bb, reiter\u00f3.<\/strong><\/p>\n<p>El Zalgiris, un problema en ataque<\/p>\n<p class=\"parrafo\">Si en ataque la soluci\u00f3n la tiene clara, en defensa sabe que equipos como el Zalgiris les pueden complicar mucho. \u00ab<strong>Hay situaciones donde te tienes que enfrentar a equipos buen\u00edsimos, sobre todo los que te proponen dos o tres manejadores a la vez, <\/strong>que es una situaci\u00f3n muy complicada para un equipo de nuestra estructura y para cualquiera. Yo creo que eso es b\u00e1sicamente lo que funciona hoy mismo en la Euroliga, seleccionar bien los marcajes y estar realmente capacitado para hacer m\u00faltiples esfuerzos a lo largo de la misma posesi\u00f3n\u00bb, analizaba el exseleccionador espa\u00f1ol.<\/p>\n<p><a class=\"elementos-rel-t2\" href=\"https:\/\/www.estadiodeportivo.com\/baloncesto\/euroliga\/real-madrid-zalgiris-horario-canal-donde-ver-hoy-online-partido-euroliga-20251119-520950.html\" title=\"Real Madrid - Zalgiris: horario, canal y d\u00f3nde ver hoy en TV y online el partido de Euroliga\" rel=\"nofollow noopener\" target=\"_blank\">Real Madrid &#8211; Zalgiris: horario, canal y d\u00f3nde ver hoy en TV y online el partido de Euroliga<img decoding=\"async\" src=\"https:\/\/www.europesays.com\/es\/wp-content\/uploads\/2025\/11\/1133ae12-43df-40af-a9b3-2d365c2d22dd_320x180.jpeg\" alt=\"Real Madrid - Zalgiris: horario, canal y d\u00f3nde ver hoy en TV y online el partido de Euroliga\"\/><\/a><\/p>\n<p class=\"parrafo\">En este sentido, su Madrid tambi\u00e9n ha jugado en muchas ocasiones con dos \u00abmanejadores\u00bb y <strong>Theo Maledon<\/strong> es un comod\u00edn cuando est\u00e1n en pista Facu Campazzo o Andr\u00e9s Feliz. \u00ab<strong>Maledon se siente m\u00e1s c\u00f3modo como &#8216;1&#8217;, pero tambi\u00e9n se puede adaptar a jugar en el &#8216;2&#8217;. Para nosotros es un recurso <\/strong>que podemos utilizar y luego, en la faceta defensiva, nos tiene que permitir jugar con dos jugadores relativamente peque\u00f1os. Su naturaleza siempre ha sido de base, pero est\u00e1 demostrando que se puede adaptar a jugar junto a Campazzo\u00bb, afirmaba.<\/p>\n<p class=\"parrafo\"><strong>Con el que no tiene dudas es con un Trey Lyles que se est\u00e1 destapando como uno de los mejores jugadores de la Euroliga<\/strong>. Tanto que ha sonado<strong> la posibilidad de que volviera a la NBA<\/strong>. <strong>Ante eso, Scariolo deja claro que no es posible. \u00abHay cero opci\u00f3n, ninguna opci\u00f3n\u00bb, sentencia <\/strong>el entrenador del Real Madrid.<\/p>\n","protected":false},"excerpt":{"rendered":"\u00abHay cero opci\u00f3n, ninguna opci\u00f3n\u00bb, afirma el italiano sobre el canadiense en la antesala del enfrentamiento del Real&hellip;\n","protected":false},"author":2,"featured_media":245840,"comment_status":"","ping_status":"","sticky":false,"template":"","format":"standard","meta":{"footnotes":""},"categories":[269],"tags":[299,298,168,25,24,284,833,10765,3049,23,167,35574,53569],"class_list":{"0":"post-245839","1":"post","2":"type-post","3":"status-publish","4":"format-standard","5":"has-post-thumbnail","7":"category-baloncesto","8":"tag-baloncesto","9":"tag-basketball","10":"tag-deportes","11":"tag-es","12":"tag-espana","13":"tag-estadio-deportivo","14":"tag-euroliga","15":"tag-real-madrid-baloncesto","16":"tag-sergio-scariolo","17":"tag-spain","18":"tag-sports","19":"tag-trey-lyles","20":"tag-zalgiris-kaunas"},"share_on_mastodon":{"url":"https:\/\/pubeurope.com\/@es\/115580629781193318","error":""},"_links":{"self":[{"href":"https:\/\/www.europesays.com\/es\/wp-json\/wp\/v2\/posts\/245839","targetHints":{"allow":["GET"]}}],"collection":[{"href":"https:\/\/www.europesays.com\/es\/wp-json\/wp\/v2\/posts"}],"about":[{"href":"https:\/\/www.europesays.com\/es\/wp-json\/wp\/v2\/types\/post"}],"author":[{"embeddable":true,"href":"https:\/\/www.europesays.com\/es\/wp-json\/wp\/v2\/users\/2"}],"replies":[{"embeddable":true,"href":"https:\/\/www.europesays.com\/es\/wp-json\/wp\/v2\/comments?post=245839"}],"version-history":[{"count":0,"href":"https:\/\/www.europesays.com\/es\/wp-json\/wp\/v2\/posts\/245839\/revisions"}],"wp:featuredmedia":[{"embeddable":true,"href":"https:\/\/www.europesays.com\/es\/wp-json\/wp\/v2\/media\/245840"}],"wp:attachment":[{"href":"https:\/\/www.europesays.com\/es\/wp-json\/wp\/v2\/media?parent=245839"}],"wp:term":[{"taxonomy":"category","embeddable":true,"href":"https:\/\/www.europesays.com\/es\/wp-json\/wp\/v2\/categories?post=245839"},{"taxonomy":"post_tag","embeddable":true,"href":"https:\/\/www.europesays.com\/es\/wp-json\/wp\/v2\/tags?post=245839"}],"curies":[{"name":"wp","href":"https:\/\/api.w.org\/{rel}","templated":true}]}}