{"id":245843,"date":"2025-11-20T06:34:14","date_gmt":"2025-11-20T06:34:14","guid":{"rendered":"https:\/\/www.europesays.com\/es\/245843\/"},"modified":"2025-11-20T06:34:14","modified_gmt":"2025-11-20T06:34:14","slug":"carmen-cervera-renuncia-a-su-titulo-de-baronesa","status":"publish","type":"post","link":"https:\/\/www.europesays.com\/es\/245843\/","title":{"rendered":"Carmen Cervera renuncia a su t\u00edtulo de Baronesa"},"content":{"rendered":"<p data-journey-content=\"true\" data-node-id=\"3\" class=\"css-6wxqfj emevuu60\">Aunque para todos seguir\u00e1 siendo la Baronesa Thyssen, <strong data-node-id=\"3.1\">a efectos legales, Carmen Cervera no tiene t\u00edtulo nobiliario<\/strong>, ya que ha renunciado voluntariamente a \u00e9l y a su apellido. Seg\u00fan ha detallado Nacho Gay en <a href=\"https:\/\/www.diezminutos.es\/y-ahora-sonsoles\/\" target=\"_blank\" data-vars-ga-outbound-link=\"https:\/\/www.diezminutos.es\/y-ahora-sonsoles\/\" data-vars-ga-ux-element=\"Hyperlink\" data-vars-ga-call-to-action=\"&#039;Y ahora Sonsoles&#039;\" data-node-id=\"3.3\" class=\"body-link css-177bzfx emevuu60\" rel=\"nofollow noopener\">&#8216;Y ahora Sonsoles&#8217;<\/a>, la madre de Borja Thyssen hace unos meses que tom\u00f3 esta dr\u00e1stica decisi\u00f3n. Al parecer, <strong data-node-id=\"3.5\">la Baronesa Thyssen ha dejado de ser &#8216;baronesa&#8217; tras renunciar voluntariamente a su nacionalidad suiza<\/strong> y perder con ello su derecho documental a usar el apellido Thyssen-Bornemisza. Ella adquiri\u00f3 el t\u00edtulo <a href=\"https:\/\/www.diezminutos.es\/famosos-corazon\/famosos-espanoles\/a32267750\/baronesa-thyssen-tita-cervera-cumpleanos\/\" target=\"_blank\" data-vars-ga-outbound-link=\"https:\/\/www.diezminutos.es\/famosos-corazon\/famosos-espanoles\/a32267750\/baronesa-thyssen-tita-cervera-cumpleanos\/\" data-vars-ga-ux-element=\"Hyperlink\" data-vars-ga-call-to-action=\"al casarse con el Bar\u00f3n Thyssen, en 1985\" data-node-id=\"3.7\" class=\"body-link css-177bzfx emevuu60\" rel=\"nofollow noopener\">al casarse con el Bar\u00f3n Thyssen, en 1985<\/a>. Se conocieron cuatro a\u00f1os antes y lo suyo fue un amor a primera vista. Un matrimonio que dur\u00f3 hasta la muerte del bar\u00f3n en 2002. Tita hered\u00f3 parte de su fortuna y la custodia de su importante colecci\u00f3n de arte, gestion\u00e1ndola y ampli\u00e1ndola a lo largo de estos a\u00f1os.<\/p>\n<p data-journey-content=\"true\" data-node-id=\"6\" class=\"css-6wxqfj emevuu60\">Todo parec\u00eda perfecto hasta que ha salido a la luz el \u00faltimo movimiento de la arist\u00f3crata. \u00ab<strong data-node-id=\"6.1\">La renuncia comenz\u00f3 hace unos meses, lo hizo en el registro civil de suiza<\/strong>. Ella present\u00f3 una renuncia a la nacionalidad y pierde los documentos que lleven su apellido y el t\u00edtulo.  Ella ya no es baronesa Thyssen, a efectos legales\u00bb, ha explicado el colaborador del programa de Sonsoles \u00d3nega. Esta renuncia no significa que sus herederos tambi\u00e9n pierdan el t\u00edtulo, por lo que<a href=\"https:\/\/www.diezminutos.es\/famosos-corazon\/famosos-espanoles\/news\/g6371\/tita-cervera-borja-y-blanca-primer-posado-en-familia-despues-de-cinco-anos\/\" target=\"_blank\" data-vars-ga-outbound-link=\"https:\/\/www.diezminutos.es\/famosos-corazon\/famosos-espanoles\/news\/g6371\/tita-cervera-borja-y-blanca-primer-posado-en-familia-despues-de-cinco-anos\/\" data-vars-ga-ux-element=\"Hyperlink\" data-vars-ga-call-to-action=\" Borja Thyssen y su mujer siguen manteni\u00e9ndolo\" data-node-id=\"6.3\" class=\"body-link css-177bzfx emevuu60\" rel=\"nofollow noopener\"> Borja Thyssen y su mujer siguen manteni\u00e9ndolo<\/a>.<\/p>\n<p><img draggable=\"true\" alt=\"blanca cuesta y borja thyssen\" title=\"Blanca Cuesta y Borja Thyssen\" loading=\"lazy\" width=\"3264\" height=\"2448\" decoding=\"async\" data-nimg=\"1\" style=\"color:transparent;width:100%;height:auto;\"   src=\"https:\/\/www.europesays.com\/es\/wp-content\/uploads\/2025\/11\/blanca-cuesta-68f12dc387937.jpg\" class=\"css-0 e1g79fud0\"\/><\/p>\n<p>Gtres<\/p>\n<p data-journey-content=\"true\" data-node-id=\"9\" class=\"css-6wxqfj emevuu60\">Para no perder del todo su apellido, <strong data-node-id=\"9.1\">Carmen habr\u00eda hecho \u00abun truquito\u00bb en el registro civil espa\u00f1ol<\/strong>. \u00abAqu\u00ed no te puedes cambiar los apellidos, solo el orden, pero de nombre te puedes llamar como quieras, as\u00ed que ella <strong data-node-id=\"9.3\">Carmen Thyssen es ahora su nombre de pila<\/strong>. Se llamaba Mar\u00eda del Carmen Rosario Soledad. Esto hace que pueda seguir firmando como Carmen Thyssen, algo que podr\u00eda haber hecho para que nadie se enterase\u00bb, cuenta Nacho Gay. <\/p>\n<p><img draggable=\"true\" alt=\"carmen thyssen\" title=\"Carmen Thyssen\" loading=\"lazy\" width=\"683\" height=\"1024\" decoding=\"async\" data-nimg=\"1\" style=\"color:transparent;width:100%;height:auto;\"   src=\"https:\/\/www.europesays.com\/es\/wp-content\/uploads\/2025\/11\/baroness-thyssen-bornemisza-carmen-thyssen-during-the-press-news-photo-1763580125.pjpeg\" class=\"css-0 e1g79fud0\"\/><\/p>\n<p>Europa Press News\/\/Getty Images<\/p>\n<p>Los motivos que han llevado a Carmen Thyssen a renunciar a su t\u00edtulo<\/p>\n<p data-journey-content=\"true\" data-node-id=\"15\" class=\"css-6wxqfj emevuu60\">Seg\u00fan han contado en &#8216;Y ahora Sonsoles&#8217;, <strong data-node-id=\"15.1\">la raz\u00f3n por la que la arist\u00f3crata ha dado este paso es para \u00abobtener la ciudadan\u00eda en el Principado de Andorra<\/strong>, su lugar habitual de residencia y donde debe residir 183 d\u00edas para tributar. Ser\u00eda una idea que lleva a\u00f1os <a href=\"https:\/\/www.diezminutos.es\/famosos-corazon\/famosos-espanoles\/a46532798\/carmen-cervera-nombre-hija-carmen-legado-heredera\/\" target=\"_blank\" data-vars-ga-outbound-link=\"https:\/\/www.diezminutos.es\/famosos-corazon\/famosos-espanoles\/a46532798\/carmen-cervera-nombre-hija-carmen-legado-heredera\/\" data-vars-ga-ux-element=\"Hyperlink\" data-vars-ga-call-to-action=\"pensando para proteger su legado, su herencia\" data-node-id=\"15.3\" class=\"body-link css-177bzfx emevuu60\" rel=\"nofollow noopener\">pensando para proteger su legado, su herencia<\/a> y \u00abpensaba que no se iba a enterar nadie\u00bb.<\/p>\n<p data-journey-content=\"true\" data-node-id=\"17\" class=\"css-6wxqfj emevuu60\">Actualmente, la \u00fanica nacionalidad que tiene Carmen Thyssen es la espa\u00f1ola por lo que tendr\u00eda que repartir la herencia en Espa\u00f1a. \u00ab<strong data-node-id=\"17.1\">La leg\u00edtima en Suiza era m\u00e1s alta que en Espa\u00f1a, y en Espa\u00f1a es m\u00e1s alta que en Andorra.<\/strong> Borja ya ha recibido su parte de herencia del Bar\u00f3n Thyssen y est\u00e1 protegido. La intenci\u00f3n de Tita es proteger mucho m\u00e1s a sus hijas\u00bb, ha asegurado el colaborador de &#8216;Y ahora Sonsoles&#8217;.<\/p>\n<p><img src=\"https:\/\/www.europesays.com\/es\/wp-content\/uploads\/2025\/11\/1763620454_888_edf7d479-6cd4-48bc-8600-bcfd6ef75c9d_1734435678.jpg\" alt=\"Headshot of Magdalena Pi\u00f1ero\" title=\"Headshot of Magdalena Pi\u00f1ero\" width=\"100%\" height=\"100%\" decoding=\"async\" loading=\"lazy\" class=\"css-o0wq4v ev8dhu53\"\/><\/p>\n<p>Magdalena Pi\u00f1ero es periodista experta en coraz\u00f3n, celebridades y sociedad. Licenciada en Periodismo por la Universidad de Sevilla, se mud\u00f3 a Madrid para cursar el M\u00e1ster de Periodismo de la Agencia EFE. Hizo pr\u00e1cticas en la secci\u00f3n de Tribunales y en la de Sociedad y Televisi\u00f3n. En ambas disfrut\u00f3 mucho, pero fue en la segunda en la que descubri\u00f3 que cubrir el estreno de la serie de televisi\u00f3n del momento y entrevistar a sus protagonistas le apasionaba mucho m\u00e1s de lo que jam\u00e1s hubiera imaginado. Sonr\u00ede al recordar sus primeras ruedas de prensa, entre ellas &#8216;El programa de Ana Rosa&#8217;.<br \/>\nLleva m\u00e1s de una d\u00e9cada trabajando en la web de Diezminutos.es, pero es una nost\u00e1lgica y recuerda con cari\u00f1o su etapa en el formato de papel de la revista, en la que estuvo colaborando. Un tiempo en el que ha visto y trabajado en las noticias m\u00e1s destacadas del panorama nacional como la boda de Pilar Rubio y Sergio Ramos; el divorcio de Paula Echavarr\u00eda y David Bustamante; y acontecimientos hist\u00f3ricos como la coronaci\u00f3n de Felipe VI como rey de Espa\u00f1a.<br \/>\nAdem\u00e1s del coraz\u00f3n, le encanta la moda y la belleza. De ah\u00ed que ponga el mismo entusiasmo escribiendo sobre los looks de la Reina Letizia que sobre la crema favorita de Isasaweis. Tiene ojo cl\u00ednico para detectar si dos famosas han llevado el mismo vestido y hacer un tema sobre cu\u00e1l de ellas lo lleva mejor.<br \/>\nEn sus ratos libres, adem\u00e1s de seguir form\u00e1ndose en las \u00faltimas novedades digitales para aplicarlas en su trabajo, le encanta ver realities como &#8216;Supervivientes&#8217; y &#8216;Soy Georgina&#8217; (comparte con Georgina Rodr\u00edguez su amor por los ib\u00e9ricos), programas de coraz\u00f3n y todo lo que se emita en la parrilla televisiva de lo que pueda sacar un buen salseo. \u00bfLa excusa que pone siempre para verlos sin que la molesten? : \u00abLo hago por trabajo\u00bb.<\/p>\n","protected":false},"excerpt":{"rendered":"Aunque para todos seguir\u00e1 siendo la Baronesa Thyssen, a efectos legales, Carmen Cervera no tiene t\u00edtulo nobiliario, ya&hellip;\n","protected":false},"author":2,"featured_media":245844,"comment_status":"","ping_status":"","sticky":false,"template":"","format":"standard","meta":{"footnotes":""},"categories":[174],"tags":[255,253,146,147,25,24,256,23],"class_list":{"0":"post-245843","1":"post","2":"type-post","3":"status-publish","4":"format-standard","5":"has-post-thumbnail","7":"category-famosos","8":"tag-celebrities","9":"tag-discover","10":"tag-entertainment","11":"tag-entretenimiento","12":"tag-es","13":"tag-espana","14":"tag-famosos","15":"tag-spain"},"share_on_mastodon":{"url":"https:\/\/pubeurope.com\/@es\/115580637326077143","error":""},"_links":{"self":[{"href":"https:\/\/www.europesays.com\/es\/wp-json\/wp\/v2\/posts\/245843","targetHints":{"allow":["GET"]}}],"collection":[{"href":"https:\/\/www.europesays.com\/es\/wp-json\/wp\/v2\/posts"}],"about":[{"href":"https:\/\/www.europesays.com\/es\/wp-json\/wp\/v2\/types\/post"}],"author":[{"embeddable":true,"href":"https:\/\/www.europesays.com\/es\/wp-json\/wp\/v2\/users\/2"}],"replies":[{"embeddable":true,"href":"https:\/\/www.europesays.com\/es\/wp-json\/wp\/v2\/comments?post=245843"}],"version-history":[{"count":0,"href":"https:\/\/www.europesays.com\/es\/wp-json\/wp\/v2\/posts\/245843\/revisions"}],"wp:featuredmedia":[{"embeddable":true,"href":"https:\/\/www.europesays.com\/es\/wp-json\/wp\/v2\/media\/245844"}],"wp:attachment":[{"href":"https:\/\/www.europesays.com\/es\/wp-json\/wp\/v2\/media?parent=245843"}],"wp:term":[{"taxonomy":"category","embeddable":true,"href":"https:\/\/www.europesays.com\/es\/wp-json\/wp\/v2\/categories?post=245843"},{"taxonomy":"post_tag","embeddable":true,"href":"https:\/\/www.europesays.com\/es\/wp-json\/wp\/v2\/tags?post=245843"}],"curies":[{"name":"wp","href":"https:\/\/api.w.org\/{rel}","templated":true}]}}