{"id":245849,"date":"2025-11-20T06:39:09","date_gmt":"2025-11-20T06:39:09","guid":{"rendered":"https:\/\/www.europesays.com\/es\/245849\/"},"modified":"2025-11-20T06:39:09","modified_gmt":"2025-11-20T06:39:09","slug":"vea-el-documental-que-cuenta-el-ascenso-al-poder-de-franco","status":"publish","type":"post","link":"https:\/\/www.europesays.com\/es\/245849\/","title":{"rendered":"Vea el documental que cuenta el ascenso al poder de Franco"},"content":{"rendered":"<p class=\"paragraph\">El 19 de mayo de 1939 se celebr\u00f3 en Madrid el desfile presidido por <b>Francisco Franco<\/b>, de cuya muerte se cumplen este jueves cincuenta a\u00f1os, tras el final de la <b>Guerra Civil<\/b>. Con las im\u00e1genes de ese d\u00eda comienza <b>Franco, jefe del Gobierno del Estado<\/b>, documental que narra su llegada al poder. Adem\u00e1s, esta producci\u00f3n cuenta con recreaciones hist\u00f3ricas e im\u00e1genes de archivo de la \u00e9poca para entender c\u00f3mo fueron los a\u00f1os que dieron lugar al gobierno del entonces general Franco.<\/p>\n<p>Franco, jefe del Gobierno del Estado<\/p>\n<ul>\n<li><b>Direcci\u00f3n de proyecto:<\/b> Alfonso Bull\u00f3n de Mendoza y Luis E. Togores.<\/li>\n<li><b>\u200bDirecci\u00f3n y guion:<\/b> Luis E. Togores.<\/li>\n<li>\u200b<b>Realizaci\u00f3n:<\/b> Jos\u00e9 Antonio Le\u00f3n.<\/li>\n<li><b>\u200bProducci\u00f3n Ejecutiva:<\/b> Jos\u00e9 Luis Le\u00f3n.<\/li>\n<\/ul>\n<p>Producido por el Instituto CEU de Estudios Hist\u00f3ricos.<\/p>\n","protected":false},"excerpt":{"rendered":"El 19 de mayo de 1939 se celebr\u00f3 en Madrid el desfile presidido por Francisco Franco, de cuya&hellip;\n","protected":false},"author":2,"featured_media":245850,"comment_status":"","ping_status":"","sticky":false,"template":"","format":"standard","meta":{"footnotes":""},"categories":[169],"tags":[177,146,147,25,24,176,175,23],"class_list":{"0":"post-245849","1":"post","2":"type-post","3":"status-publish","4":"format-standard","5":"has-post-thumbnail","7":"category-cine","8":"tag-cine","9":"tag-entertainment","10":"tag-entretenimiento","11":"tag-es","12":"tag-espana","13":"tag-film","14":"tag-movies","15":"tag-spain"},"share_on_mastodon":{"url":"https:\/\/pubeurope.com\/@es\/115580657004286167","error":""},"_links":{"self":[{"href":"https:\/\/www.europesays.com\/es\/wp-json\/wp\/v2\/posts\/245849","targetHints":{"allow":["GET"]}}],"collection":[{"href":"https:\/\/www.europesays.com\/es\/wp-json\/wp\/v2\/posts"}],"about":[{"href":"https:\/\/www.europesays.com\/es\/wp-json\/wp\/v2\/types\/post"}],"author":[{"embeddable":true,"href":"https:\/\/www.europesays.com\/es\/wp-json\/wp\/v2\/users\/2"}],"replies":[{"embeddable":true,"href":"https:\/\/www.europesays.com\/es\/wp-json\/wp\/v2\/comments?post=245849"}],"version-history":[{"count":0,"href":"https:\/\/www.europesays.com\/es\/wp-json\/wp\/v2\/posts\/245849\/revisions"}],"wp:featuredmedia":[{"embeddable":true,"href":"https:\/\/www.europesays.com\/es\/wp-json\/wp\/v2\/media\/245850"}],"wp:attachment":[{"href":"https:\/\/www.europesays.com\/es\/wp-json\/wp\/v2\/media?parent=245849"}],"wp:term":[{"taxonomy":"category","embeddable":true,"href":"https:\/\/www.europesays.com\/es\/wp-json\/wp\/v2\/categories?post=245849"},{"taxonomy":"post_tag","embeddable":true,"href":"https:\/\/www.europesays.com\/es\/wp-json\/wp\/v2\/tags?post=245849"}],"curies":[{"name":"wp","href":"https:\/\/api.w.org\/{rel}","templated":true}]}}