{"id":245858,"date":"2025-11-20T06:45:06","date_gmt":"2025-11-20T06:45:06","guid":{"rendered":"https:\/\/www.europesays.com\/es\/245858\/"},"modified":"2025-11-20T06:45:06","modified_gmt":"2025-11-20T06:45:06","slug":"ee-uu-habria-propuesto-a-ucrania-ceder-territorios-y-reducir-su-ejercito-segun-un-alto-responsable-ucraniano-france-24","status":"publish","type":"post","link":"https:\/\/www.europesays.com\/es\/245858\/","title":{"rendered":"EE. UU. habr\u00eda propuesto a Ucrania ceder territorios y reducir su ej\u00e9rcito, seg\u00fan un alto responsable ucraniano &#8211; France 24"},"content":{"rendered":"<ol>\n<li><a href=\"https:\/\/news.google.com\/rss\/articles\/CBMi-wFBVV95cUxORHRfWHB1VHZZejM5Zy1mNk1kVkFOU0l2clJ4ckdoU2M2N21LMUp4MzJxX0Q5VmhsQlFrLWVTeXNlLU50ZUFTcUdnVG9DaGNRQVpPcmcyeldsMUFwNVYzSkt3VzRPMktQOUd3cjlleFpTQWZkalNHOXhLX3JTczdpN2c4cWo1QVFqVXlYcVNXTE9VUDRLYllqX0F2WFhsNjUtZmRhcThPVmRXTnQ0b0dsb3lWd0VTWFZhU1BGZjRUaHNnSGlkcUF4UWEtV21lMU9LMWRLa05nbVJXY3laN29sSHVDSy1rN2hiaGRIbTZqZ0xSR0dFeDBlXzBLQQ?oc=5\" target=\"_blank\" rel=\"nofollow noopener\">EE. UU. habr\u00eda propuesto a Ucrania ceder territorios y reducir su ej\u00e9rcito, seg\u00fan un alto responsable ucraniano<\/a>&nbsp;&nbsp;France 24<\/li>\n<li><a href=\"https:\/\/news.google.com\/rss\/articles\/CBMigwFBVV95cUxNMXZlNTBLbVdlUFJ2eTFoVU5TTXhlWExYcTRGdXdma2tJRTQ5TEhENGhhOE5YRlliRTEtSEpTc3FLTVdkNEMydElsLVdjTTNLY0ltbUQycGZXbE5tT0NkYnBseW1QQ0dBVFVmTlVQTF9aNW54cTY2ekdheUo2VHI3QS1la9IBgwFBVV95cUxNbS1uaW5STTVCSTJ6RGIzc3hZeFFVZWg3Mjg3QkpwWk5XdWFCOTBSaHUzaWlEUE56OEpQRHFGMmVnNnJIZnhQOVRNRkg2dWkteVJCeHRiTUJaeUFPbVFRSDlHOVFSRW5KSjhEa1kzS25HMXk4eFpyTDgyZ1p2aTVRelZWMA?oc=5\" target=\"_blank\" rel=\"nofollow noopener\">EEUU y Rusia esbozan un plan de paz de 28 puntos al margen de Ucrania<\/a>&nbsp;&nbsp;El Mundo<\/li>\n<li><a href=\"https:\/\/news.google.com\/rss\/articles\/CBMiqwFBVV95cUxQNWFWTXJySDgxOEtwSklydmNKQVRINUgySVJwM2JWVjFxcWdHeDUzUG0zWFRKc1J1MDlPZVRXT0dmVzA3SGxodVVFc1AzaThoQmk0N2V6cm1UR0tMLW44enZjUlNVWjdaMDJwZUZabGZUdWp2RUlfbE8ybi1GUHAwMnZpOWg1dFRoR3p4am10aEUzUjg2S3lLak9BYVNHLW1WcWE2b1RBc0RUazA?oc=5\" target=\"_blank\" rel=\"nofollow noopener\">Rusia y EE.UU. pactan un nuevo plan de paz para Ucrania<\/a>&nbsp;&nbsp;La Vanguardia<\/li>\n<li><a href=\"https:\/\/news.google.com\/rss\/articles\/CBMisAFBVV95cUxPVDBfTFNSdWQzRTRyY2hUcTdDRFBLS1NoRHJTbUMtRDZibVdINWdWNGRyT21nWjVlcExoc2FsNWtwb1FKbGlSU0FrRWJkbDRGZThnSWtEakwxdm9QVWxPMzRQUW5HR1Z1MUhkS3NqNFNWTXdJWkItSElZV182R2loREFHN1ZNNlBfLWxEbkZvT251ZGFJeDd1QWlOcjIyb3RBUXdEOGNNMEQtcHVfNWd0VdIBsAFBVV95cUxPcmhjVl9pVkVjSVJnYzNyczBxc3NaS3BsNjcybnVvR2JpRU9BY3FUYnZDU1pTQV9KeS02aTZSSEcxRVFaUmRYWnN1Q3YyWHRZZ0tsd1ZNYWIzNDdnVmlDS1liZkNlekZtemJCdGgybjhDbC1rUWwxU2pnTFRBYldPRC13Sm14OXNFR05ENTBYU3VlQ3l3UmZ2a3pRUDFlZGxIZldyeG05VU1VTWttSDl6NA?oc=5\" target=\"_blank\" rel=\"nofollow noopener\">EE.UU. propone a Kiev que ceda territorio y reduzca sus fuerzas armadas para conseguir un alto el fuego con Rusia<\/a>&nbsp;&nbsp;RTVE.es<\/li>\n<li><a href=\"https:\/\/news.google.com\/rss\/articles\/CBMi1AFBVV95cUxPZ0pUMFMzU3lIMllySkZCMXh6WDFocFJLYXYtNHA0MzZMQnhNRC1INUgyM0RYWWU2eDJZbGxCT0UyOVp4aDV0UXlncXBHVnhaUW44U0VRQ19BSWhtV1lvems2Y2pxdUExWjAwM0xCLWFzaVNJU19lajB4TWNrQ2VQSlM5NG5LSkpidTV2TXM5MDJaLWZ6bUZOQnctX0xSRktoYUxYd3p3MDFGYVBiLW9GOW1XRTRIYnk4NHNmRWJxSUJrTTVkWC1oNTIyT2JTRms0RzZrZQ?oc=5\" target=\"_blank\" rel=\"nofollow noopener\">Trump quiere repetir en Ucrania su supuesto \u00ab\u00e9xito\u00bb pacificador en Gaza<\/a>&nbsp;&nbsp;Diario P\u00fablico<\/li>\n<\/ol>\n","protected":false},"excerpt":{"rendered":"EE. UU. habr\u00eda propuesto a Ucrania ceder territorios y reducir su ej\u00e9rcito, seg\u00fan un alto responsable ucraniano&nbsp;&nbsp;France 24&hellip;\n","protected":false},"author":2,"featured_media":245082,"comment_status":"","ping_status":"","sticky":false,"template":"","format":"standard","meta":{"footnotes":""},"categories":[42],"tags":[17,18,13,14,11,61,62,63,64,19,20,9,10,15,16,12,21,22,65,66,67],"class_list":{"0":"post-245858","1":"post","2":"type-post","3":"status-publish","4":"format-standard","5":"has-post-thumbnail","7":"category-internacional","8":"tag-breaking-news","9":"tag-breakingnews","10":"tag-featured-news","11":"tag-featurednews","12":"tag-headlines","13":"tag-internacional","14":"tag-international","15":"tag-international-news","16":"tag-internationalnews","17":"tag-latest-news","18":"tag-latestnews","19":"tag-news","20":"tag-noticias","21":"tag-noticias-destacadas","22":"tag-noticiasdestacadas","23":"tag-titulares","24":"tag-ultimas-noticias","25":"tag-ultimasnoticias","26":"tag-world","27":"tag-world-news","28":"tag-worldnews"},"share_on_mastodon":{"url":"https:\/\/pubeurope.com\/@es\/115580680785607138","error":""},"_links":{"self":[{"href":"https:\/\/www.europesays.com\/es\/wp-json\/wp\/v2\/posts\/245858","targetHints":{"allow":["GET"]}}],"collection":[{"href":"https:\/\/www.europesays.com\/es\/wp-json\/wp\/v2\/posts"}],"about":[{"href":"https:\/\/www.europesays.com\/es\/wp-json\/wp\/v2\/types\/post"}],"author":[{"embeddable":true,"href":"https:\/\/www.europesays.com\/es\/wp-json\/wp\/v2\/users\/2"}],"replies":[{"embeddable":true,"href":"https:\/\/www.europesays.com\/es\/wp-json\/wp\/v2\/comments?post=245858"}],"version-history":[{"count":0,"href":"https:\/\/www.europesays.com\/es\/wp-json\/wp\/v2\/posts\/245858\/revisions"}],"wp:featuredmedia":[{"embeddable":true,"href":"https:\/\/www.europesays.com\/es\/wp-json\/wp\/v2\/media\/245082"}],"wp:attachment":[{"href":"https:\/\/www.europesays.com\/es\/wp-json\/wp\/v2\/media?parent=245858"}],"wp:term":[{"taxonomy":"category","embeddable":true,"href":"https:\/\/www.europesays.com\/es\/wp-json\/wp\/v2\/categories?post=245858"},{"taxonomy":"post_tag","embeddable":true,"href":"https:\/\/www.europesays.com\/es\/wp-json\/wp\/v2\/tags?post=245858"}],"curies":[{"name":"wp","href":"https:\/\/api.w.org\/{rel}","templated":true}]}}