{"id":245861,"date":"2025-11-20T06:48:02","date_gmt":"2025-11-20T06:48:02","guid":{"rendered":"https:\/\/www.europesays.com\/es\/245861\/"},"modified":"2025-11-20T06:48:02","modified_gmt":"2025-11-20T06:48:02","slug":"perez-llorca-oficializa-su-candidatura-para-la-generalitat-valenciana-sin-el-apoyo-de-vox-asegurado-me-siento-capacitado","status":"publish","type":"post","link":"https:\/\/www.europesays.com\/es\/245861\/","title":{"rendered":"P\u00e9rez Llorca oficializa su candidatura para la Generalitat Valenciana sin el apoyo de Vox asegurado: \u201cMe siento capacitado\u00bb"},"content":{"rendered":"<p class=\"article-text\">\n        \u201cHe recibido el encargo de la direcci\u00f3n nacional (del PP)\u201d. Ya es oficial, Juanfran P\u00e9rez Llorca es el candidato del Partido Popular a la Generalitat Valenciana despu\u00e9s de la dimisi\u00f3n hace unos d\u00edas de Carlos Maz\u00f3n, a quien se llev\u00f3 por delante su cuestionable gesti\u00f3n de la dana del 29 de octubre de 2024, que provoc\u00f3 la muerte de 229 personas en la provincia de Val\u00e8ncia. De esta forma anunciaba P\u00e9rez Llorca este mi\u00e9rcoles, \u00faltimo d\u00eda de plazo para hacerlo, que ha presentado su candidatura para \u201cintentar ser investido\u201d president de la Generalitat Valenciana. En concreto ha sido a las 11.38 horas cuando se ha presentado el documento que le acredita como candidato firmado por los 40 diputados del PP en el registro de las Corts Valencianes. Su sustituto como s\u00edndic del grupo popular ser\u00e1 el diputado alicantino Fernando Pastor.\n    <\/p>\n<p>    <a href=\"https:\/\/www.eldiario.es\/comunitat-valenciana\/politica\/lio-vista-pp-valenciano-salida-mazon-gestora-congreso-francisco-camps-exige-primarias_1_12776840.html\" data-mrf-recirculation=\"saber-mas\" data-dl-event=\"saber-mas\" rel=\"nofollow noopener\" target=\"_blank\"><\/p>\n<p class=\"know-more__title\">L\u00edo a la vista en el PP valenciano tras la salida de Maz\u00f3n: gestora o congreso, mientras Francisco Camps exige primarias<\/p>\n<p>            <img decoding=\"async\" class=\"lazy\" loading=\"lazy\" data-src=\"https:\/\/static.eldiario.es\/clip\/80228768-aeda-46f2-aeee-d0e04843eaf5_16-9-aspect-ratio_default_0_x2243y572.jpg\" src=\"data:image\/svg+xml,%3Csvg xmlns=\" http:=\"\" viewbox=\"0 0 880 495\" alt=\"L\u00edo a la vista en el PP valenciano tras la salida de Maz\u00f3n: gestora o congreso, mientras Francisco Camps exige primarias\"\/><\/p>\n<p>                        <\/a><\/p>\n<p class=\"article-text\">\n        El ya candidato para ser el nuevo jefe del Consell, ha insistido en que en mayo de 2023 \u201cla sociedad vot\u00f3 cambio; hab\u00eda que hacer pol\u00edticas de cambio y por eso existe el convencimiento de que el PP deb\u00eda presentar candidato\u201d, y \u00e9l se siente \u201ccapacitado para sacar esto adelante\u201d.\n    <\/p>\n<p class=\"article-text\">\n        Por lo que respecta al necesario apoyo de Vox, ha explicado que, a pesar de que todav\u00eda no existe un acuerdo de Gobierno, \u201clo m\u00e1s l\u00f3gico\u201d es buscar f\u00f3rmulas para la investidura como se han conseguido aprobar presupuestos, leyes, decretos&#8230; \u201cy esa estabilidad debe continuar\u201d. As\u00ed mismo, ha defendido que ya ha mostrado \u201csolvencia\u201d a la hora de buscar acuerdos y que, m\u00e1s all\u00e1 de las diferencias que pueda haber con la ultraderecha, \u201chay sentido de responsabilidad\u201d, por lo que no duda que podr\u00e1n alcanzar un acuerdo, aunque ha afirmado que no le preocupa tener un pacto rubricado antes de la investidura.\n    <\/p>\n<p class=\"article-text\">\n        No obstante, todav\u00eda queda por cerrar el acuerdo con Vox para la investidura del candidato del Partido Popular. Aunque se vienen produciendo contactos entre ambas formaciones desde hace d\u00edas, y pese a que parece que hay buena sinton\u00eda -el PP no est\u00e1 poniendo muchas pegas a las exigencias de la ultraderecha-, desde Vox ya han dejado claro en las \u00faltimas horas que, el hecho de que haya un candidato \u201cno significa que haya un acuerdo cerrado\u201d.\n    <\/p>\n<p class=\"article-text\">\n        En este sentido, el portavoz de Vox en las Corts, Jos\u00e9 Mar\u00eda Llanos, reconoc\u00eda lo explicado por P\u00e9rez Llorca, que existen negociaciones pero no un acuerdo cerrado: \u201cHay buena sinton\u00eda para mantener el mejor acuerdo para los valencianos\u201d. No obstante, puntualizaba que el PP debe \u201cestar a la altura\u201d para cerrar lo que ha denominado \u201cun buen acuerdo\u201d para los valencianos: \u201cQueremos que haya una negociaci\u00f3n que llegue a buen fin\u201d, aunque no van a \u201cexigir un acta notarial\u201d. Adem\u00e1s, no ha dejado claro si el pacto incluir\u00e1 la entrada de los ultras al Consell y se ha limitado a decir que defienden \u201cpol\u00edticas concretas\u201d.\n    <\/p>\n<p class=\"article-text\">\n        Entre las prioridades de Vox, tal y como ha detallado P\u00e9rez Llorca, se encuentran las obras h\u00eddricas, buscar un consenso para tumbar el Pacto Verde Europeo que s\u00ed defiende el PP en Europa, las pol\u00edticas contra la inmigraci\u00f3n, la continuidad de la central nuclear de Cofrentes, o los problemas de los arroceros y los agricultores valencianos, entre otras cuestiones. Llanos s\u00ed que ha precisado que la idea es tener un acuerdo cerrado antes de asegurar su respaldo a la investidura del candidato del PP valenciano.\n    <\/p>\n<p class=\"article-text\">\n        A partir de ahora, se abre un per\u00edodo de tres a siete d\u00edas naturales para la convocatoria del pleno de investidura. La fecha concreta la debe acordar la Mesa de las Corts Valencianes, que se re\u00fane ma\u00f1ana jueves, y que m\u00e1s que probablemente anunciar\u00e1 la celebraci\u00f3n del plenario para la pr\u00f3xima semana, una vez pasada la declaraci\u00f3n de P\u00e9rez Llorca como testigo ante la jueza de la dana, prevista para el pr\u00f3ximo viernes, 21 de noviembre.\n    <\/p>\n<p>    PSPV y Comprom\u00eds piden elecciones<\/p>\n<p class=\"article-text\">\n        El PSPV-PSOE ha se\u00f1alado hoy a P\u00e9rez Llorca como \u201cel mu\u00f1idor de todos los pactos con los que se ha degradado la democracia valenciana\u201d y le ha urgido a \u201chacer p\u00fablicas las renuncias que el PP ha acordado con VOX\u201d. As\u00ed se ha pronunciado este mi\u00e9rcoles el s\u00edndic socialista en Les Corts, Jos\u00e9 Mu\u00f1oz, tras hacerse oficial la candidatura del popular a la Presidencia de la Generalitat Valenciana lo que, ha considerado, \u201chace que hoy sea un mal d\u00eda para la Comunitat Valenciana, el PP ha decidido hurtarle a la ciudadan\u00eda la posibilidad de ir a las urnas y decidir sobre su futuro\u201d.\n    <\/p>\n<p class=\"article-text\">\n        En este sentido, el dirigente socialista ha afirmado que \u201cel Partido Popular sabe que este pacto es tan infame que no se atreven ni a exhibirlo, pero todos los valencianos sabemos que VOX no da su apoyo gratuitamente\u201d y ha advertido que \u201cestamos ante un acuerdo que se traduce en un pacto tan infame que no pueden exponerlo ante la opini\u00f3n p\u00fablica\u201d. Adem\u00e1s, ha recordado que P\u00e9rez Llorca \u201ces el denominador com\u00fan en todos los pactos que el PP ha firmado con la ultraderecha: fue uno de los que estaban sentados en la mesa del pacto de la servilleta junto a un maltratador y un torero, estuvo tambi\u00e9n en el pacto del Ventorro y lo est\u00e1 ahora en este nuevo pacto de la infamia\u201d y ha subrayado que \u201cesto no es lo que quieren los valencianos, lo que quieren es votar para regenerar la pol\u00edtica valenciana\u201d.\n    <\/p>\n<p class=\"article-text\">\n        Respecto al nombramiento de Fernando Pastor como nuevo sindic del PPCV, Mu\u00f1oz ha remarcado que \u201ces una persona del n\u00facleo duro de Maz\u00f3n y por tanto es m\u00e1s continuidad\u201d y ha indicado que \u201ces una persona que defiende una determinada forma de hacer pol\u00edtica que es el zaplanismo\u201d: \u201cEs este zaplanismo 2.0 el que nos llev\u00f3 a la peor tragedia de nuestra historia y es el mismo que sigue teniendo el poder\u201d.\n    <\/p>\n<p>    <a href=\"https:\/\/www.eldiario.es\/comunitat-valenciana\/politica\/vox-exprimira-pp-valenciano-aboca-investidura-claro-apoyo-perez-llorca_1_12778241.html\" data-mrf-recirculation=\"saber-mas-abajo\" data-dl-event=\"saber-mas-abajo\" rel=\"nofollow noopener\" target=\"_blank\"><\/p>\n<p class=\"know-more__title\">Vox exprimir\u00e1 al PP valenciano y lo aboca a una investidura sin dejar claro su apoyo a P\u00e9rez Llorca\n<\/p>\n<p>            <img decoding=\"async\" class=\"lazy\" loading=\"lazy\" data-src=\"https:\/\/static.eldiario.es\/clip\/5fc8ac30-24dd-4d1f-95e3-d0a06cb09771_16-9-aspect-ratio_default_0.jpg\" src=\"data:image\/svg+xml,%3Csvg xmlns=\" http:=\"\" viewbox=\"0 0 880 495\" alt=\"Vox exprimir\u00e1 al PP valenciano y lo aboca a una investidura sin dejar claro su apoyo a P\u00e9rez Llorca\"\/><\/p>\n<p>                        <\/a><\/p>\n<p class=\"article-text\">\n        Por su parte, el s\u00edndic de Comprom\u00eds, Joan Baldov\u00ed, ha comentado que \u201cel \u00fanico pacto posible es que haya elecciones, que sean los valencianos y valencianas los que decidan qui\u00e9n debe ser su presidente\u201d. En cuando al nuevo portavos de los populares, ha recordado que en la comisi\u00f3n de investigaci\u00f3n de la dana en las Corts fue \u201ctan miserable de hablar de v\u00edctimas VIP\u201d, lo que a su juicio es \u201cuna declaraci\u00f3n de intenciones de lo que es el PP\u201d, una declaraci\u00f3n que le pareci\u00f3 \u201cvergonzosa\u201d y que \u201cda una idea de cala\u00f1a del nuevo s\u00edndic\u201d.\n    <\/p>\n","protected":false},"excerpt":{"rendered":"\u201cHe recibido el encargo de la direcci\u00f3n nacional (del PP)\u201d. Ya es oficial, Juanfran P\u00e9rez Llorca es el&hellip;\n","protected":false},"author":2,"featured_media":245862,"comment_status":"","ping_status":"","sticky":false,"template":"","format":"standard","meta":{"footnotes":""},"categories":[5],"tags":[517,2206,1705,17,18,3965,242,25,24,13,14,11,1667,19,20,9,10,15,16,1925,23,12,21,22,235],"class_list":{"0":"post-245861","1":"post","2":"type-post","3":"status-publish","4":"format-standard","5":"has-post-thumbnail","7":"category-titulares","8":"tag-actualidad","9":"tag-alicante","10":"tag-analisis","11":"tag-breaking-news","12":"tag-breakingnews","13":"tag-castellon","14":"tag-comunidad-valenciana","15":"tag-es","16":"tag-espana","17":"tag-featured-news","18":"tag-featurednews","19":"tag-headlines","20":"tag-informacion","21":"tag-latest-news","22":"tag-latestnews","23":"tag-news","24":"tag-noticias","25":"tag-noticias-destacadas","26":"tag-noticiasdestacadas","27":"tag-opinion","28":"tag-spain","29":"tag-titulares","30":"tag-ultimas-noticias","31":"tag-ultimasnoticias","32":"tag-valencia"},"share_on_mastodon":{"url":"","error":""},"_links":{"self":[{"href":"https:\/\/www.europesays.com\/es\/wp-json\/wp\/v2\/posts\/245861","targetHints":{"allow":["GET"]}}],"collection":[{"href":"https:\/\/www.europesays.com\/es\/wp-json\/wp\/v2\/posts"}],"about":[{"href":"https:\/\/www.europesays.com\/es\/wp-json\/wp\/v2\/types\/post"}],"author":[{"embeddable":true,"href":"https:\/\/www.europesays.com\/es\/wp-json\/wp\/v2\/users\/2"}],"replies":[{"embeddable":true,"href":"https:\/\/www.europesays.com\/es\/wp-json\/wp\/v2\/comments?post=245861"}],"version-history":[{"count":0,"href":"https:\/\/www.europesays.com\/es\/wp-json\/wp\/v2\/posts\/245861\/revisions"}],"wp:featuredmedia":[{"embeddable":true,"href":"https:\/\/www.europesays.com\/es\/wp-json\/wp\/v2\/media\/245862"}],"wp:attachment":[{"href":"https:\/\/www.europesays.com\/es\/wp-json\/wp\/v2\/media?parent=245861"}],"wp:term":[{"taxonomy":"category","embeddable":true,"href":"https:\/\/www.europesays.com\/es\/wp-json\/wp\/v2\/categories?post=245861"},{"taxonomy":"post_tag","embeddable":true,"href":"https:\/\/www.europesays.com\/es\/wp-json\/wp\/v2\/tags?post=245861"}],"curies":[{"name":"wp","href":"https:\/\/api.w.org\/{rel}","templated":true}]}}