{"id":245905,"date":"2025-11-20T07:25:08","date_gmt":"2025-11-20T07:25:08","guid":{"rendered":"https:\/\/www.europesays.com\/es\/245905\/"},"modified":"2025-11-20T07:25:08","modified_gmt":"2025-11-20T07:25:08","slug":"que-esta-pasando-entre-las-protagonistas-de-wicked","status":"publish","type":"post","link":"https:\/\/www.europesays.com\/es\/245905\/","title":{"rendered":"\u00bfqu\u00e9 est\u00e1 pasando entre las protagonistas de &#8216;Wicked&#8217;?"},"content":{"rendered":"<p class=\"article-text\">\n        Todo el mundo habla de Cynthia Erivo y Ariana Grande a ra\u00edz de la<strong> promoci\u00f3n de <\/strong><strong>Wicked: For Good<\/strong>, la segunda parte de las pel\u00edculas dirigidas por John M. Chu basadas en el <a href=\"https:\/\/www.eldiario.es\/spin\/actor-moda-exito-llego-inesperada-referente-lgtbi-jonathan-bailey-pm_1_12759793.html\" target=\"_blank\" data-mrf-recirculation=\"links-noticia\" class=\"link\" rel=\"nofollow noopener\">m\u00edtico musical de Broadway<\/a>. Pero en los \u00faltimos d\u00edas, lejos de hacer comentarios sobre el largometraje, las redes sociales se han llenado de v\u00eddeos en los que los usuarios est\u00e1n analizando al detalle una sola cosa: la supuesta extra\u00f1a relaci\u00f3n entre las dos actrices.\n    <\/p>\n<p>    <a href=\"https:\/\/www.eldiario.es\/spin\/emily-bronte-escribio-margot-robbie-jacob-elordi-protagonizaran-sera-nueva-pelicula-cumbres-borrascosas-pm_1_12774707.html\" data-mrf-recirculation=\"saber-mas\" data-dl-event=\"saber-mas\" rel=\"nofollow noopener\" target=\"_blank\"><\/p>\n<p class=\"know-more__title\">Emily Bront\u00eb la escribi\u00f3, pero Margot Robbie y Jacob Elordi la protagonizar\u00e1n: as\u00ed ser\u00e1 la nueva pel\u00edcula de &#8216;Cumbres Borrascosas&#8217;<\/p>\n<p>            <img decoding=\"async\" class=\"lazy\" loading=\"lazy\" data-src=\"https:\/\/static.eldiario.es\/clip\/9af878c1-4096-46ea-b640-3fa3bc546ebe_16-9-aspect-ratio_default_0.jpg\" src=\"data:image\/svg+xml,%3Csvg xmlns=\" http:=\"\" viewbox=\"0 0 880 495\" alt=\"Emily Bront\u00eb la escribi\u00f3, pero Margot Robbie y Jacob Elordi la protagonizar\u00e1n: as\u00ed ser\u00e1 la nueva pel\u00edcula de 'Cumbres Borrascosas'\"\/><\/p>\n<p>                        <\/a><\/p>\n<p class=\"article-text\">\n        En concreto, lo que varios usuarios han criticado es que Erivo y Grande podr\u00edan haber desarrollado un <strong>v\u00ednculo excesivamente sobreprotector y obsesivo<\/strong>. Las dos int\u00e9rpretes empezaron a grabar Wicked a finales de 2022 y, tras el estreno de la primera de las pel\u00edculas, han aparecido juntas en multitud de eventos p\u00fablicos y entrevistas. Sin embargo, el debate se ha encendido en los \u00faltimos d\u00edas.\u00a0\n    <\/p>\n<p>            <img decoding=\"async\" class=\"lazy\" loading=\"lazy\" data-src=\"https:\/\/static.eldiario.es\/clip\/52f1fb2b-1cf2-4a26-889b-dad268ceb079_16-9-discover-aspect-ratio_default_0.jpg\" src=\"data:image\/svg+xml,%3Csvg xmlns=\" http:=\"\" viewbox=\"0 0 1200 675\" alt=\"Las manos de Cynthia Erivo y Ariana Grande durante la premiere de 'Wicked: For Good' en Londres.\"\/><\/p>\n<p>    <strong>La actitud de Erivo, analizada con lupa<\/strong><\/p>\n<p class=\"article-text\">\n        Todo comenz\u00f3 con el incidente que sufri\u00f3 la cantante de God is a woman durante la promoci\u00f3n que tuvo lugar en Singapur el pasado 13 de noviembre. All\u00ed, quien interpreta a Glinda, la Bruja Buena, fue<strong> asaltada por un espont\u00e1neo en la alfombra roja<\/strong>. Este salt\u00f3 entre la gente y fue directo a Grande, que se qued\u00f3 completamente paralizada por el incidente. En ese momento, fue Erivo la que apart\u00f3 al chico y trat\u00f3 de proteger a su compa\u00f1era de rodaje.\n    <\/p>\n<p class=\"article-text\">\n        Entonces comenzaron los cuestionamientos en redes. En X, muchos se preguntaban por qu\u00e9 la actriz que interpreta a Elphaba sinti\u00f3 la <strong>necesidad de adoptar un rol tan protector <\/strong>cuando el evento ya contaba con un amplio dispositivo de seguridad. No es el \u00fanico v\u00eddeo que se ha comentado en los \u00faltimos d\u00edas. En otro de los virales, vemos a Cynthia recolocando el collar de Ariana durante una entrevista, cuando parece que este ya estaba bien puesto.\u00a0\n    <\/p>\n<p class=\"article-text\">\n        \u201cEs excesivo, enfermizo, obsesivo, me da angustia y hasta miedo\u201d, lleg\u00f3 a decir una usuaria en la red plataforma de Elon Musk. Las redes se han llenado de de este y otros <strong>v\u00eddeos que recopilan momentos \u201cinc\u00f3modos\u201d<\/strong> entre ambas. En ellos, es Erivo la que suele sacar su lado m\u00e1s maternalista para proteger a Grande.\u00a0\n    <\/p>\n<blockquote class=\"twitter-tweet\" data-lang=\"es\" data-conversation=\"none\"><p><a href=\"https:\/\/twitter.com\/X\/status\/1989909082392633657?ref_src=twsrc%5Etfw\" rel=\"nofollow noopener\" target=\"_blank\"><\/p><\/blockquote>\n<p>    <strong>Un v\u00ednculo especial<\/strong><\/p>\n<p class=\"article-text\">\n        Despu\u00e9s del incidente ocurrido en Singapur, Cynthia dio una declaraciones, recogidas por Entertainment Weekly, en las que explic\u00f3 que qued\u00f3 <strong>desconcertada e impresionada <\/strong>por lo que estaba ocurriendo. La actriz tambi\u00e9n se\u00f1al\u00f3 que no es el primer momento complicado que vive el equipo de Wicked, que desde la promoci\u00f3n de la primera pel\u00edcula se ha mostrado muy unido.\u00a0\n    <\/p>\n<p>    <a href=\"https:\/\/www.eldiario.es\/spin\/pelicula-ariana-grande-wicked-exito-origen-historia-pm_1_12764980.html\" data-mrf-recirculation=\"saber-mas-abajo\" data-dl-event=\"saber-mas-abajo\" rel=\"nofollow noopener\" target=\"_blank\"><\/p>\n<p class=\"know-more__title\">Antes de la pel\u00edcula de Ariana Grande, &#8216;Wicked&#8217; ya era un \u00e9xito: \u00bfcu\u00e1l es el origen de esta historia?<\/p>\n<p>            <img decoding=\"async\" class=\"lazy\" loading=\"lazy\" data-src=\"https:\/\/static.eldiario.es\/clip\/77ecc3c7-9dd1-4f95-b04f-0554bed54891_16-9-aspect-ratio_default_0.jpg\" src=\"data:image\/svg+xml,%3Csvg xmlns=\" http:=\"\" viewbox=\"0 0 880 495\" alt=\"Antes de la pel\u00edcula de Ariana Grande, 'Wicked' ya era un \u00e9xito: \u00bfcu\u00e1l es el origen de esta historia?\"\/><\/p>\n<p>                        <\/a><\/p>\n<p class=\"article-text\">\n        \u201cHemos pasado por situaciones muy dif\u00edciles. Incluso esta \u00faltima semana hemos tenido que enfrentar cosas realmente fuertes y esta pel\u00edcula nos ha permitido crecer como personas, amigas, como artistas, como actrices\u201d, afirm\u00f3 la int\u00e9rprete de Elphaba, mientras Ariana Grande se emocionaba al escucharla. La actriz tambi\u00e9n comparti\u00f3 que el v\u00ednculo creado en el rodaje es de lo m\u00e1s especial que se lleva de este proyecto audiovisual. \u201c<strong>No se consigue una familia as\u00ed todos los d\u00edas en un set<\/strong>. Hemos tenido mucha suerte de contar con este grupo de personas\u201d.\n    <\/p>\n<p>                                    <script async src=\"https:\/\/platform.twitter.com\/widgets.js\" charset=\"utf-8\"><\/script><\/p>\n","protected":false},"excerpt":{"rendered":"Todo el mundo habla de Cynthia Erivo y Ariana Grande a ra\u00edz de la promoci\u00f3n de Wicked: For&hellip;\n","protected":false},"author":2,"featured_media":245906,"comment_status":"","ping_status":"","sticky":false,"template":"","format":"standard","meta":{"footnotes":""},"categories":[170],"tags":[6264,60977,146,147,60978,25,24,699,4596,3013,184,185,10639,2678,6874,5977,23,48409],"class_list":{"0":"post-245905","1":"post","2":"type-post","3":"status-publish","4":"format-standard","5":"has-post-thumbnail","7":"category-musica","8":"tag-ariana","9":"tag-cynthia","10":"tag-entertainment","11":"tag-entretenimiento","12":"tag-erivo","13":"tag-es","14":"tag-espana","15":"tag-grande","16":"tag-habla","17":"tag-mundo","18":"tag-music","19":"tag-musica","20":"tag-pasando","21":"tag-pm","22":"tag-protagonistas","23":"tag-relacion","24":"tag-spain","25":"tag-wicked"},"share_on_mastodon":{"url":"https:\/\/pubeurope.com\/@es\/115580838200457790","error":""},"_links":{"self":[{"href":"https:\/\/www.europesays.com\/es\/wp-json\/wp\/v2\/posts\/245905","targetHints":{"allow":["GET"]}}],"collection":[{"href":"https:\/\/www.europesays.com\/es\/wp-json\/wp\/v2\/posts"}],"about":[{"href":"https:\/\/www.europesays.com\/es\/wp-json\/wp\/v2\/types\/post"}],"author":[{"embeddable":true,"href":"https:\/\/www.europesays.com\/es\/wp-json\/wp\/v2\/users\/2"}],"replies":[{"embeddable":true,"href":"https:\/\/www.europesays.com\/es\/wp-json\/wp\/v2\/comments?post=245905"}],"version-history":[{"count":0,"href":"https:\/\/www.europesays.com\/es\/wp-json\/wp\/v2\/posts\/245905\/revisions"}],"wp:featuredmedia":[{"embeddable":true,"href":"https:\/\/www.europesays.com\/es\/wp-json\/wp\/v2\/media\/245906"}],"wp:attachment":[{"href":"https:\/\/www.europesays.com\/es\/wp-json\/wp\/v2\/media?parent=245905"}],"wp:term":[{"taxonomy":"category","embeddable":true,"href":"https:\/\/www.europesays.com\/es\/wp-json\/wp\/v2\/categories?post=245905"},{"taxonomy":"post_tag","embeddable":true,"href":"https:\/\/www.europesays.com\/es\/wp-json\/wp\/v2\/tags?post=245905"}],"curies":[{"name":"wp","href":"https:\/\/api.w.org\/{rel}","templated":true}]}}