{"id":245907,"date":"2025-11-20T07:26:10","date_gmt":"2025-11-20T07:26:10","guid":{"rendered":"https:\/\/www.europesays.com\/es\/245907\/"},"modified":"2025-11-20T07:26:10","modified_gmt":"2025-11-20T07:26:10","slug":"prime-video-estrena-hoy-este-thriller-controvertido-con-julia-roberts","status":"publish","type":"post","link":"https:\/\/www.europesays.com\/es\/245907\/","title":{"rendered":"Prime Video estrena hoy este thriller controvertido con Julia Roberts"},"content":{"rendered":"<p>Sin pena ni gloria han pasado este 2025 por salas de cine las dos \u00faltimas pel\u00edculas de Luca Guadagnino. Tendr\u00e1 sus defensores y sus detractores, pero no deja indiferente a nadie. El director de vitoreados filmes como <a href=\"https:\/\/www.elindependiente.com\/tendencias\/2021\/01\/14\/es-armie-hammer-canibal-el-actor-abandona-el-rodaje-de-una-pelicula-y-responde-a-la-polemica\/\" rel=\"nofollow noopener\" target=\"_blank\">Call Me by Your Name<\/a> \u2013adaptaci\u00f3n de la novela de <a href=\"https:\/\/www.elindependiente.com\/tendencias\/cultura\/2021\/09\/01\/buena-mar-los-besos-o-donde-estas-mundo-bello-los-12-libros-de-la-rentree-literaria\/\" rel=\"nofollow noopener\" target=\"_blank\">Andr\u00e9 Aciman<\/a> a cargo de James Ivory, <a href=\"https:\/\/www.elindependiente.com\/tendencias\/2018\/03\/05\/lista-completa-de-las-ganadoras-en-la-gala-de-los-oscar-2018\/\" rel=\"nofollow noopener\" target=\"_blank\">premiado con el Oscar<\/a>\u2013 y Rivales \u2013con <a href=\"https:\/\/www.elindependiente.com\/series-y-television\/2020\/09\/22\/zendaya-la-chica-disney-que-ha-ganado-el-emmy-por-dar-vida-a-una-drogadicta\/\" rel=\"nofollow noopener\" target=\"_blank\">Zendaya<\/a> como objeto de deseo de dos tenistas\u2013 no para de trabajar. En principio, su pr\u00f3ximo proyecto ser\u00e1 Artificial, pel\u00edcula biogr\u00e1fica sobre el primer ejecutivo de <a href=\"https:\/\/www.elindependiente.com\/etiquetas\/openai\/\" rel=\"nofollow noopener\" target=\"_blank\">OpenAI<\/a>, <a href=\"https:\/\/www.elindependiente.com\/futuro\/inteligencia-artificial\/2023\/11\/25\/los-cinco-dias-que-ratificaron-a-sam-altman-como-lider-de-la-ia-hemos-sido-testigos-de-su-poder\/\" rel=\"nofollow noopener\" target=\"_blank\">Sam Altman<\/a>.<\/p>\n<p>Pero no adelantemos acontecimientos. No ser\u00eda la primera vez que Luca Guadagnino cambia de tercio. He ah\u00ed la nueva versi\u00f3n de Scarface (El precio del poder) con guion de los <a href=\"https:\/\/www.elindependiente.com\/tendencias\/2017\/12\/06\/suburbicon-clooney\/\" rel=\"nofollow noopener\" target=\"_blank\">hermanos Coen<\/a>, ahora separados. O la adaptaci\u00f3n televisiva de la novela de Bret Easton Ellis The Shards (<a href=\"https:\/\/www.elindependiente.com\/tendencias\/2023\/06\/06\/bret-easton-ellis-izquierda-libertad-cultural-generacion-x\/\" rel=\"nofollow noopener\" target=\"_blank\">lo cont\u00f3 \u00e9l mismo a El Independiente<\/a>). Esta \u00faltima la produce finalmente <a href=\"https:\/\/www.elindependiente.com\/series-y-television\/estrenos\/2025\/11\/11\/kim-kardashian-serie-abogada-disney-plus-todas-las-de-la-ley\/\" rel=\"nofollow noopener\" target=\"_blank\">Ryan Murphy<\/a> y la estrenar\u00e1 <a href=\"https:\/\/www.elindependiente.com\/espana\/2025\/11\/04\/disney-estrena-hoy-la-ultima-pelicula-de-marvel-que-presenta-al-nuevo-villano\/\" rel=\"nofollow noopener\" target=\"_blank\">Disney+<\/a> en 2026; el rodaje acaba de empezar.<\/p>\n<p>Rivales, Queer y Caza de brujas, la \u00faltima trilog\u00eda de Luca Guadagnino<\/p>\n<p>Pero volvamos a 2025 y a Luca Guadagnino. A principios de este a\u00f1o lleg\u00f3 a nuestro pa\u00eds Queer, su personal\u00edsima adaptaci\u00f3n de la obra hom\u00f3nima e inacabada de <a href=\"https:\/\/www.elindependiente.com\/tendencias\/2017\/01\/26\/peterhujar\/\" rel=\"nofollow noopener\" target=\"_blank\">William S. Burroughs<\/a>, con <a href=\"https:\/\/www.elindependiente.com\/tendencias\/cultura\/2019\/11\/26\/daniel-craig-punales-por-la-espalda-es-la-version-moderna-del-genero-detectivesco\/\" rel=\"nofollow noopener\" target=\"_blank\">Daniel Craig<\/a> (<a href=\"https:\/\/www.elindependiente.com\/series-y-television\/estrenos\/2025\/09\/30\/donde-ver-peliculas-james-bond\/\" rel=\"nofollow noopener\" target=\"_blank\">James Bond<\/a>) en un papel \u2013alter ego del atribulado escritor\u2013por el que deber\u00edan haberle nominado al Oscar.Y hace tan solo un mes, la segunda pel\u00edcula este 2025 de Luca Guadagnino recal\u00f3 sin fortuna en Espa\u00f1a. Aunque su t\u00edtulo original es <a href=\"https:\/\/letterboxd.com\/film\/after-the-hunt-2025\/\" rel=\"nofollow noopener\" target=\"_blank\">After the Hunt<\/a> (Tras la caza), la traducci\u00f3n al espa\u00f1ol (<strong>Caza de brujas<\/strong>) no hace justicia al texto a cargo de la guionista novel Nora Garett.<\/p>\n<p>Aunque el filme protagonizado por Julia Roberts, Ayo Edebiri (The Bear), Andrew Garfield (Spider-Man), Michael Stuhlbarg (Call Me by Your Name) y la <a href=\"https:\/\/www.elindependiente.com\/series-y-television\/estrenos\/2025\/11\/05\/yakarta-serie-movistar-plus-critica\/\" rel=\"nofollow noopener\" target=\"_blank\">kamikaze<\/a> Chlo\u00eb Sevigny ha sido un fiasco en taquilla, <strong>Caza de brujas<\/strong> ha hecho correr r\u00edos de tinta entre cr\u00edtica y p\u00fablico. Para muestra, <a href=\"https:\/\/kinotico.es\/actualidad\/2025-08-29\/rueda-prensa-festival-venecia-julia-roberts-elude-polemica-y-defiende-que-after-the-hunt-contribuye-debate-estamos-perdiendo-arte-conversar\" rel=\"nofollow noopener\" target=\"_blank\">un bot\u00f3n<\/a>. Se trata de la pregunta que la periodista Mar\u00eda Guerra formul\u00f3 a Julia Roberts durante la rueda de prensa en el festival de Venecia.<\/p>\n<p>Guadagnino, natural de Palermo, jugaba en casa. Cinco a\u00f1os atr\u00e1s hab\u00eda presentado all\u00ed su estirada y venerada <a href=\"https:\/\/www.elindependiente.com\/series-y-television\/estrenos\/2025\/09\/30\/netflix-rescata-desde-hoy-esta-miniserie-policiaca-ambientada-en-canarias-con-miguel-angel-silvestre\/\" rel=\"nofollow noopener\" target=\"_blank\">miniserie<\/a> para HBO We Are Who We Are. Y a\u00fan as\u00ed se llev\u00f3 alguna dentellada por no posicionarse en un tema \u2013la violencia sexual hacia las mujeres por parte de los hombres\u2013 que aparentemente no se presta a la escala de grises.<\/p>\n<p>El homenaje de Luca Guadagnino a Woody Allen en &#8216;Caza de brujas&#8217;<\/p>\n<p>En estos casos, la mejor aproximaci\u00f3n hacia <strong>Caza de brujas<\/strong> (After the Hunt) es visionarla \u2013la duraci\u00f3n supera c\u00f3modamente las dos horas\u2013 sin saber absolutamente nada del argumento. Lo cierto es que a su virtuoso director (Hasta los huesos, Suspiria, Cegados por el sol) le encanta provocar.<\/p>\n<p>En cuanto arranca <strong>Caza de brujas<\/strong>, el espectador m\u00e1s cin\u00e9filo comprobar\u00e1 la primera provocaci\u00f3n: el italiano emplea para los t\u00edtulos de cr\u00e9dito iniciales la misma graf\u00eda ic\u00f3nica de las pel\u00edculas del &#8216;cancelado&#8217; <a href=\"https:\/\/www.elindependiente.com\/tendencias\/2025\/09\/27\/woody-allen-tarde-y-mal-la-olvidable-primera-novela-de-un-autor-a-la-intemperie\/\" rel=\"nofollow noopener\" target=\"_blank\">Woody Allen<\/a>. No juzguen un libro por su portada, ni se dejen llevar por la respetable opini\u00f3n de Mar\u00eda Guerra (<a href=\"https:\/\/www.youtube.com\/@la_script\" rel=\"nofollow noopener\" target=\"_blank\">La Script<\/a>). V\u00e9anla en compa\u00f1\u00eda para despu\u00e9s debatir sobre lo visto y no visto. Puede que los elitistas y odiosos personajes de <strong>Caza de brujas<\/strong> digan una cosa, pero su propia expresi\u00f3n y las im\u00e1genes les contradiga. Es lo que los periodistas Marta Trivi y Alberto Corona <a href=\"https:\/\/open.spotify.com\/episode\/2RLfEXW37ZmkH33hxcmgi4?si=6h8jWrFgQ1-bwBLHea8Ieg\" rel=\"nofollow noopener\" target=\"_blank\">analizan<\/a> en su p\u00f3dcast Choquejuergas. Merece la pena escucharles tras haber visto el filme que nos ata\u00f1e.<\/p>\n<p>No es <strong>Caza de brujas<\/strong> (2025) una pel\u00edcula obvia sobre el <a href=\"https:\/\/www.elindependiente.com\/tendencias\/2018\/08\/20\/asia-argento-impulsora-movimiento-metoo-abuso-sexual\/\" rel=\"nofollow noopener\" target=\"_blank\">#MeToo<\/a>, como s\u00ed lo son, por citar un par de ejemplos recientes y comerciales, El esc\u00e1ndalo (2019) y Al descubierto (2022). Esta \u00faltima, cr\u00f3nica del trabajo period\u00edstico que motiv\u00f3 el #MeToo, recurre por ejemplo a flashbacks para que el espectador nunca dude de las v\u00edctimas.<\/p>\n<p>Julia Roberts hace en &#8216;Caza de brujas&#8217; lo mismo que Cate Blanchett en &#8216;T\u00c0R&#8217;<\/p>\n<p>Sin embargo, Luca Guadagnino, a partir de un guion de Nora Garett, no toma el camino recto: \u00bfY si somos nosotros quienes dudamos del relato? \u00bfY si somos nosotros quienes necesitamos pelos y se\u00f1ales para creer a la v\u00edctima de una violaci\u00f3n? Digamos que <strong>Caza de brujas<\/strong> emparenta con <a href=\"https:\/\/letterboxd.com\/film\/tar-2022\/\" rel=\"nofollow noopener\" target=\"_blank\">T\u00c0R<\/a> (2022), otro filme que tambi\u00e9n aborda el acoso y\/o abuso sexual en profesiones de altos vuelos donde la delgada l\u00ednea del consentimiento es muy fina. En aquel, <a href=\"https:\/\/www.elindependiente.com\/tendencias\/cultura\/2022\/02\/12\/cate-blanchett-el-primer-goya-internacional-trae-el-glamour-de-hollywood-llega-a-los-goya\/\" rel=\"nofollow noopener\" target=\"_blank\">Cate Blanchett<\/a> interpreta a una directora de orquesta lesbiana, casada y con hija.<\/p>\n<p><strong>Caza de brujas<\/strong> es adem\u00e1s un desv\u00edo en la inmaculada carrera de Julia Roberts, que \u2013nos\u2013 hab\u00eda acostumbrado a interpretar personajes m\u00e1s amables, inclusive su prostituta de <a href=\"https:\/\/www.elindependiente.com\/tendencias\/cine\/2025\/10\/05\/pretty-woman-cumple-35-anos-estreno-cines-33-emisiones-telecinco\/\" rel=\"nofollow noopener\" target=\"_blank\">Pretty Woman<\/a> (1990). Solo por su tour de force merece la pena ver <strong>Caza de brujas<\/strong>, que <strong>Prime Video incorpora a su cat\u00e1logo este jueves 20 de noviembre<\/strong>. Para algunos ser\u00e1 un tost\u00f3n que marea la perdiz. Para otros, una formidable pel\u00edcula cuyas dos \u00faltimas secuencias dan la vuelta a la tortilla.<\/p>\n<p>            <a class=\"articulo-relacionado__media\" href=\"https:\/\/www.elindependiente.com\/series-y-television\/estrenos\/2025\/11\/14\/prime-video-estrena-hoy-la-pelicula-de-argentina-candidata-al-oscar-que-no-gusta-a-milei\/\" title=\"Prime Video estrena hoy la pel\u00edcula de Argentina candidata al Oscar que no gusta a Milei\" rel=\"nofollow noopener\" target=\"_blank\"><\/p>\n<p>                <img loading=\"lazy\" decoding=\"async\" src=\"data:image\/svg+xml,%3Csvg%20xmlns=\" http:=\"\" width=\"390\" height=\"220\" alt=\"Prime Video estrena hoy la pel\u00edcula de Argentina candidata al Oscar que no gusta a Milei\" data-lazy-src=\"https:\/\/www.europesays.com\/es\/wp-content\/uploads\/2025\/11\/prime-video-estrena-hoy-pelicula-argentina-candidata-oscar-2026-390x220.jpg\"\/><\/p>\n<p>\t\t\t            <\/a><\/p>\n<p>Guadagnino no es, para los votantes de los Oscar, santo de su devoci\u00f3n. Nunca le han nominado como mejor director \u2013Rivales habr\u00eda sido la ocasi\u00f3n perfecta\u2013 y s\u00f3lo fue candidato al galard\u00f3n como productor de Call Me by Your Name, nominada en 2018 a mejor pel\u00edcula. Este a\u00f1o, los galardones de cine independiente <a href=\"https:\/\/awards.thegotham.org\/\" rel=\"nofollow noopener\" target=\"_blank\">Gotham<\/a> \u2013Oliver Laxe est\u00e1 nominado como mejor director por <a href=\"https:\/\/www.elindependiente.com\/tendencias\/cine\/2025\/09\/17\/sirat-representara-a-espana-en-los-oscar-2026\/\" rel=\"nofollow noopener\" target=\"_blank\">Sirat<\/a>\u2013 reconocer\u00e1n a Luca Guadagnino y Julia Roberts como visionarios por Caza de brujas.<\/p>\n<p>Tr\u00e1iler y premisa de Caza de brujas en Prime Video<\/p>\n<p>Caza de brujas es un \u00abapasionante drama psicol\u00f3gico\u00bb en el que una profesora de universidad (Julia Roberts) se encuentra en una encrucijada personal y profesional cuando una alumna estrella (Ayo Edebiri) presenta una acusaci\u00f3n en contra de uno de sus compa\u00f1eros (Andrew Garfield), y un secreto de su propio pasado amenaza con salir a la luz.<\/p>\n<p>PUBLICIDAD<\/p>\n","protected":false},"excerpt":{"rendered":"Sin pena ni gloria han pasado este 2025 por salas de cine las dos \u00faltimas pel\u00edculas de Luca&hellip;\n","protected":false},"author":2,"featured_media":245908,"comment_status":"","ping_status":"","sticky":false,"template":"","format":"standard","meta":{"footnotes":""},"categories":[169],"tags":[6826,177,146,147,25,24,6750,176,175,23,807],"class_list":{"0":"post-245907","1":"post","2":"type-post","3":"status-publish","4":"format-standard","5":"has-post-thumbnail","7":"category-cine","8":"tag-amazon-prime-video","9":"tag-cine","10":"tag-entertainment","11":"tag-entretenimiento","12":"tag-es","13":"tag-espana","14":"tag-estrenos","15":"tag-film","16":"tag-movies","17":"tag-spain","18":"tag-television"},"share_on_mastodon":{"url":"https:\/\/pubeurope.com\/@es\/115580841790953304","error":""},"_links":{"self":[{"href":"https:\/\/www.europesays.com\/es\/wp-json\/wp\/v2\/posts\/245907","targetHints":{"allow":["GET"]}}],"collection":[{"href":"https:\/\/www.europesays.com\/es\/wp-json\/wp\/v2\/posts"}],"about":[{"href":"https:\/\/www.europesays.com\/es\/wp-json\/wp\/v2\/types\/post"}],"author":[{"embeddable":true,"href":"https:\/\/www.europesays.com\/es\/wp-json\/wp\/v2\/users\/2"}],"replies":[{"embeddable":true,"href":"https:\/\/www.europesays.com\/es\/wp-json\/wp\/v2\/comments?post=245907"}],"version-history":[{"count":0,"href":"https:\/\/www.europesays.com\/es\/wp-json\/wp\/v2\/posts\/245907\/revisions"}],"wp:featuredmedia":[{"embeddable":true,"href":"https:\/\/www.europesays.com\/es\/wp-json\/wp\/v2\/media\/245908"}],"wp:attachment":[{"href":"https:\/\/www.europesays.com\/es\/wp-json\/wp\/v2\/media?parent=245907"}],"wp:term":[{"taxonomy":"category","embeddable":true,"href":"https:\/\/www.europesays.com\/es\/wp-json\/wp\/v2\/categories?post=245907"},{"taxonomy":"post_tag","embeddable":true,"href":"https:\/\/www.europesays.com\/es\/wp-json\/wp\/v2\/tags?post=245907"}],"curies":[{"name":"wp","href":"https:\/\/api.w.org\/{rel}","templated":true}]}}