{"id":245909,"date":"2025-11-20T07:27:12","date_gmt":"2025-11-20T07:27:12","guid":{"rendered":"https:\/\/www.europesays.com\/es\/245909\/"},"modified":"2025-11-20T07:27:12","modified_gmt":"2025-11-20T07:27:12","slug":"el-barca-no-espera-ampliar-el-aforo-del-camp-nou-a-62-000-personas-hasta-inicios-de-2026","status":"publish","type":"post","link":"https:\/\/www.europesays.com\/es\/245909\/","title":{"rendered":"El Bar\u00e7a no espera ampliar el aforo del Camp Nou a 62.000 personas hasta inicios de 2026"},"content":{"rendered":"<p class=\"mb-4 text-lg md:leading-8 break-words\">Sant Cugat del Vall\u00e8s (Barcelona), 19 nov (EFE).- La vicepresidenta del \u00e1rea institucional del FC Barcelona, Elena Fort, ha asegurado este mi\u00e9rcoles que el club no prev\u00e9 alcanzar la fase 1C de las obras de remodelaci\u00f3n del Spotify Camp Nou, que ampliar\u00e1 el aforo provisional a 62.000 personas, hasta el inicio de 2026.<\/p>\n<p class=\"mb-4 text-lg md:leading-8 break-words\">Despu\u00e9s de la reuni\u00f3n de la junta directiva celebrada de forma excepcional en el monasterio de Sant Cugat del Vall\u00e8s, Fort ha atendido a los medios de comunicaci\u00f3n y ha explicado que el espacio donde se ubicar\u00e1 la futura grada de animaci\u00f3n pertenece a la fase 1C, que no esperan que est\u00e9 operativa hasta \u00abel inicio del a\u00f1o que viene\u00bb.<\/p>\n<p class=\"mb-4 text-lg md:leading-8 break-words\">Sobre el proceso participativo para la creaci\u00f3n de la nueva grada de animaci\u00f3n, la vicepresidenta ha explicado que \u00abse est\u00e1 acabando la normativa interna\u00bb y que con esta iniciativa el club pretende \u00abdar la oportunidad de disfrutar del Camp Nou a muchos j\u00f3venes que llevan a\u00f1os en la lista de espera para recibir un abono\u00bb.<\/p>\n<p class=\"mb-4 text-lg md:leading-8 break-words\">Fort tambi\u00e9n ha remarcado que \u00abla animaci\u00f3n debe pertenecer a todo el estadio, no a un colectivo concreto\u00bb y ha asegurado que la junta directiva quiere \u00abgenerar nuevas din\u00e1micas\u00bb en la animaci\u00f3n para \u00abponer al Camp Nou en el siglo veintiuno\u00bb.<\/p>\n<p class=\"mb-4 text-lg md:leading-8 break-words\">Preguntada por qui\u00e9n deber\u00eda realizar el saque de honor este s\u00e1bado contra el Athletic Club en el primer partido en el estadio tras m\u00e1s de dos a\u00f1os de ausencia por su remodelaci\u00f3n, Fort ha bromeado al responder que deber\u00eda ser \u00abel presidente del Bar\u00e7a por la valent\u00eda que ha tenido al afrontar este reto\u00bb.<\/p>\n<p class=\"mb-4 text-lg md:leading-8 break-words\">Asimismo, la vicepresidenta ha recordado que \u00abla estructura abonados Camp Nou, que sigue siendo de los 83.000 que estaban en 2023, volver\u00e1n cuando el aforo sea definitivo\u00bb (unas 105.000 personas), pero hasta entonces el club se encuentra en una \u00absituaci\u00f3n de provisionalidad que exige nuevas formas de actuar\u00bb.<\/p>\n<p class=\"mb-4 text-lg md:leading-8 break-words\">\u00abHemos tenido dos partidos en el Johan Cruyff con un impacto econ\u00f3mico negativo. Esta vez se han puesto precios de mercado que pueden generar cierto enojo o sorpresa, pero pedimos paciencia y comprensi\u00f3n. Son cosas puntuales y provisionales que regularemos con la fase 1C y cuando definitivamente volvamos. Los ingresos del Camp Nou son la base para pagar el estadio. Buscamos un equilibrio\u00bb, ha expuesto.<\/p>\n<p class=\"mb-4 text-lg md:leading-8 break-words\">Por \u00faltimo, ha expresado que no espera que en el partido del 9 de diciembre frente al Eintracht se produzca el desplazamiento masivo de la afici\u00f3n rival que se vivi\u00f3 la \u00faltima vez que el equipo alem\u00e1n visit\u00f3 Barcelona, \u00absi no hay una reventa masiva de entradas\u00bb. EFE<\/p>\n<p class=\"mb-4 text-lg md:leading-8 break-words\">(c) Agencia EFE<\/p>\n","protected":false},"excerpt":{"rendered":"Sant Cugat del Vall\u00e8s (Barcelona), 19 nov (EFE).- La vicepresidenta del \u00e1rea institucional del FC Barcelona, Elena Fort,&hellip;\n","protected":false},"author":2,"featured_media":245910,"comment_status":"","ping_status":"","sticky":false,"template":"","format":"standard","meta":{"footnotes":""},"categories":[93],"tags":[15927,168,995,62812,62810,25,24,881,62811,62809,23,167],"class_list":{"0":"post-245909","1":"post","2":"type-post","3":"status-publish","4":"format-standard","5":"has-post-thumbnail","7":"category-deportes","8":"tag-camp-nou","9":"tag-deportes","10":"tag-efe","11":"tag-el-espacio","12":"tag-elena-fort","13":"tag-es","14":"tag-espana","15":"tag-fc-barcelona","16":"tag-lista-de-espera","17":"tag-sant-cugat-del-valles","18":"tag-spain","19":"tag-sports"},"share_on_mastodon":{"url":"https:\/\/pubeurope.com\/@es\/115580845742763648","error":""},"_links":{"self":[{"href":"https:\/\/www.europesays.com\/es\/wp-json\/wp\/v2\/posts\/245909","targetHints":{"allow":["GET"]}}],"collection":[{"href":"https:\/\/www.europesays.com\/es\/wp-json\/wp\/v2\/posts"}],"about":[{"href":"https:\/\/www.europesays.com\/es\/wp-json\/wp\/v2\/types\/post"}],"author":[{"embeddable":true,"href":"https:\/\/www.europesays.com\/es\/wp-json\/wp\/v2\/users\/2"}],"replies":[{"embeddable":true,"href":"https:\/\/www.europesays.com\/es\/wp-json\/wp\/v2\/comments?post=245909"}],"version-history":[{"count":0,"href":"https:\/\/www.europesays.com\/es\/wp-json\/wp\/v2\/posts\/245909\/revisions"}],"wp:featuredmedia":[{"embeddable":true,"href":"https:\/\/www.europesays.com\/es\/wp-json\/wp\/v2\/media\/245910"}],"wp:attachment":[{"href":"https:\/\/www.europesays.com\/es\/wp-json\/wp\/v2\/media?parent=245909"}],"wp:term":[{"taxonomy":"category","embeddable":true,"href":"https:\/\/www.europesays.com\/es\/wp-json\/wp\/v2\/categories?post=245909"},{"taxonomy":"post_tag","embeddable":true,"href":"https:\/\/www.europesays.com\/es\/wp-json\/wp\/v2\/tags?post=245909"}],"curies":[{"name":"wp","href":"https:\/\/api.w.org\/{rel}","templated":true}]}}