{"id":245918,"date":"2025-11-20T07:32:10","date_gmt":"2025-11-20T07:32:10","guid":{"rendered":"https:\/\/www.europesays.com\/es\/245918\/"},"modified":"2025-11-20T07:32:10","modified_gmt":"2025-11-20T07:32:10","slug":"trump-recibira-a-zohran-mamdani-el-viernes-en-la-casa-blanca-dw-20-11-2025","status":"publish","type":"post","link":"https:\/\/www.europesays.com\/es\/245918\/","title":{"rendered":"Trump recibir\u00e1 a Zohran Mamdani el viernes en la Casa Blanca \u2013 DW \u2013 20\/11\/2025"},"content":{"rendered":"<p>El presidente de Estados Unidos, <a class=\"internal-link\" href=\"https:\/\/www.dw.com\/es\/trump-donald\/t-19445010\" rel=\"nofollow noopener\" target=\"_blank\">Donald Trump<\/a>, recibir\u00e1 en la Casa Blanca el viernes (21.11.2025) al alcalde electo de <a class=\"internal-link\" href=\"https:\/\/www.dw.com\/es\/nueva-york\/t-41322036\" rel=\"nofollow noopener\" target=\"_blank\">Nueva York<\/a>, Zohran Mamdani, quien asumir\u00e1 el cargo el 1 de enero y cuyo triunfo se produjo tras una campa\u00f1a marcada por sus cr\u00edticas al mandatario.<\/p>\n<p>Sin revelar m\u00e1s detalles, Trump anunci\u00f3 la reuni\u00f3n en su cuenta oficial de Truth Social, asegurando que el encuentro fue solicitado por Mamdani, a quien nombr\u00f3 \u00ab<a class=\"internal-link\" href=\"https:\/\/www.dw.com\/es\/dw-verifica-por-qu\u00e9-zohran-mamdani-no-es-un-comunista\/a-74632018\" rel=\"nofollow noopener\" target=\"_blank\">alcalde comunista<\/a>\u00ab.<\/p>\n<p>Mamdani confirm\u00f3 el encuentro y sostuvo que quiere \u00abhablar con franqueza\u00bb al presidente sobre las dificultades econ\u00f3micas que enfrentan los neoyorquinos, especialmente el alto costo de vida.<\/p>\n<p>El <a class=\"internal-link\" href=\"https:\/\/www.dw.com\/es\/opositor-de-trump-elegido-alcalde-de-nueva-york\/a-74620694\" rel=\"nofollow noopener\" target=\"_blank\">primer alcalde musulm\u00e1n de Nueva York<\/a> gan\u00f3 las elecciones con una campa\u00f1a que centr\u00f3 en propuestas como congelar los alquileres regulados, hacer gratuito el transporte en autob\u00fas y crear supermercados municipales.<\/p>\n<p>El alcalde electo, hijo de inmigrantes y nacido en Uganda, ha prometido defender a las comunidades vulnerables y oponerse a cualquier decisi\u00f3n federal que considere perjudicial para la ciudad.<\/p>\n<p>Mamdani, que tomar\u00e1 posesi\u00f3n el 1 de enero, pidi\u00f3 recientemente a la Casa Blanca que se abstenga de enviar a la Guardia Nacional a Nueva York, como ha ocurrido en otras ciudades gobernadas por dem\u00f3cratas como Chicago y Portland.<\/p>\n<p>gs (efe, afp, ap, reuters)<\/p>\n<p>El dem\u00f3crata Mamdani gana la alcald\u00eda de Nueva York <video id=\"video-74634676\" controls=\"\" playsinline=\"\" preload=\"none\" poster=\"data:image\/png;base64,iVBORw0KGgoAAAANSUhEUgAAAAEAAAABCAQAAAC1HAwCAAAAC0lEQVR42mNkYAAAAAYAAjCB0C8AAAAASUVORK5CYII=\" data-id=\"74634676\" data-posterurl=\"https:\/\/static.dw.com\/image\/74621547_605.webp\" data-duration=\"03:00\"><\/p>\n<p class=\"vjs-no-js\">To view this video please enable JavaScript, and consider upgrading to a web browser that <a href=\"https:\/\/videojs.com\/html5-video-support\/\" target=\"_blank\" rel=\"nofollow noopener\">supports HTML5 video<\/a><\/p>\n<p><\/video><\/p>\n","protected":false},"excerpt":{"rendered":"El presidente de Estados Unidos, Donald Trump, recibir\u00e1 en la Casa Blanca el viernes (21.11.2025) al alcalde electo&hellip;\n","protected":false},"author":2,"featured_media":245919,"comment_status":"","ping_status":"","sticky":false,"template":"","format":"standard","meta":{"footnotes":""},"categories":[42],"tags":[17,18,13,14,11,61,62,63,64,19,20,9,10,15,16,12,21,22,65,66,67],"class_list":{"0":"post-245918","1":"post","2":"type-post","3":"status-publish","4":"format-standard","5":"has-post-thumbnail","7":"category-internacional","8":"tag-breaking-news","9":"tag-breakingnews","10":"tag-featured-news","11":"tag-featurednews","12":"tag-headlines","13":"tag-internacional","14":"tag-international","15":"tag-international-news","16":"tag-internationalnews","17":"tag-latest-news","18":"tag-latestnews","19":"tag-news","20":"tag-noticias","21":"tag-noticias-destacadas","22":"tag-noticiasdestacadas","23":"tag-titulares","24":"tag-ultimas-noticias","25":"tag-ultimasnoticias","26":"tag-world","27":"tag-world-news","28":"tag-worldnews"},"share_on_mastodon":{"url":"https:\/\/pubeurope.com\/@es\/115580865445638940","error":""},"_links":{"self":[{"href":"https:\/\/www.europesays.com\/es\/wp-json\/wp\/v2\/posts\/245918","targetHints":{"allow":["GET"]}}],"collection":[{"href":"https:\/\/www.europesays.com\/es\/wp-json\/wp\/v2\/posts"}],"about":[{"href":"https:\/\/www.europesays.com\/es\/wp-json\/wp\/v2\/types\/post"}],"author":[{"embeddable":true,"href":"https:\/\/www.europesays.com\/es\/wp-json\/wp\/v2\/users\/2"}],"replies":[{"embeddable":true,"href":"https:\/\/www.europesays.com\/es\/wp-json\/wp\/v2\/comments?post=245918"}],"version-history":[{"count":0,"href":"https:\/\/www.europesays.com\/es\/wp-json\/wp\/v2\/posts\/245918\/revisions"}],"wp:featuredmedia":[{"embeddable":true,"href":"https:\/\/www.europesays.com\/es\/wp-json\/wp\/v2\/media\/245919"}],"wp:attachment":[{"href":"https:\/\/www.europesays.com\/es\/wp-json\/wp\/v2\/media?parent=245918"}],"wp:term":[{"taxonomy":"category","embeddable":true,"href":"https:\/\/www.europesays.com\/es\/wp-json\/wp\/v2\/categories?post=245918"},{"taxonomy":"post_tag","embeddable":true,"href":"https:\/\/www.europesays.com\/es\/wp-json\/wp\/v2\/tags?post=245918"}],"curies":[{"name":"wp","href":"https:\/\/api.w.org\/{rel}","templated":true}]}}