{"id":245923,"date":"2025-11-20T07:39:12","date_gmt":"2025-11-20T07:39:12","guid":{"rendered":"https:\/\/www.europesays.com\/es\/245923\/"},"modified":"2025-11-20T07:39:12","modified_gmt":"2025-11-20T07:39:12","slug":"granollers-tuve-fuerza-para-salir-de-una-dura-situacion","status":"publish","type":"post","link":"https:\/\/www.europesays.com\/es\/245923\/","title":{"rendered":"Granollers: \u201cTuve fuerza para salir de una dura situaci\u00f3n\u201d"},"content":{"rendered":"<p class=\"\">Definido por el capit\u00e1n <a href=\"https:\/\/as.com\/tenis\/ferrer-claro-que-nos-resentimos-sin-carlos-pero-tengo-fe-f202511-n\/\" target=\"_blank\" rel=\"noreferrer nofollow noopener\" title=\"https:\/\/as.com\/tenis\/ferrer-claro-que-nos-resentimos-sin-carlos-pero-tengo-fe-f202511-n\/\">David Ferrer como \u201cel l\u00edder\u201d<\/a> de la Selecci\u00f3n espa\u00f1ola en Bolonia, <b>Marcel Granollers <\/b>(Barcelona, 39 a\u00f1os) pondr\u00e1 tras la <a href=\"https:\/\/as.com\/tenis\/copa_davis\/\" target=\"_blank\" rel=\"noreferrer nofollow noopener\" title=\"https:\/\/as.com\/tenis\/copa_davis\/\">Final a 8 de la Copa Davis<\/a> el punto final a su <b>temporada m\u00e1s dulce<\/b> como doblista. El catal\u00e1n, junto con Horacio Zeballos, <b>conquist\u00f3 <\/b>por fin sus dos primeros Grand Slam (<b>Roland Garros<\/b> y <a href=\"https:\/\/as.com\/tenis\/us_open\/granollers-y-zeballos-el-doble-de-campeones-en-grand-slams-n\/\" target=\"_self\" rel=\"nofollow noopener\" title=\"https:\/\/as.com\/tenis\/us_open\/granollers-y-zeballos-el-doble-de-campeones-en-grand-slams-n\/\">US Open<\/a>), y se pudo quitar la espina de varios sinsabores. Todo ello lo hizo superando varios contratiempos f\u00edsicos que no frenaron al m\u00e1ximo baluarte de una <a href=\"https:\/\/as.com\/tenis\/alcaraz-anuncia-que-no-jugara-la-copa-davis-f202511-n\/\" target=\"_self\" rel=\"nofollow noopener\" title=\"https:\/\/as.com\/tenis\/alcaraz-anuncia-que-no-jugara-la-copa-davis-f202511-n\/\">Espa\u00f1a hu\u00e9rfana de Carlos Alcaraz<\/a> en la copa del mundo. Antes de debutar este jueves contra Chequia (10:00, M+), Marcel, ganador de la Davis en 2008, 2011 y 2019,<b> se sienta a hablar con AS.<\/b><\/p>\n<p class=\"\"><b>\u00bfQu\u00e9 tal se encuentra y c\u00f3mo ve al equipo?<\/b><\/p>\n<p class=\"\">Bien, genial. Es un placer compartir estas semanas con los compa\u00f1eros, con todo el equipo. Hice el primer entreno en la pista central y ha ido muy bien.<\/p>\n<p class=\"\"><b>\u00bfLe gusta abrazar el rol de veterano del equipo?<\/b><\/p>\n<p class=\"\">\u00bfRol? No s\u00e9. Lo que soy el m\u00e1s veterano, eso s\u00ed (entre risas). Creo que todos tenemos el mismo papel. Somos todos importantes y al final estamos todos para ayudar y para que el equipo llegue lo m\u00e1s lejos posible.<\/p>\n<p class=\"\"><b>Usted que sabe lo que es ganar una Davis, \u00bfqu\u00e9 tiene que tener un equipo para ello?<\/b><\/p>\n<p class=\"\">Lo que dice la palabra, ser un equipo. Al final tenemos que remar todos en la misma direcci\u00f3n. Creo que lo hacemos. Tenemos un gran grupo. Despu\u00e9s, cada uno dar el m\u00e1ximo, toque jugar o no toque jugar. Despu\u00e9s, tener ese pel\u00edn de suerte en los partidos, que siempre se necesita tambi\u00e9n.<\/p>\n<p class=\"\"><b>Vuelven las eliminatorias con tres partidos y el dobles gana importancia. \u00bfSiente la responsabilidad?<\/b><\/p>\n<p class=\"\">Bueno, el dobles con este formato tiene m\u00e1s importancia. Al final muchas eliminatorias se deciden en el doble. Estamos aqu\u00ed para ayudar. En caso de que el capit\u00e1n conf\u00ede en m\u00ed para jugar el doble, voy a intentar hacerlo lo mejor posible y ojal\u00e1 lleguemos lejos.<\/p>\n<p class=\"\"><b>No tiene una pareja definida y puede jugar con sus tres compa\u00f1eros. \u00bfLe gusta eso o preferir\u00eda tenerlo m\u00e1s definido?<\/b><\/p>\n<p class=\"\">Tiene sus pros y sus contras. Al final el equipo rival no sabe qu\u00e9 pareja vamos a poner. En este equipo, pongas a quien pongas, es un doble competitivo. Todos somos jugadores que lo hacemos bien en el doble. Eso tambi\u00e9n es otra ventaja, que el capit\u00e1n tiene m\u00e1s de una opci\u00f3n.<\/p>\n<p><img decoding=\"async\" src=\"https:\/\/www.europesays.com\/es\/wp-content\/uploads\/2025\/11\/XFW2F4RVYFM3BIVQPBJD6GKIFQ.jpg\" alt=\"Granollers: \u201cTuve fuerza para salir de una dura situaci\u00f3n\u201d\" height=\"2000\" width=\"3000\"   loading=\"lazy\"\/>DIARIO AS<\/p>\n<p class=\"\"><b>A la hora de elegir su pareja, \u00bfforma parte de ello? \u00bfO es totalmente una decisi\u00f3n de David?<\/b><\/p>\n<p class=\"\">No, el capit\u00e1n es el que decide, tanto quien juega individual o quien juega el doble. \u00c9l nos ve entrenar, sabe las caracter\u00edsticas que tenemos todos en la pista y \u00e9l ah\u00ed decide la mejor pareja que \u00e9l cree.<\/p>\n<p class=\"\"><b>\u00daltimo torneo de un a\u00f1o tremendo. \u00bfC\u00f3mo es el balance?<\/b><\/p>\n<p class=\"\">S\u00ed, muy bueno. Ha sido un a\u00f1o a nivel de resultados espectacular, consiguiendo ese Grand Slam que faltaba y no ganando uno, sino ganando dos. Ha habido momentos duros con lesiones. Ha sido el a\u00f1o que m\u00e1s parado he estado, pero en el que mejores resultados he tenido. Aprender de este a\u00f1o, cargar pilas ahora que viene el par\u00f3n y a ver qu\u00e9 nos depara el futuro.<\/p>\n<p class=\"\"><b>Hablaba de esos problemas que ha tenido. A la vez que ha sido un a\u00f1o buen\u00edsimo en cuanto a resultados, \u00bfha sido tambi\u00e9n de los m\u00e1s duros de su carrera?<\/b><\/p>\n<p class=\"\">S\u00ed, ha sido duro, pero sobre todo los momentos en los que he estado parado. El principio del a\u00f1o fue muy complicado porque vol\u00e9 a Australia, al final el doble no juegas solo, juegas con un compa\u00f1ero, tenemos un equipo detr\u00e1s, volamos todos ah\u00ed y llegas y <a href=\"https:\/\/as.com\/tenis\/open_australia\/granollers-y-zeballos-se-despiden-en-octavos-n\/\" target=\"_self\" rel=\"nofollow noopener\" title=\"https:\/\/as.com\/tenis\/open_australia\/granollers-y-zeballos-se-despiden-en-octavos-n\/\">no eres capaz de competir<\/a>. Despu\u00e9s estuve dos meses sin poder jugar. Son momentos que son dif\u00edciles, pero los gestionamos bien y cuando volvimos, volvimos m\u00e1s fuertes que nunca.<\/p>\n<p class=\"\"><b>\u00bfCu\u00e1l es su apoyo en esos momentos m\u00e1s complicados?<\/b><\/p>\n<p class=\"\">El entorno. Seguir una l\u00ednea de recuperaci\u00f3n, de trabajo, de creer que una recuperaci\u00f3n completa y no correr va a hacer que el volver sea un poco m\u00e1s sencillo. Siempre es complicado, pero en ese momento cre\u00ed en el proceso, en que me ten\u00eda que recuperar. No hab\u00eda recuperado, ten\u00eda que ponerme en forma y darme ese margen una vez entraba a la competici\u00f3n porque hab\u00edan pasado unos meses. La gente ha ido compitiendo, t\u00fa llegas con un cuarto de temporada jugado y no es f\u00e1cil.<\/p>\n<p class=\"\"><b>\u00bfCu\u00e1l ha sido la clave para engancharse tan r\u00e1pido, a pesar de tener un cuarto menos de temporada?<\/b><\/p>\n<p class=\"\">Confiar en el proceso, en los entrenos, sobre todo, apoyarnos mucho, entrenar fuerte, tener esa paciencia que es importante porque muchas veces puedes hacer las cosas bien y los resultados no llegan inmediatamente. Supimos aguantar, fuimos a jugar alg\u00fan torneo de m\u00e1s que en principio no ten\u00edamos en el calendario para coger ese ritmo de competici\u00f3n y funcion\u00f3. Despu\u00e9s hemos hecho un tenis magn\u00edfico.<\/p>\n<p class=\"\"><b>\u00bfHa habido pensamientos, aunque sean intrusivos, de tirar la toalla?<\/b><\/p>\n<p class=\"\">No, este a\u00f1o no. Cuando me lesion\u00e9 en principio de a\u00f1o realmente tuve muy claro que quer\u00eda volver para competir, para dar una versi\u00f3n, si era posible, a\u00fan mejor. Tuve esa energ\u00eda, esa fuerza interior que me hizo salir de esa dura situaci\u00f3n y coger todo con m\u00e1s fuerza.<\/p>\n<p class=\"\"><b>\u00bfCu\u00e1l dir\u00eda que supo mejor, Roland Garros por ser el primero o US Open por ganarlo con el tobillo hinchado como una pelota?<\/b><\/p>\n<p class=\"\">Los dos van a estar en mi cabeza y en mi coraz\u00f3n para siempre. S\u00ed que es verdad que el primero, <a href=\"https:\/\/as.com\/tenis\/roland_garros\/granollers-gana-con-zeballos-su-primer-grand-slam-n\/\" target=\"_self\" rel=\"nofollow noopener\" title=\"https:\/\/as.com\/tenis\/roland_garros\/granollers-gana-con-zeballos-su-primer-grand-slam-n\/\">el de Roland Garros, ten\u00eda una carga un poco m\u00e1s fuerte<\/a>. Al final llevaba tiempo persiguiendo eso, no lo hab\u00eda conseguido y fue tambi\u00e9n un alivio el poder haber ganado un Grand Slam.<\/p>\n<p><img decoding=\"async\" src=\"https:\/\/www.europesays.com\/es\/wp-content\/uploads\/2025\/11\/37AXIU3YZ26IAM2Y3IA5GL7ZX4.jpg\" alt=\"Granollers: \u201cTuve fuerza para salir de una dura situaci\u00f3n\u201d\" height=\"3553\" width=\"5330\"   loading=\"lazy\"\/>JULIEN DE ROSA<\/p>\n<p class=\"\"><b>\u00bfY 2026? \u00bfC\u00f3mo lo encara? \u00bfUn calendario completo o siendo m\u00e1s selectivo con los torneos que jugar?<\/b><\/p>\n<p class=\"\">Al final, con Horacio, siempre que se puede, intentamos ser bastante selectivos con el calendario. Igual somos la pareja que juega menos torneos. Tenemos una edad, una situaci\u00f3n y una manera de ver la carrera muy parecida los dos. Siempre que los resultados acompa\u00f1en, nos gusta mantener ese equilibrio de jugar torneos. Tambi\u00e9n tener un descanso que nos permita, fuera del tenis, tener tiempo para nosotros.<\/p>\n<p class=\"\"><b>\u00bfQu\u00e9 opina del debate sobre jugar la Davis cada dos a\u00f1os?<\/b><\/p>\n<p class=\"\">Me parece una buena idea jugar cada dos a\u00f1os esta competici\u00f3n. Creo que es demasiado. Aparte, con el calendario que hay tan cargado. Yo creo que al final puede haber lesiones, puede ser que est\u00e9s saturado mentalmente y necesitas esas semanas de recuperaci\u00f3n para ti. Si lo hacemos cada dos a\u00f1os, yo creo que los jugadores tendr\u00edan m\u00e1s opciones de jugar.<\/p>\n<p class=\"\"><b>\u00bfSienten a Chequia como el coco de la Davis?<\/b><\/p>\n<p class=\"\">Creo que tambi\u00e9n hay otros equipos muy potentes. Cualquier equipo que est\u00e1 aqu\u00ed es porque lo ha hecho bien previamente. Si miras los jugadores que hay, creo que es una Copa Davis muy abierta y cualquier equipo puede ganar. Es verdad que Rep\u00fablica Checa es uno de los mejores. Tiene unos jugadores de un nivel alt\u00edsimo que se adaptan perfectamente en estas pistas y va a ser un rival muy complicado.<\/p>\n<p class=\"\"><b>La meta para esta semana es&#8230;<\/b><\/p>\n<p class=\"\">Creo que venimos aqu\u00ed con el objetivo de poder ganar la Copa Davis. Al final sabemos que es deporte, puede pasar todo, pero tenemos esa ilusi\u00f3n y lo intentaremos hasta el final. Creo que tenemos que salir de aqu\u00ed sabiendo que hemos dado todo, que lo hemos intentado. Si ganamos, obviamente mejor y si no, irnos con la cabeza alta.<\/p>\n<p>Noticias relacionadas<a href=\"https:\/\/as.com\/tenis\/ferrer-berdych-y-el-recuerdo-de-dos-finales-en-la-davis-f202511-n\/\" class=\"s_m_w _rt-16x9\" title=\"Los hombres que capitanear\u00e1n este jueves a Espa\u00f1a y Chequia en cuartos de final lucharon como jugadores por dos Ensaladeras. \" data-tb-link=\"\" rel=\"nofollow noopener\" target=\"_blank\"><img decoding=\"async\" src=\"https:\/\/www.europesays.com\/es\/wp-content\/uploads\/2025\/11\/1763624351_750_ITWIWIUJFVA5FGNFGWSUQQTUPM.jpg\" alt=\"Ferrer, Berdych y el recuerdo de dos finales en la Davis\" class=\"\" height=\"9\" width=\"16\"   loading=\"lazy\" data-tb-thumbnail=\"\"\/><\/a><a href=\"https:\/\/as.com\/tenis\/espana-comienza-ante-chequia-su-davis-de-los-olvidados-f202511-n\/\" class=\"s_m_w _rt-16x9\" title=\"La Selecci\u00f3n de Ferrer, que no contar\u00e1 con Alcaraz, debuta este jueves en cuartos de final ante la potente Chequia. Los jugadores apelan a la unidad del equipo.\" data-tb-link=\"\" rel=\"nofollow noopener\" target=\"_blank\"><img decoding=\"async\" src=\"https:\/\/www.europesays.com\/es\/wp-content\/uploads\/2025\/11\/1763624352_547_LKRGAD42YBPIXMTJKQB53PCVSE.jpg\" alt=\"Espa\u00f1a comienza ante Chequia su Davis de los \u2018olvidados\u2019\" class=\"\" height=\"9\" width=\"16\"   loading=\"lazy\" data-tb-thumbnail=\"\"\/><\/a><\/p>\n<p class=\"\"><b>\u00a1Tus opiniones importan!<\/b> Comenta en los art\u00edculos y suscr\u00edbete gratis a nuestra <a href=\"https:\/\/asfan.as.com\/newsletters\/\" target=\"_blank\" rel=\"nofollow noopener\" title=\"https:\/\/asfan.as.com\/newsletters\/\">newsletter<\/a> y a las alertas informativas en la <a href=\"https:\/\/as.com\/aplicacion-de-as-n\/\" target=\"_blank\" rel=\"nofollow noopener\" title=\"https:\/\/as.com\/aplicacion-de-as-n\/\">App<\/a> o el canal de <a href=\"https:\/\/www.whatsapp.com\/channel\/0029VaAasdA7j6g745nz9M10\" target=\"_blank\" rel=\"nofollow noopener\" title=\"https:\/\/www.whatsapp.com\/channel\/0029VaAasdA7j6g745nz9M10\">WhatsApp<\/a>. <\/p>\n<p class=\"\">\u00bfBuscas licenciar contenido? Haz clic <a href=\"https:\/\/profesional.elpais.com\/soluciones-sindicacion?utm_medium=interno&amp;utm_source=crosslinking&amp;utm_campaign=sindicacion_as_pie_articulos\" target=\"_blank\" rel=\"nofollow noopener\" title=\"https:\/\/profesional.elpais.com\/soluciones-sindicacion?utm_medium=interno&amp;utm_source=crosslinking&amp;utm_campaign=sindicacion_as_pie_articulos\">aqu\u00ed<\/a><\/p>\n","protected":false},"excerpt":{"rendered":"Definido por el capit\u00e1n David Ferrer como \u201cel l\u00edder\u201d de la Selecci\u00f3n espa\u00f1ola en Bolonia, Marcel Granollers (Barcelona,&hellip;\n","protected":false},"author":2,"featured_media":245924,"comment_status":"","ping_status":"","sticky":false,"template":"","format":"standard","meta":{"footnotes":""},"categories":[274],"tags":[168,25,24,23,167,327,326],"class_list":{"0":"post-245923","1":"post","2":"type-post","3":"status-publish","4":"format-standard","5":"has-post-thumbnail","7":"category-tenis","8":"tag-deportes","9":"tag-es","10":"tag-espana","11":"tag-spain","12":"tag-sports","13":"tag-tenis","14":"tag-tennis"},"share_on_mastodon":{"url":"https:\/\/pubeurope.com\/@es\/115580893289896688","error":""},"_links":{"self":[{"href":"https:\/\/www.europesays.com\/es\/wp-json\/wp\/v2\/posts\/245923","targetHints":{"allow":["GET"]}}],"collection":[{"href":"https:\/\/www.europesays.com\/es\/wp-json\/wp\/v2\/posts"}],"about":[{"href":"https:\/\/www.europesays.com\/es\/wp-json\/wp\/v2\/types\/post"}],"author":[{"embeddable":true,"href":"https:\/\/www.europesays.com\/es\/wp-json\/wp\/v2\/users\/2"}],"replies":[{"embeddable":true,"href":"https:\/\/www.europesays.com\/es\/wp-json\/wp\/v2\/comments?post=245923"}],"version-history":[{"count":0,"href":"https:\/\/www.europesays.com\/es\/wp-json\/wp\/v2\/posts\/245923\/revisions"}],"wp:featuredmedia":[{"embeddable":true,"href":"https:\/\/www.europesays.com\/es\/wp-json\/wp\/v2\/media\/245924"}],"wp:attachment":[{"href":"https:\/\/www.europesays.com\/es\/wp-json\/wp\/v2\/media?parent=245923"}],"wp:term":[{"taxonomy":"category","embeddable":true,"href":"https:\/\/www.europesays.com\/es\/wp-json\/wp\/v2\/categories?post=245923"},{"taxonomy":"post_tag","embeddable":true,"href":"https:\/\/www.europesays.com\/es\/wp-json\/wp\/v2\/tags?post=245923"}],"curies":[{"name":"wp","href":"https:\/\/api.w.org\/{rel}","templated":true}]}}