{"id":245925,"date":"2025-11-20T07:40:12","date_gmt":"2025-11-20T07:40:12","guid":{"rendered":"https:\/\/www.europesays.com\/es\/245925\/"},"modified":"2025-11-20T07:40:12","modified_gmt":"2025-11-20T07:40:12","slug":"pichi-regresa-tras-2-300-kilometros-contra-el-alzheimer-por-corea-del-sur","status":"publish","type":"post","link":"https:\/\/www.europesays.com\/es\/245925\/","title":{"rendered":"Pichi regresa tras 2.300 kil\u00f3metros contra el alzh\u00e9imer por Corea del Sur"},"content":{"rendered":"<p class=\"ft-text\">Pichi, que es como todo el mundo conoce ya a <a class=\"ft-link ft-link--decoration\" href=\"https:\/\/www.farodevigo.es\/arousa\/2025\/10\/25\/pichi-solidario-guia-turistico-ruedas-123011348.html\" rel=\"nofollow noopener\" target=\"_blank\">Juan Prieto Cacabelos, <\/a>vuela ma\u00f1ana desde Se\u00fal a Espa\u00f1a. <strong>Regresa a su casa<\/strong>, en O Grove, despu\u00e9s de un mes dando pedales por Corea del Sur, donde <strong>complet\u00f3 2.300 kil\u00f3metros por una buena causa<\/strong>: ayudar a los enfermos de alzh\u00e9imer y sus familiares.<\/p>\n<p class=\"ft-text\">El solidario ciclista, que ejerci\u00f3 de gu\u00eda tur\u00edstico mostrando a sus seguidores cada lugar que visitaba, tanto en sus redes sociales como a trav\u00e9s de FARO DE VIGO, completa as\u00ed otra exitosa misi\u00f3n, como hizo en el pasado<strong> a beneficio de C\u00e1ritas, <\/strong>la Asociaci\u00f3n Espa\u00f1ola Contra el C\u00e1ncer (AECC) o la asociaci\u00f3n Anduri\u00f1a de ayuda a personas con discapacidades, entre otros colectivos.<\/p>\n<p class=\"ft-text\">Esta vez lo recaudado a trav\u00e9s de la cuenta de \u00abPedaladas Solidarias\u00bb en Abanca ( ES78 2080 5067 1230 4004 4247), va a parar a la <a class=\"ft-link ft-link--decoration\" href=\"https:\/\/www.farodevigo.es\/arousa\/2025\/09\/16\/afasal-organiza-semana-actividades-alzheimer-121608160.html\" rel=\"nofollow noopener\" target=\"_blank\">Asociaci\u00f3n de Familiares de Enfermos de Alzh\u00e9imer (Afasal),<\/a> con sedes en O Grove y Vilagarc\u00eda.<\/p>\n<p class=\"ft-text\">Las mismas, por cierto, a las que Pichi quiere regalar las medallas que junto a diplomas, credenciales y pasaportes le han ido dando \u2013como si de la Compostela de las Rutas Xacobeas se tratara\u2013 a medida que avanzaba por la Ruta de los Cuatro R\u00edos, y tambi\u00e9n una vez finalizado ese itinerario, considerado el carril bici m\u00e1s grande del mundo.<\/p>\n<p><img decoding=\"async\" src=\"https:\/\/www.europesays.com\/es\/wp-content\/uploads\/2025\/11\/b01c1b08-129d-4538-be68-0f0f26eee983_alta-libre-aspect-ratio_default_0.jpg\" width=\"1200\" height=\"788\" alt=\"Monedas y diplomas que Pichi recibi\u00f3 en Corea y entregar\u00e1 a la Asociaci\u00f3n de Familiares de Enfermos de Alzh\u00e9imer (Afasal).\" class=\"ft-helper-img-rd\" loading=\"lazy\"\/><\/p>\n<p class=\"ft-helper-fontColor-quaternary ft-helper-fontSize-body-S ft-helper-spacer-t-xxs\">Monedas y diplomas que Pichi recibi\u00f3 en Corea y entregar\u00e1 a la Asociaci\u00f3n de Familiares de Enfermos de Alzh\u00e9imer (Afasal). <\/p>\n<p class=\"ft-text\">\u00abMisi\u00f3n cumplida\u00bb, exclamaba esta tarde con orgullo y satisfacci\u00f3n plena este intr\u00e9pido arousano cuando explicaba a FARO: \u00abYa me encuentro a solo veinte kil\u00f3metros del aeropuerto, as\u00ed que ma\u00f1ana toca empaquetarlo todo \u2013la bici incluida\u2013 y volver a Espa\u00f1a\u00bb, por lo que conf\u00eda en pasear de nuevo por O Grove y entregar la medallas a Afasal \u00abel martes o el mi\u00e9rcoles\u00bb.<\/p>\n<p class=\"ft-text\">Una organizaci\u00f3n en la que, a buen seguro, lo estar\u00e1n esperando con los brazos abiertos, ya que adem\u00e1s de recaudar fondos, las aventuras de Pichi por Corea del Sur han servido para dar visibilidad tanto a la propia entidad como a los enfermos y familiares que atiende.<\/p>\n<p class=\"ft-text\">Una tarea de divulgaci\u00f3n fundamental para concienciar a la sociedad y seguir recabando apoyos, ya que \u00abtoda ayuda es poca\u00bb cuando se trata de hacer frente a esta grave enfermedad, tal y como indican desde el propio colectivo.<\/p>\n<p class=\"ft-text\">Ni que decir tiene que el viaje de Pichi tambi\u00e9n ha servido para \u00abhacer turismo\u00bb, ya que al mostrar paisajes, templos, lagos, puentes, r\u00edos, puertos pesqueros, escultura, ciudades y todo lo que se iba encontrando a su pasos, el ciclista ejerci\u00f3 de gu\u00eda, <strong>transmitiendo con im\u00e1genes y v\u00eddeos <\/strong>lo mucho y bueno que cualquier puede encontrarse si quiere visitar esta rep\u00fablica.<\/p>\n<p class=\"ft-text\">Atr\u00e1s quedan cuatro semanas de experiencias y sensaciones compartidas que lo llevaron en los \u00faltimos d\u00edas por el pueblo hanok de Bukchon, un barrio residencial del distrito de Jongno, en Se\u00fal. Al igual que al Jogyesa, el templo principal de la Orden Jogye del budismo coreano.<\/p>\n<p class=\"ft-text\">Con anterioridad hab\u00eda estado en <strong>Busan, <\/strong>conocida por sus playas, monta\u00f1as y templos como el Beomeosa, un santuario budista fundado el a\u00f1o 678 que se ubica en la base de la monta\u00f1a Geumjeong.<\/p>\n<p class=\"ft-text\">La ciudad de Sangju, en la provincia de Gyeongsang del Norte, la de Gumi, en el condado de Goryeong-gun, y Gyeongju, que fue la capital del antiguo reino de Silla y posee tesoros hist\u00f3ricos como la gruta budista Seokguram, fueron otros lugares mostrados por Pichi.<\/p>\n<p class=\"ft-text\">Sin perder de vista el templo Bulguksa y la aldea tradicional Yangdong, designados como Patrimonio de la Humanidad por la Unesco.<\/p>\n<p class=\"ft-text\">El observatorio astron\u00f3mico m\u00e1s antiguo de Asia Oriental, el Cheomseongdae \u2013en Gyeongju\u2013, el puente cubierto Woljeonggyo, la tumba de Bonghwangdae y la pagoda budista de piedra situada en Seokgatap tambi\u00e9n acapararon la atenci\u00f3n de Pichi y sus seguidores.<\/p>\n","protected":false},"excerpt":{"rendered":"Pichi, que es como todo el mundo conoce ya a Juan Prieto Cacabelos, vuela ma\u00f1ana desde Se\u00fal a&hellip;\n","protected":false},"author":2,"featured_media":245926,"comment_status":"","ping_status":"","sticky":false,"template":"","format":"standard","meta":{"footnotes":""},"categories":[273],"tags":[10903,914,3350,313,2111,312,168,25,24,5215,54798,2902,14100,23,167,3307],"class_list":{"0":"post-245925","1":"post","2":"type-post","3":"status-publish","4":"format-standard","5":"has-post-thumbnail","7":"category-ciclismo","8":"tag-10903","9":"tag-914","10":"tag-alzheimer","11":"tag-ciclismo","12":"tag-corea-del-sur","13":"tag-cycling","14":"tag-deportes","15":"tag-es","16":"tag-espana","17":"tag-kilometros","18":"tag-pichi","19":"tag-regresa","20":"tag-solidaridad","21":"tag-spain","22":"tag-sports","23":"tag-vilagarcia"},"share_on_mastodon":{"url":"https:\/\/pubeurope.com\/@es\/115580896881225661","error":""},"_links":{"self":[{"href":"https:\/\/www.europesays.com\/es\/wp-json\/wp\/v2\/posts\/245925","targetHints":{"allow":["GET"]}}],"collection":[{"href":"https:\/\/www.europesays.com\/es\/wp-json\/wp\/v2\/posts"}],"about":[{"href":"https:\/\/www.europesays.com\/es\/wp-json\/wp\/v2\/types\/post"}],"author":[{"embeddable":true,"href":"https:\/\/www.europesays.com\/es\/wp-json\/wp\/v2\/users\/2"}],"replies":[{"embeddable":true,"href":"https:\/\/www.europesays.com\/es\/wp-json\/wp\/v2\/comments?post=245925"}],"version-history":[{"count":0,"href":"https:\/\/www.europesays.com\/es\/wp-json\/wp\/v2\/posts\/245925\/revisions"}],"wp:featuredmedia":[{"embeddable":true,"href":"https:\/\/www.europesays.com\/es\/wp-json\/wp\/v2\/media\/245926"}],"wp:attachment":[{"href":"https:\/\/www.europesays.com\/es\/wp-json\/wp\/v2\/media?parent=245925"}],"wp:term":[{"taxonomy":"category","embeddable":true,"href":"https:\/\/www.europesays.com\/es\/wp-json\/wp\/v2\/categories?post=245925"},{"taxonomy":"post_tag","embeddable":true,"href":"https:\/\/www.europesays.com\/es\/wp-json\/wp\/v2\/tags?post=245925"}],"curies":[{"name":"wp","href":"https:\/\/api.w.org\/{rel}","templated":true}]}}