{"id":245931,"date":"2025-11-20T07:44:08","date_gmt":"2025-11-20T07:44:08","guid":{"rendered":"https:\/\/www.europesays.com\/es\/245931\/"},"modified":"2025-11-20T07:44:08","modified_gmt":"2025-11-20T07:44:08","slug":"si-venia-una-mujer-maltratada-y-yo-tenia-que-estar-de-parte-del-maltratador-me-negaba","status":"publish","type":"post","link":"https:\/\/www.europesays.com\/es\/245931\/","title":{"rendered":"Si ven\u00eda una mujer maltratada y yo ten\u00eda que estar de parte del maltratador, me negaba"},"content":{"rendered":"\n<p> Fue en los a\u00f1os noventa, en el plat\u00f3<strong> del m\u00edtico \u00b4Sorpresa, \u00a1Sorpresa!\u00b4<\/strong>, cuando <strong>la vidente Conchita Hurtado<\/strong> lanz\u00f3 una predicci\u00f3n que qued\u00f3 flotando en el aire:<a href=\"https:\/\/www.vanitatis.elconfidencial.com\/famosos\/2025-09-23\/isabel-gemio_4199039\/\" target=\"_self\" rel=\"nofollow noopener\"> Isabel Gemio<\/a>, nuestra cuarta invitada de <a href=\"https:\/\/www.vanitatis.elconfidencial.com\/famosos\/2025-11-13\/nuria-roca-zodiac-aries_4246161\/\" target=\"_self\" rel=\"nofollow noopener\">Zodiac,<\/a> conocer\u00eda a alguien decisivo en un lugar inesperado. Meses despu\u00e9s, la vida le dar\u00eda la raz\u00f3n: all\u00ed comenzar\u00eda la historia con quien acabar\u00eda siendo el padre de sus hijos. <\/p>\n<p> Hoy, con la serenidad que da el tiempo, Isabel reconoce que, aunque preside la<a href=\"https:\/\/www.fundacionisabelgemio.com\/\" target=\"_blank\" rel=\"nofollow noopener\"> Fundaci\u00f3n que lleva su nombre <\/a>\u2014dedicada a impulsar<strong> la investigaci\u00f3n cient\u00edfica<\/strong>\u2014 tambi\u00e9n hay verdades que se escapan a cualquier explicaci\u00f3n l\u00f3gica. \u201c<strong>Somos esp\u00edritu y energ\u00eda<\/strong>, y ya dec\u00eda Einstein que hay cosas que no se pueden explicar\u201d, confiesa. <strong>Esa espiritualidad, lejos de alejarla de la realidad, ha sido muchas veces su sost\u00e9n<\/strong>, su refugio y, en m\u00e1s de una ocasi\u00f3n, lo que la ha salvado. <\/p>\n<p> <strong>Capricornio <\/strong>de nacimiento, Isabel comparte algunas de las caracter\u00edsticas de su signo: disciplinada, constante, trabajadora. Pero hay algo que la astrolog\u00eda no acert\u00f3 con ella: <a href=\"https:\/\/www.vanitatis.elconfidencial.com\/famosos\/2024-10-07\/isabel-gemio-entrevista-ver-sufrir-a-un-hijo-duro_3977867\/\" target=\"_self\" rel=\"nofollow noopener\">la supuesta frialdad.<\/a> Frente a Nacho, se emociona m\u00e1s de una vez, <strong>recorriendo su carrera como nunca antes, sin m\u00e1scaras ni filtros<\/strong>. Vuelve a la televisi\u00f3n de los 90, aquella que poco ten\u00eda que ver con la de ahora, y habla con valent\u00eda del da\u00f1o recibido,<a href=\"https:\/\/www.vanitatis.elconfidencial.com\/famosos\/2021-01-12\/isabel-gemio-maria-teresa-campos-canal-youtube_2903175\/\" target=\"_self\" rel=\"nofollow noopener\"> del juicio p\u00fablico, <\/a>de la presi\u00f3n de la fama y de las heridas que<strong> no siempre se ven desde fuera<\/strong>\u2026 ni desde dentro. Adem\u00e1s, <strong>nos regala testimonios y recuerdos que nunca hab\u00eda compartido<\/strong>, revelando facetas desconocidas y profundamente humanas de su vida y su trayectoria. <\/p>\n<p>               Isabel Gemio y Nacho Gay en &#8216;Zodiac&#8217;, el podcast de Vanitatis. (Sergio Bele\u00f1a)             <\/p>\n<p> Al abordar temas como trabajo, dinero y salud<a href=\"https:\/\/www.vanitatis.elconfidencial.com\/famosos\/2018-10-09\/isabel-gemio-libro-fundacion-entevista-hijo_1626102\/\" target=\"_self\" rel=\"nofollow noopener\">, Gemio lo tiene claro<\/a>: \u201c<strong>Mi hijo Diego siempre dice que el amor es el gran Dios<\/strong>, aunque parece que ahora el Dios es el dinero, por lo que se mueve el mundo\u201d. Pero no evita la sinceridad al hablar de sus logros, de c\u00f3mo los ha gestionado y de <a href=\"https:\/\/www.vanitatis.elconfidencial.com\/famosos\/2025-02-24\/isabel-gemio-fundacion-solidaridad-ciencia-enfermedades_4070989\/\" target=\"_self\" rel=\"nofollow noopener\">c\u00f3mo ha vivido la crianza y la conciliaci\u00f3n<\/a> siendo una mujer independiente \u201c<strong>desde los diecis\u00e9is a\u00f1os que me fui de casa<\/strong>\u201d, entre otras muchas confesiones. <\/p>\n<p> Este episodio no solo recorre la trayectoria de una figura ic\u00f3nica de nuestra televisi\u00f3n: revela a la mujer que ha sostenido todos estos a\u00f1os de luz, lucha, \u00e9xito, cr\u00edticas, contradicciones y, sobre todo, una capacidad inquebrantable de levantarse una y otra vez. <\/p>\n<p>               Isabel Gemio posa como invitada al podcast &#8216;Zodiac&#8217; de VA. (Sergio Bele\u00f1a)             <\/p>\n<p> Despu\u00e9s de m\u00e1s de ocho a\u00f1os sin trabajo,<a href=\"https:\/\/www.vanitatis.elconfidencial.com\/famosos\/2025-09-11\/isabel-gemio-raquel-sanchez-elena-sanchez-rtve-nueva-temporada_4207297\/\" target=\"_self\" rel=\"nofollow noopener\"> Isabel vuelve con fuerza:<\/a> con su programa de madrugada \u00b4El \u00daltimo Tren\u00b4 y como reci\u00e9n estrenada colaboradora<a href=\"https:\/\/www.elconfidencial.com\/amp\/television\/programas-tv\/2025-11-17\/isabel-gemio-directo-al-grano-tve_4249146\/\" target=\"_self\" rel=\"nofollow noopener\"> de \u00b4Directo al Grano\u00b4<\/a> en TVE. Una mujer que no se rinde, que combina sabidur\u00eda, sensibilidad y pasi\u00f3n, y que demuestra que, incluso tras d\u00e9cadas de historia y batallas, siempre hay espacio para comenzar de nuevo y seguir brillando. <\/p>\n<p> Fue en los a\u00f1os noventa, en el plat\u00f3<strong> del m\u00edtico \u00b4Sorpresa, \u00a1Sorpresa!\u00b4<\/strong>, cuando <strong>la vidente Conchita Hurtado<\/strong> lanz\u00f3 una predicci\u00f3n que qued\u00f3 flotando en el aire:<a href=\"https:\/\/www.vanitatis.elconfidencial.com\/famosos\/2025-09-23\/isabel-gemio_4199039\/\" target=\"_self\" rel=\"nofollow noopener\"> Isabel Gemio<\/a>, nuestra cuarta invitada de <a href=\"https:\/\/www.vanitatis.elconfidencial.com\/famosos\/2025-11-13\/nuria-roca-zodiac-aries_4246161\/\" target=\"_self\" rel=\"nofollow noopener\">Zodiac,<\/a> conocer\u00eda a alguien decisivo en un lugar inesperado. Meses despu\u00e9s, la vida le dar\u00eda la raz\u00f3n: all\u00ed comenzar\u00eda la historia con quien acabar\u00eda siendo el padre de sus hijos. <\/p>\n","protected":false},"excerpt":{"rendered":"Fue en los a\u00f1os noventa, en el plat\u00f3 del m\u00edtico \u00b4Sorpresa, \u00a1Sorpresa!\u00b4, cuando la vidente Conchita Hurtado lanz\u00f3&hellip;\n","protected":false},"author":2,"featured_media":245932,"comment_status":"","ping_status":"","sticky":false,"template":"","format":"standard","meta":{"footnotes":""},"categories":[174],"tags":[255,146,147,25,24,256,23],"class_list":{"0":"post-245931","1":"post","2":"type-post","3":"status-publish","4":"format-standard","5":"has-post-thumbnail","7":"category-famosos","8":"tag-celebrities","9":"tag-entertainment","10":"tag-entretenimiento","11":"tag-es","12":"tag-espana","13":"tag-famosos","14":"tag-spain"},"share_on_mastodon":{"url":"https:\/\/pubeurope.com\/@es\/115580912670922610","error":""},"_links":{"self":[{"href":"https:\/\/www.europesays.com\/es\/wp-json\/wp\/v2\/posts\/245931","targetHints":{"allow":["GET"]}}],"collection":[{"href":"https:\/\/www.europesays.com\/es\/wp-json\/wp\/v2\/posts"}],"about":[{"href":"https:\/\/www.europesays.com\/es\/wp-json\/wp\/v2\/types\/post"}],"author":[{"embeddable":true,"href":"https:\/\/www.europesays.com\/es\/wp-json\/wp\/v2\/users\/2"}],"replies":[{"embeddable":true,"href":"https:\/\/www.europesays.com\/es\/wp-json\/wp\/v2\/comments?post=245931"}],"version-history":[{"count":0,"href":"https:\/\/www.europesays.com\/es\/wp-json\/wp\/v2\/posts\/245931\/revisions"}],"wp:featuredmedia":[{"embeddable":true,"href":"https:\/\/www.europesays.com\/es\/wp-json\/wp\/v2\/media\/245932"}],"wp:attachment":[{"href":"https:\/\/www.europesays.com\/es\/wp-json\/wp\/v2\/media?parent=245931"}],"wp:term":[{"taxonomy":"category","embeddable":true,"href":"https:\/\/www.europesays.com\/es\/wp-json\/wp\/v2\/categories?post=245931"},{"taxonomy":"post_tag","embeddable":true,"href":"https:\/\/www.europesays.com\/es\/wp-json\/wp\/v2\/tags?post=245931"}],"curies":[{"name":"wp","href":"https:\/\/api.w.org\/{rel}","templated":true}]}}