{"id":245937,"date":"2025-11-20T07:49:10","date_gmt":"2025-11-20T07:49:10","guid":{"rendered":"https:\/\/www.europesays.com\/es\/245937\/"},"modified":"2025-11-20T07:49:10","modified_gmt":"2025-11-20T07:49:10","slug":"el-club-informacion-revive-la-visita-de-paul-mccartney-a-alicante-con-el-documental-bienvenido-mister-martin","status":"publish","type":"post","link":"https:\/\/www.europesays.com\/es\/245937\/","title":{"rendered":"El Club INFORMACI\u00d3N revive la visita de Paul McCartney a Alicante con el documental \u00abBienvenido, M\u00edster Mart\u00edn\u00bb"},"content":{"rendered":"<p class=\"ft-text ft-helper-closenews\">El <strong>Club INFORMACI\u00d3N<\/strong> ha acogido este mi\u00e9rcoles la proyecci\u00f3n de Bienvenido, M\u00edster Martin, un documental dirigido por <strong>Alberto Abenza<\/strong> que<a class=\"ft-link ft-link--decoration\" href=\"https:\/\/www.informacion.es\/cultura\/2025\/11\/18\/verano-paul-mccartney-refugio-vila-joiosa-alicante-123872578.html\" rel=\"nofollow noopener\" target=\"_blank\"> recupera las vacaciones que el m\u00fasico Paul McCartney pas\u00f3 con su familia en el hotel Mont\u00edboli de La Vila Joiosa en 1972<\/a>, tras la separaci\u00f3n de los Beatles.<\/p>\n<p class=\"ft-text\">Una <strong>historia desconocida <\/strong>para el gran p\u00fablico, sobre todo fuera de la provincia de Alicante, que Abenza recupera 53 a\u00f1os despu\u00e9s<strong> \u00aba trav\u00e9s de las voces de los que tuvieron la suerte de coincidir con tan ilustres hu\u00e9spedes\u00bb<\/strong>, ha se\u00f1alado en la presentaci\u00f3n el director, quien ha querido mostrar \u00abel lado m\u00e1s humano\u00bb de esa visita dando el protagonismo a \u00ablos personajes an\u00f3nimos que llevan la historia a un punto m\u00e1s cercano y emotivo\u00bb. Entre ellos, y \u00abno tan an\u00f3nimos\u00bb, <a class=\"ft-link ft-link--decoration\" href=\"https:\/\/www.informacion.es\/alicante\/2020\/10\/23\/pirula-arderius-celebra-informacion-80-20319205.html\" rel=\"nofollow noopener\" target=\"_blank\"><strong>Pirula Arderius<\/strong><\/a>, la periodista que logr\u00f3 entrevistar en <strong>exclusiva <\/strong>al beatle junto a su inseparable compa\u00f1ero fotorreportero <a class=\"ft-link ft-link--decoration\" href=\"https:\/\/www.informacion.es\/alicante\/2021\/03\/30\/fallece-78-anos-perfecto-arjones-45988289.html\" rel=\"nofollow noopener\" target=\"_blank\"><strong>Perfecto Arjones<\/strong><\/a> para este diario.<\/p>\n<p class=\"ft-text\">Tanto Arderius como la familia de Arjones, as\u00ed como la de <strong>Tom\u00e1s Ruiz<\/strong>, el subdirector del hotel Mont\u00edboli entonces, que daba los \u00abchivatazos\u00bb de la presencia de celebridades a la periodista, han asistido, junto al director de INFORMACI\u00d3N, <strong>Toni Cabot<\/strong>, a la proyecci\u00f3n de Bienvenido, M\u00edster Martin, al igual que<strong> Antonio Mart\u00ednez<\/strong>, el vecino de la Vila que investig\u00f3 la estela dejada por McCartney en su pueblo y la puso a disposici\u00f3n del equipo de la producci\u00f3n, como las im\u00e1genes de Arjones y las del fot\u00f3grafo alcoyano <strong>Crespo Colomer.<\/strong><\/p>\n<p data-close=\"closedContent\" class=\"subscribeHideForDisplay\">Suscr\u00edbete para seguir leyendo<\/p>\n","protected":false},"excerpt":{"rendered":"El Club INFORMACI\u00d3N ha acogido este mi\u00e9rcoles la proyecci\u00f3n de Bienvenido, M\u00edster Martin, un documental dirigido por Alberto&hellip;\n","protected":false},"author":2,"featured_media":245938,"comment_status":"","ping_status":"","sticky":false,"template":"","format":"standard","meta":{"footnotes":""},"categories":[169],"tags":[2206,177,1798,62814,209,6084,146,147,3141,25,24,367,176,448,1667,55876,175,9359,9030,8378,23,938],"class_list":{"0":"post-245937","1":"post","2":"type-post","3":"status-publish","4":"format-standard","5":"has-post-thumbnail","7":"category-cine","8":"tag-alicante","9":"tag-cine","10":"tag-club","11":"tag-club-informacion","12":"tag-cultura","13":"tag-documental","14":"tag-entertainment","15":"tag-entretenimiento","16":"tag-entrevista","17":"tag-es","18":"tag-espana","19":"tag-familia","20":"tag-film","21":"tag-historia","22":"tag-informacion","23":"tag-mccartney","24":"tag-movies","25":"tag-paul","26":"tag-paul-mccartney","27":"tag-revive","28":"tag-spain","29":"tag-visita"},"share_on_mastodon":{"url":"https:\/\/pubeurope.com\/@es\/115580932334989104","error":""},"_links":{"self":[{"href":"https:\/\/www.europesays.com\/es\/wp-json\/wp\/v2\/posts\/245937","targetHints":{"allow":["GET"]}}],"collection":[{"href":"https:\/\/www.europesays.com\/es\/wp-json\/wp\/v2\/posts"}],"about":[{"href":"https:\/\/www.europesays.com\/es\/wp-json\/wp\/v2\/types\/post"}],"author":[{"embeddable":true,"href":"https:\/\/www.europesays.com\/es\/wp-json\/wp\/v2\/users\/2"}],"replies":[{"embeddable":true,"href":"https:\/\/www.europesays.com\/es\/wp-json\/wp\/v2\/comments?post=245937"}],"version-history":[{"count":0,"href":"https:\/\/www.europesays.com\/es\/wp-json\/wp\/v2\/posts\/245937\/revisions"}],"wp:featuredmedia":[{"embeddable":true,"href":"https:\/\/www.europesays.com\/es\/wp-json\/wp\/v2\/media\/245938"}],"wp:attachment":[{"href":"https:\/\/www.europesays.com\/es\/wp-json\/wp\/v2\/media?parent=245937"}],"wp:term":[{"taxonomy":"category","embeddable":true,"href":"https:\/\/www.europesays.com\/es\/wp-json\/wp\/v2\/categories?post=245937"},{"taxonomy":"post_tag","embeddable":true,"href":"https:\/\/www.europesays.com\/es\/wp-json\/wp\/v2\/tags?post=245937"}],"curies":[{"name":"wp","href":"https:\/\/api.w.org\/{rel}","templated":true}]}}