{"id":245939,"date":"2025-11-20T07:50:10","date_gmt":"2025-11-20T07:50:10","guid":{"rendered":"https:\/\/www.europesays.com\/es\/245939\/"},"modified":"2025-11-20T07:50:10","modified_gmt":"2025-11-20T07:50:10","slug":"los-20-fijos-de-de-la-fuente-para-el-mundial","status":"publish","type":"post","link":"https:\/\/www.europesays.com\/es\/245939\/","title":{"rendered":"Los 20 fijos de De la Fuente para el Mundial"},"content":{"rendered":"<p style=\"\">Se ha clasificado Espa\u00f1a<a href=\"https:\/\/www.abc.es\/deportes\/futbol\/fase-clasificacion-solo-detras-rusia-2018-sudafrica-20251119130900-nt.html\" target=\"_blank\" data-voc-vtm-id=\"in-text-traffic\" title=\" para su decimotercer Mundial consecutivo\" rel=\"nofollow noopener\"> para su decimotercer Mundial consecutivo<\/a> (el \u00faltimo que se perdi\u00f3 fue el de Alemania 1974) y el seleccionador asegura que llega para su equipo t\u00e9cnico la fase \u00abm\u00e1s intensa y de mayor trabajo\u00bb del a\u00f1o. Es hora de elegir sedes,  &#8230; log\u00edstica en Estados Unidos, analizar rivales despu\u00e9s del sorteo del Mundial el d\u00eda 5 de diciembre y realizar el seguimiento de los futbolistas que pueden ser citados.<\/p>\n<p class=\"voc-p\" style=\"\"> Aunque esta \u00faltima franja parece la tarea menos compleja. <a href=\"https:\/\/www.abc.es\/deportes\/futbol\/vestuario-seleccion-quiere-azucar-pasa-cabeza-favoritos-20251118235909-nt.html\" target=\"_blank\" data-voc-vtm-id=\"in-text-traffic\" title=\"De la Fuente\" rel=\"nofollow noopener\">De la Fuente<\/a> cuenta con un n\u00facleo duro de jugadores que lo acompa\u00f1an desde antes de la Eurocopa 2024 y que integrar\u00e1n la futura lista para el Mundial de Estados Unidos, M\u00e9xico y Canad\u00e1.<\/p>\n<p class=\"voc-p\" style=\"\">Salvo que lesiones de larga duraci\u00f3n, como las que han sufrido Carvajal, Rodri o Gavi, perturben el habitual criterio del entrenador riojano, la idea de juego y los futbolistas que la acompa\u00f1ar\u00e1n es muy n\u00edtida. Se podr\u00eda cifrar en <a href=\"https:\/\/www.abc.es\/deportes\/futbol\/maestria-seleccion-juegue-juegue-20251117184304-nt.html\" target=\"_blank\" data-voc-vtm-id=\"in-text-traffic\" title=\"20 profesionales casi seguros\" rel=\"nofollow noopener\">20 profesionales casi seguros<\/a> de la lista de 26 para el Mundial, siempre que mantengan la forma y jueguen en sus equipos. Que no es el caso de Morata, un pilar que se ha ca\u00eddo del vag\u00f3n.<\/p>\n<p class=\"voc-p\" style=\"\">La porter\u00eda ser\u00e1 de nuevo y por este orden <a href=\"https:\/\/www.abc.es\/deportes\/futbol\/espana-turquia-mundial-20251118212356-nt.html\" target=\"_blank\" data-voc-vtm-id=\"in-text-traffic\" title=\"para Unai Simon,\" rel=\"nofollow noopener\">para Unai Simon,<\/a> David Raya y \u00c1lex Remiro, salvo que el considerado mejor guardameta de la temporada pasada por la cr\u00edtica, el ahora azulgrana Joan Garc\u00eda, reafirme cuando se recupere de su lesi\u00f3n que su gran nivel merece un descarte del tr\u00edo que ya acudi\u00f3 a la Eurocopa. En ese caso peligra Remiro.<\/p>\n<p class=\"voc-p\" style=\"\">En el lateral derecho la competencia es feroz. Lesionado Carvajal, pero con plaza reservada si se restablece de su lesi\u00f3n, la rivalidad ha crecido entre <strong>Pedro Porro y Marcos Llorente.<\/strong> El defensa del Tottenham ya ha disputado 14 partidos con De la Fuente y destac\u00f3 especialmente en Elche ante Georgia. Va unos pasos por delante del exuberante lateral del Atl\u00e9tico, quien ha plantado cara en la \u00faltima ventana: jug\u00f3 la segunda parte en Georgia y el partido entero en Sevilla ante Turqu\u00eda. Un nuevo nombre en el seguimiento es \u00c1lex Jim\u00e9nez (Bournemouth).<\/p>\n<p class=\"voc-p\" style=\"\">Lo normal es que haya cuatro centrales en el Mundial, como los hubo en la Euro. Laporte y Le Normand son fijos, l\u00edderes y cuajados para el seleccionador. Las otras dos plazas deber\u00edan ser para<strong> Huijsen y Cubars\u00ed,<\/strong> aunque el t\u00e9cnico tiene una fe ilimitada en Vivian, al que considera una de las buenas personas que hace grupo.<\/p>\n<p class=\"voc-p\" style=\"\"> Mucho tendr\u00eda que cambiar la situaci\u00f3n para que <strong>Cucurella y Grimaldo<\/strong> no sean los laterales zurdos. Pocas opciones para los &#8216;grandes&#8217; del Bar\u00e7a (Balde) y Real Madrid (Carreras).<\/p>\n<p class=\"voc-p\" style=\"\">El centro del campo es la guerra, tal es la competencia interna y el nivel. De la Fuente llev\u00f3 a la Eurocopa a ocho centrocampistas y a nueve en la Final a Cuatro de la Nations League. Los fijos est\u00e1n en la mente de todos, Zubimendi, Rodri, Mikel Merino, Fabi\u00e1n, <strong>Pedri, \u00c1lex Baena y Dani Olmo.<\/strong> Deber\u00edan entrar dos m\u00e1s, puesto que Baena es comod\u00edn y puede jugar como delantero. Ferm\u00edn, en posici\u00f3n de mediapunta, le encanta a De la Fuente por su llegada al \u00e1rea. <a href=\"https:\/\/www.abc.es\/deportes\/futbol\/pablo-barrios-simeone-ayudo-superar-muerte-madre-20251008185145-nt.html\" target=\"_blank\" data-voc-vtm-id=\"in-text-traffic\" title=\"Pablo Barrios\" rel=\"nofollow noopener\">Pablo Barrios<\/a> empieza a tener continuidad en las convocatorias y gusta su actitud.<\/p>\n<p class=\"voc-p\" style=\"\"> Aleix Garc\u00eda viene convocado desde hace tiempo, aunque fue descarte en la Euro y no termina de hacer faenas redondas. Otras opciones son Fornals, Isco y, sobre todo, Gavi si se recupera a tiempo y coge ritmo. El barcelonista es uno de los jugadores m\u00e1s elogiados por De la Fuente por su talante guerrero, esp\u00edritu y actitud en la convivencia con el grupo.<\/p>\n<p class=\"voc-p\" style=\"\">Hay cuatro seguros en la delantera, <strong>Oyarzabal, Ferran, Lamine Yamal<\/strong><strong>y Nico Williams<\/strong>, si las lesiones no dicen lo contrario. Cabr\u00edan tres m\u00e1s en la convocatoria. Morata lleva fuera las dos \u00faltimas ventanas, cuando antes eran Morata y diez m\u00e1s. Samu, potencia, espacios y juventud, parece un paso por delante de Borja Iglesias. Yeremi y Ayoze P\u00e9rez son muy del gusto del seleccionador.<\/p>\n","protected":false},"excerpt":{"rendered":"Se ha clasificado Espa\u00f1a para su decimotercer Mundial consecutivo (el \u00faltimo que se perdi\u00f3 fue el de Alemania&hellip;\n","protected":false},"author":2,"featured_media":245940,"comment_status":"","ping_status":"","sticky":false,"template":"","format":"standard","meta":{"footnotes":""},"categories":[93],"tags":[168,25,24,17192,6865,1070,23,167],"class_list":{"0":"post-245939","1":"post","2":"type-post","3":"status-publish","4":"format-standard","5":"has-post-thumbnail","7":"category-deportes","8":"tag-deportes","9":"tag-es","10":"tag-espana","11":"tag-fijos","12":"tag-fuente","13":"tag-mundial","14":"tag-spain","15":"tag-sports"},"share_on_mastodon":{"url":"https:\/\/pubeurope.com\/@es\/115580936178742245","error":""},"_links":{"self":[{"href":"https:\/\/www.europesays.com\/es\/wp-json\/wp\/v2\/posts\/245939","targetHints":{"allow":["GET"]}}],"collection":[{"href":"https:\/\/www.europesays.com\/es\/wp-json\/wp\/v2\/posts"}],"about":[{"href":"https:\/\/www.europesays.com\/es\/wp-json\/wp\/v2\/types\/post"}],"author":[{"embeddable":true,"href":"https:\/\/www.europesays.com\/es\/wp-json\/wp\/v2\/users\/2"}],"replies":[{"embeddable":true,"href":"https:\/\/www.europesays.com\/es\/wp-json\/wp\/v2\/comments?post=245939"}],"version-history":[{"count":0,"href":"https:\/\/www.europesays.com\/es\/wp-json\/wp\/v2\/posts\/245939\/revisions"}],"wp:featuredmedia":[{"embeddable":true,"href":"https:\/\/www.europesays.com\/es\/wp-json\/wp\/v2\/media\/245940"}],"wp:attachment":[{"href":"https:\/\/www.europesays.com\/es\/wp-json\/wp\/v2\/media?parent=245939"}],"wp:term":[{"taxonomy":"category","embeddable":true,"href":"https:\/\/www.europesays.com\/es\/wp-json\/wp\/v2\/categories?post=245939"},{"taxonomy":"post_tag","embeddable":true,"href":"https:\/\/www.europesays.com\/es\/wp-json\/wp\/v2\/tags?post=245939"}],"curies":[{"name":"wp","href":"https:\/\/api.w.org\/{rel}","templated":true}]}}