{"id":245951,"date":"2025-11-20T07:56:09","date_gmt":"2025-11-20T07:56:09","guid":{"rendered":"https:\/\/www.europesays.com\/es\/245951\/"},"modified":"2025-11-20T07:56:09","modified_gmt":"2025-11-20T07:56:09","slug":"el-gobierno-aboca-a-la-desaparicion-a-mas-de-600-industrias-y-200-000-empleos-tras-el-hachazo-a-la-cogeneracion","status":"publish","type":"post","link":"https:\/\/www.europesays.com\/es\/245951\/","title":{"rendered":"El Gobierno aboca a la desaparici\u00f3n a m\u00e1s de 600 industrias y 200.000 empleos tras el hachazo a la cogeneraci\u00f3n"},"content":{"rendered":"<p style=\"\">Duro golpe del Gobierno a la cogeneraci\u00f3n en Espa\u00f1a que <a href=\"https:\/\/www.abc.es\/economia\/biomasa-gana-protagonismo-engranaje-energetico-sector-industrial-20250609055552-nt.html\" target=\"_self\" data-voc-vtm-id=\"in-text-traffic\" title=\"abocar\u00e1 al cierre a miles de industrias del propio sector\" data-mrf-link=\"www.abc.es\" rel=\"nofollow noopener\">abocar\u00e1 al cierre a miles de industrias del propio sector<\/a> y dependientes de ella para producir de forma eficiente el calor y la electricidad que necesitan para operar. Seg\u00fan ha podido saber ABC de  &#8230; fuentes del mercado energ\u00e9tico espa\u00f1ol, los cambios normativos incluidos por la ministra de Transici\u00f3n Ecol\u00f3gica, Sara Aagesen, suponen dar una vuelta de tuerca m\u00e1s en el que ha venido a calificarse como &#8216;<strong>cogenicidio industrial&#8217;<\/strong>, que pone en grave riesgo la competitividad de 600 industrias que producen el 20% del PIB industrial de Espa\u00f1a, mantienen 200.000 empleos directos y exportan m\u00e1s del 50% de su producci\u00f3n.<\/p>\n<p class=\"voc-p\" style=\"\">Para el director general de la Asociaci\u00f3n Espa\u00f1ola de Cogeneraci\u00f3n (Acogen), Javier Rodr\u00edguez, \u00abel Ministerio est\u00e1 perpetrando un &#8216;cogenicidio&#8217; industrial. En s\u00f3lo cinco a\u00f1os<strong> la cogeneraci\u00f3n ha reducido un 50% su producci\u00f3n<\/strong>, pasado de generar el 12% de la electricidad de Espa\u00f1a a apenas el 6%, parando m\u00e1s de 200 plantas distribuidas por toda la geograf\u00eda nacional\u00ab.<\/p>\n<p class=\"voc-p\" style=\"\">Y, a partir de ahora, la situaci\u00f3n empeora, porque un nuevo &#8216;volantazo&#8217; regulatorio del Ministerio para la Transici\u00f3n Ecol\u00f3gica y el Reto Demogr\u00e1fico (MITERD) ha encendido todas las alarmas en esta industria. <strong>La propuesta de Orden<\/strong> que define la retribuci\u00f3n del sector de cara a los pr\u00f3ximos a\u00f1os incluye un recorte de m\u00e1s de 250 millones de euros anuales, un 25% menos de retribuci\u00f3n regulada, que la patronal del sector califica de \u00abclaramente lesivo\u00bb y \u00abequivalente a una sentencia de muerte del sector\u00ab.<\/p>\n<ul class=\"oc-d-c-list__list\">\n<li class=\"voc-d-c-list__item\">\n<p class=\"voc-d-c-list__paragraph\">La cogeneraci\u00f3n es una tecnolog\u00eda esencial para la eficiencia energ\u00e9tica, la reducci\u00f3n de<\/p>\n<\/li>\n<li class=\"voc-d-c-list__item\">\n<p class=\"voc-d-c-list__paragraph\">emisiones y la competitividad de la industria calorintensiva. Gracias a ella, miles de f\u00e1bricas de los sectores alimentario, papelero, qu\u00edmico, cer\u00e1mico, de refino o del autom\u00f3vil producen de forma eficiente el calor y la electricidad que necesitan para operar. Espa\u00f1a cuenta con unas 600 plantas integradas en sectores calorintensivos que generan el 20 % del PIB industrial.<\/p>\n<\/li>\n<\/ul>\n<ul class=\"oc-d-c-list__list\">\n<li class=\"voc-d-c-list__item\">\n<p class=\"voc-d-c-list__paragraph\">La cogeneraci\u00f3n aporta el 15% de la electricidad mundial bajo marcos regulatorios distintos; en Europa, el 12% (en Alemania, el 20%, y en Italia, el 35%); mientras que en Asia, el 17%. Espa\u00f1a ha pasado de generar el 12% de su electricidad a apenas el 6% en s\u00f3lo cinco a\u00f1os.<\/p>\n<\/li>\n<\/ul>\n<p class=\"voc-p\" style=\"\">\u00abJusto cuando nuestras industrias manifiestan al Ministerio dirigido por Aagesen <strong>su compromiso para invertir 1.300 millones<\/strong> de euros en las subastas de cogeneraci\u00f3n -afirma el propio Javier Rodr\u00edguez a ABC-, este retrasa un a\u00f1o la convocatoria, propone reducir un 25% la retribuci\u00f3n y degenera estructuralmente el marco operativo. Da qu\u00e9 pensar\u00bb.<\/p>\n<p class=\"voc-p\" style=\"\">En concreto, el pasado viernes 7 de noviembre, el MITERD anunci\u00f3 que sacaba a consulta p\u00fablica la \u00abpropuesta de Orden por la que se actualizan los par\u00e1metros retributivos de las instalaciones de producci\u00f3n de energ\u00eda el\u00e9ctrica a partir de fuentes renovables, cogeneraci\u00f3n y residuos\u00bb para el periodo 2026\u20132031. Sin causa justificada,<strong> el Ministerio modifica los criterios<\/strong> de reconocimiento de costes que se ve\u00edan aplicando desde 2014 y reducido los par\u00e1metros retributivos de la nueva metodolog\u00eda aprobada en 2024, degradando estructuralmente el marco establecido en Ley 24\/2013 y el Real Decreto 413\/2014.<\/p>\n<p>\n1.500 millones menos facturados\n<\/p>\n<p class=\"voc-p\" style=\"\">Pues bien, diferentes fuentes del sector consultadas por este peri\u00f3dico coinciden en que las consecuencias del \u00abcogenicidio industrial\u00bb de la mitad de la cogeneraci\u00f3n en Espa\u00f1a son medibles hoy: <strong>p\u00e9rdida de infraestructura energ\u00e9tica e industrial<\/strong>; 1.500 millones de euros menos de facturaci\u00f3n energ\u00e9tica anual en la industria; derroche equivalente al 4% del consumo nacional de gas; m\u00e1s de 3 MtCO\u2082 adicionales cada a\u00f1o; y debilitamiento de la seguridad y la calidad de suministro que aportaba la cogeneraci\u00f3n, hoy sustituida por ciclos combinados en una \u00aboperaci\u00f3n reforzada\u00bb del sistema que eleva los costes presentes y futuros\u00bb, explican.<\/p>\n<p class=\"voc-p\" style=\"\">\u00abCon esta modificaci\u00f3n propuesta por el Ministerio -a\u00f1aden desde la Asociaci\u00f3n del sector-, se llevar\u00eda a cabo<strong> un recorte severo de la <\/strong><strong>retribuci\u00f3n<\/strong> para 2026-2031 y una degeneraci\u00f3n del marco en vigor que \u2014de aprobarse\u2014 abocar\u00eda al cierre completo de la cogeneraci\u00f3n en Espa\u00f1a en los pr\u00f3ximos a\u00f1os\u00bb.<\/p>\n<p class=\"voc-p\" style=\"\">Los expertos consultados apuntan que <strong>el cambio m\u00e1s grave<\/strong> afecta al reconocimiento de los costes de CO\u2082, m\u00e1s de 500 millones de euros anuales que las cogeneraciones pagan al Ministerio por los derechos efectivamente adquiridos menos los asignados gratuitamente a sus industrias asociadas. El nuevo criterio del MITERD reduce los costes reconocidos e implica que todas las industrias deber\u00e1n abonar ahora a las plantas de cogeneraci\u00f3n costes de CO\u2082 del calor suministrado, una hip\u00f3tesis que el director general de Acogen considera \u00abinjusta\u00bb e \u00abinviable\u00bb.<\/p>\n<p>\nLoas al sector desde Bruselas\n<\/p>\n<p class=\"voc-p\" style=\"\">La cogeneraci\u00f3n \u2014capaz de producir electricidad y calor \u00fatil en un mismo proceso\u2014 es se\u00f1alada por la Comisi\u00f3n Europea como <strong>una de las soluciones m\u00e1s eficientes para descarbonizar<\/strong> la industria sin comprometer su competitividad. Sin embargo, desde 2019 la producci\u00f3n en Espa\u00f1a ha ca\u00eddo un 45%, lo que equivale a 14 TWh de energ\u00eda desperdiciada, tres millones de toneladas extra de CO\u2082 y 1.500 millones de euros anuales menos en facturaci\u00f3n.<\/p>\n<p class=\"voc-p\" style=\"\">Paralelamente, el Ministerio reconoce para 2026 solo <strong>un incremento de un exiguo 1% anual<\/strong> en los costes de operaci\u00f3n y mantenimiento desde 2020, cuando las cuentas auditadas en un reciente informe de PwC sobre los costes que ha registrado el sector acreditan que en 6 a\u00f1os han subido en torno a un 50%, equivalentes a 11 euros\/MWh, lo que supone otros 150 millones de euros no reconocidos.<\/p>\n","protected":false},"excerpt":{"rendered":"Duro golpe del Gobierno a la cogeneraci\u00f3n en Espa\u00f1a que abocar\u00e1 al cierre a miles de industrias del&hellip;\n","protected":false},"author":2,"featured_media":245952,"comment_status":"","ping_status":"","sticky":false,"template":"","format":"standard","meta":{"footnotes":""},"categories":[8],"tags":[18086,38579,20517,17,18,62816,14712,2737,25,24,13,14,582,37982,11,62815,19,20,9,10,15,16,23,12,575,21,22],"class_list":{"0":"post-245951","1":"post","2":"type-post","3":"status-publish","4":"format-standard","5":"has-post-thumbnail","7":"category-espana","8":"tag-18086","9":"tag-38579","10":"tag-aboca","11":"tag-breaking-news","12":"tag-breakingnews","13":"tag-cogeneracion","14":"tag-desaparicion","15":"tag-empleos","16":"tag-es","17":"tag-espana","18":"tag-featured-news","19":"tag-featurednews","20":"tag-gobierno","21":"tag-hachazo","22":"tag-headlines","23":"tag-industrias","24":"tag-latest-news","25":"tag-latestnews","26":"tag-news","27":"tag-noticias","28":"tag-noticias-destacadas","29":"tag-noticiasdestacadas","30":"tag-spain","31":"tag-titulares","32":"tag-tras","33":"tag-ultimas-noticias","34":"tag-ultimasnoticias"},"share_on_mastodon":{"url":"https:\/\/pubeurope.com\/@es\/115580959809601542","error":""},"_links":{"self":[{"href":"https:\/\/www.europesays.com\/es\/wp-json\/wp\/v2\/posts\/245951","targetHints":{"allow":["GET"]}}],"collection":[{"href":"https:\/\/www.europesays.com\/es\/wp-json\/wp\/v2\/posts"}],"about":[{"href":"https:\/\/www.europesays.com\/es\/wp-json\/wp\/v2\/types\/post"}],"author":[{"embeddable":true,"href":"https:\/\/www.europesays.com\/es\/wp-json\/wp\/v2\/users\/2"}],"replies":[{"embeddable":true,"href":"https:\/\/www.europesays.com\/es\/wp-json\/wp\/v2\/comments?post=245951"}],"version-history":[{"count":0,"href":"https:\/\/www.europesays.com\/es\/wp-json\/wp\/v2\/posts\/245951\/revisions"}],"wp:featuredmedia":[{"embeddable":true,"href":"https:\/\/www.europesays.com\/es\/wp-json\/wp\/v2\/media\/245952"}],"wp:attachment":[{"href":"https:\/\/www.europesays.com\/es\/wp-json\/wp\/v2\/media?parent=245951"}],"wp:term":[{"taxonomy":"category","embeddable":true,"href":"https:\/\/www.europesays.com\/es\/wp-json\/wp\/v2\/categories?post=245951"},{"taxonomy":"post_tag","embeddable":true,"href":"https:\/\/www.europesays.com\/es\/wp-json\/wp\/v2\/tags?post=245951"}],"curies":[{"name":"wp","href":"https:\/\/api.w.org\/{rel}","templated":true}]}}