{"id":245955,"date":"2025-11-20T08:02:16","date_gmt":"2025-11-20T08:02:16","guid":{"rendered":"https:\/\/www.europesays.com\/es\/245955\/"},"modified":"2025-11-20T08:02:16","modified_gmt":"2025-11-20T08:02:16","slug":"como-sostenerse-en-el-tenis-lejos-del-top-100","status":"publish","type":"post","link":"https:\/\/www.europesays.com\/es\/245955\/","title":{"rendered":"c\u00f3mo sostenerse en el tenis lejos del top 100"},"content":{"rendered":"<p data-gtm-element-container=\"modulo-texto-link\" class=\"paragraph\">El d\u00eda que Carlos Alcaraz alzaba su segundo US Open el pasado septiembre, Pablo Llamas deshac\u00eda maletas en Szczecin. Hab\u00eda llegado a la ciudad polaca despu\u00e9s de un vuelo con escala desde su Jerez natal m\u00e1s dos horas en coche con tal de disputar un torneo del circuito Challenger, donde suelen convivir promesas con tenistas curtidos en el ocaso de sus carreras. Llegaba con la autoestima por las nubes despu\u00e9s de conseguir quince d\u00edas antes, precisamente en Nueva York, entrar por segunda vez en el cuadro principal de un Grand Slam. De la primera hac\u00eda tan solo unos meses, en Roland Garros, tras superar la fase previa siendo el 874 del mundo \u2013un hecho posible gracias al ranking protegido reservado a jugadores que regresan de lesiones-.<\/p>\n<p data-gtm-element-container=\"modulo-texto-link\" class=\"paragraph\">Esos resultados extraordinarios no embriagaron al andaluz. Perder de vista la realidad, todav\u00eda su realidad, ser\u00eda contraproducente despu\u00e9s de tantos percances arrastrados desde el 2024, sin contar todo el esfuerzo previo: ocho meses fuera de las pistas por culpa de la mu\u00f1eca, dolores en el codo que le imped\u00edan sacar en condiciones, cambios de entrenador y de residencia&#8230; Szczecin era el lugar donde cuerpo y mente deb\u00edan permanecer.\u00a0<\/p>\n<p data-gtm-element-container=\"modulo-texto-link\" class=\"paragraph\">Llamas alcanz\u00f3 la final y confirm\u00f3 las buenas sensaciones que le permiten terminar el a\u00f1o en el n\u00famero 210, m\u00e1s cerca de su sue\u00f1o: afianzarse como tenista de primer nivel despu\u00e9s de mucho sacrificio, casi nunca correspondido en el tenis.\u00a0\u201cEmpiezo a ver la luz despu\u00e9s de una etapa muy oscura\u201d, revela a\u00a0La Vanguardia\u00a0quien en el 2018 se proclam\u00f3 campe\u00f3n con Espa\u00f1a de la Copa Davis J\u00fanior junto con el vallisoletano Mario Gonz\u00e1lez (actual n.\u00ba 593) y Alcaraz, convertido ya en todo un fen\u00f3meno.\u00a0<\/p>\n<blockquote>\n<p>        En medio de un partido me puse a llorar. Me estaba gastando en cinco d\u00edas lo que mis padres ganaban en un mes&#8230; sent\u00eda mucha presi\u00f3n<\/p>\n<p>            Pablo Llamas RuizN.\u00ba 210 del ranking ATP<\/p>\n<\/blockquote>\n<p data-gtm-element-container=\"modulo-texto-link\" class=\"paragraph\">Marcar una \u00e9poca a los 22 a\u00f1os no deja de ser excepcional. Despuntar de adolescente no es una garant\u00eda y sin un talento descomunal como el del flamante n\u00famero uno, acercarse a la \u00e9lite es una carrera de obst\u00e1culos que quita de la ecuaci\u00f3n a aquellos sin un sost\u00e9n econ\u00f3mico prolongado. \u201cCon el tenis pierdes dinero desde el primer d\u00eda que coges una raqueta hasta que no eres, m\u00ednimo, el 250. Y solo eres millonario en el top 100\u201d, reconoce Llamas, sabedor de las dificultades que hay detr\u00e1s.<\/p>\n<p>    Lee tambi\u00e9n<\/p>\n<p data-gtm-element-container=\"modulo-texto-link\" class=\"paragraph\">Cuando ganan la Ensaladera sub-16, estaba becado en la academia de David Ferrer. La cuota mensual se ve\u00eda reducida, pero los gastos no terminaban all\u00ed. La ayuda de la Federaci\u00f3n Espa\u00f1ola de Tenis, aunque v\u00e1lida, tampoco bastaba. Piso, dieta o viajes -desembolso que se multiplica si va el entrenador- convierten en casi una obligaci\u00f3n sumar puntos ya desde muy joven para subir en el ranking y ser solvente. A la presi\u00f3n deportiva se suma la econ\u00f3mica. \u201cRecuerdo mi primer Future j\u00fanior en Malta. Era la primera vez que viajaba fuera. En medio del primer partido me puse a llorar. Pens\u00e9: \u2018como no sume ning\u00fan punto despu\u00e9s de los 1.300 euros que se han dejado mis padres&#8230; en cinco d\u00edas me gasto lo que ellos ganan en un mes. Sent\u00eda mucha presi\u00f3n\u201d.<\/p>\n<p>                <img loading=\"lazy\" decoding=\"async\" data-full-src=\"https:\/\/www.lavanguardia.com\/uploads\/2025\/11\/19\/691e44b85b075.jpeg\" alt=\"Alcaraz Pablo Llamas\" width=\"449\" height=\"303\" src=\"https:\/\/www.europesays.com\/es\/wp-content\/uploads\/2025\/11\/691e44b85b075.jpeg\" class=\"lazy\"\/><\/p>\n<p class=\"caption-title \">Pablo Llamas y Carlos Alcaraz celebran el triunfo de Espa\u00f1a en la Davis junior 2018 jugada en Hungr\u00eda, con el capit\u00e1n David Ayuela detr\u00e1s<\/p>\n<p>                    Srdjan Stevanovic\/ITF<\/p>\n<p data-gtm-element-container=\"modulo-texto-link\" class=\"paragraph\">David Ayuela, capit\u00e1n de aquella Davis j\u00fanior de \u201crecuerdo inigualable\u201d, lo reafirma. \u201cJugar mucho tiempo alejado de las primeras posiciones solo depende de la capacidad econ\u00f3mica de los padres. Las ayudas suelen ser muy m\u00ednimas en ese contexto. Algunos lo comparan con una inversi\u00f3n, como comprarse una casa, y tiran hasta que pueden. Jugar puede llegar a costar entre 60.000 o 80.000 euros al a\u00f1o\u201d, remarca Ayuela, t\u00e9cnico de Mario Gonz\u00e1lez desde los 8 hasta los 17 a\u00f1os (fue campe\u00f3n de Espa\u00f1a infantil venciendo a Alcaraz) y actual segundo coach de Llamas, quien calcula que esa cantidad ha sido menor en su caso.<\/p>\n<blockquote>\n<p>        Jugar en el circuito puede llegar a costar entre 60.000 y 80.000 euros al a\u00f1o\u201d<\/p>\n<p>            David AyuelaEntrenador de Llamas y capit\u00e1n de la &#8216;Armada&#8217; sub-16 campeona<\/p>\n<\/blockquote>\n<p data-gtm-element-container=\"modulo-texto-link\" class=\"paragraph\">Una v\u00eda para que todo ese dinero no acabe en un saco roto es conseguir una beca universitaria a Estados Unidos para combinar deporte y estudios. \u201cEs uno de los mejores caminos a los que pueden optar j\u00f3venes con muy buen nivel pero con dificultades para dar el salto. Regresan con carrera universitaria, son biling\u00fces&#8230; y si en el tenis no les va bien, al menos est\u00e1n preparados para el mercado laboral\u201d, afirma Ayuela. Llamas suscribe esa opci\u00f3n, \u201cpero para irte becado tienes que aguantar hasta los 18\u201d.\u00a0<\/p>\n<p>                <img loading=\"lazy\" decoding=\"async\" data-full-src=\"https:\/\/www.lavanguardia.com\/uploads\/2025\/11\/20\/691ebc123c863.jpeg\" alt=\"Un imberbe Alcaraz (15 a\u00f1os, uno menos que sus compa\u00f1eros), con Ayuela, Gonz\u00e1lez y Llamas durante la celebraci\u00f3n\" width=\"449\" height=\"253\" src=\"https:\/\/www.europesays.com\/es\/wp-content\/uploads\/2025\/11\/691ebc123c863.r_d.1208-658-2654.jpeg\" class=\"lazy\"\/><\/p>\n<p class=\"caption-title \">Un imberbe Alcaraz (15 a\u00f1os, uno menos que sus compa\u00f1eros), con Ayuela, Gonz\u00e1lez y Llamas durante la celebraci\u00f3n<\/p>\n<p>                    Srdjan Stevanovic\/ITF<\/p>\n<p data-gtm-element-container=\"modulo-texto-link\" class=\"paragraph\">A esa edad, el jerezano se sent\u00eda estancado. Eran tiempos de pandemia y los ahorros de sus padres se agotaban. Fue entonces cuando apareci\u00f3 otra v\u00eda que impulsar\u00eda su carrera. \u201cMe contact\u00f3 un m\u00e1nager por Instagram. Me ofrec\u00eda una inversi\u00f3n a cambio de un 15% de mi prize money (dinero ganado en torneos) durante seis a\u00f1os. Entre ese dinero y la aportaci\u00f3n de la Federaci\u00f3n ten\u00eda para tirar un a\u00f1o entero. Me facilitaba ir al fisio un par de veces por semana, entrenar m\u00e1s horas, poder viajar a torneos m\u00e1s importantes&#8230; ten\u00eda oportunidades que antes dejaba escapar. El 2021 se me dio un poco mejor y empezaron a cambiar las cosas\u201d, cuenta. Admite que la aparici\u00f3n de ese inversor le \u201csalv\u00f3 la vida\u201d.\u00a0\u201cAhora mismo no s\u00e9 qu\u00e9 estar\u00eda haciendo\u201d.<\/p>\n<p>Alcaraz y Llamas, una pareja de dobles que \u201cvolver\u00e1 a unirse\u201d<\/p>\n<p data-gtm-element-container=\"modulo-texto-link\" class=\"paragraph\">Alcanzar dos primeras rondas de Grand Slam ha supuesto un alivio econ\u00f3mico para afrontar nuevos retos y regalarse unos d\u00edas de descanso en una isla del \u00cdndico mientras <a href=\"https:\/\/www.lavanguardia.com\/deportes\/tenis\/20251116\/11269721\/sinner-impone-ley-masters-alcaraz.html\" rel=\"nofollow noopener\" target=\"_blank\">Alcaraz disputaba las ATP Finals<\/a>. \u201cNunca antes me hab\u00eda podido permitir un viaje de este tipo\u201d. Entre los futuros desaf\u00edos, uno es seguir escalando en la clasificaci\u00f3n mundial y superar su mejor posici\u00f3n hasta el momento (n.\u00ba 130). El otro es reencontrarse,\u00a0en un futuro no muy lejano, con Alcaraz en la Armada de los mayores. \u201cEn aquella final contra Francia, Carlitos salv\u00f3 una bola de torneo en el segundo set y acab\u00f3 forzando el punto definitivo de dobles. Formaba pareja con Pablo, con quien no hab\u00eda perdido un solo partido desde la primera fase. Se comieron a los franceses\u201d, rememora Ayuela, seguro de que ambos \u201cvan a unir otra vez sus caminos antes o despu\u00e9s otra vez\u201d para jugar en esa modalidad.<\/p>\n<p>Copa Davis en Bolonia<br \/>\nLa baja de Alcaraz duele m\u00e1s en Espa\u00f1a que la de Sinner en Italia<\/p>\n<p class=\"module-text\">El tenis italiano est\u00e1 de moda. Su buen estado de salud (ayer vencieron sin despeinarse a Austria 2-0 en cuartos de final) lo corrobora el hecho de encadenar dos Davis en el circuito masculino y dos Billie Jean King en el femenino. \u00bfPor qu\u00e9? Basarlo todo en un ciclo generacional dorado ser\u00eda demasiado simplista. \u201cSu federaci\u00f3n hizo una apuesta por los j\u00f3venes y cada vez tiene una cantera m\u00e1s potente. Ha puesto mucho dinero para que casi cada semana haya torneos Challenger (un escal\u00f3n por debajo de los ATP) y Futures (equivalente a una tercera categor\u00eda) en Italia\u201d, detalla Ayuela. \u201cSupone viajar mucho menos y por lo tanto menos gasto compitiendo a un alto nivel cerca de casa. Ahora recogen los frutos\u201d, a\u00f1ade Llamas.<br \/>\u200bAunque Espa\u00f1a tambi\u00e9n ha mejorado en ese aspecto, lo cierto es que la <a href=\"https:\/\/www.lavanguardia.com\/deportes\/tenis\/20251118\/11274470\/peligra-participacion-alcaraz-copa-davis.html\" rel=\"nofollow noopener\" target=\"_blank\">baja por lesi\u00f3n de Alcaraz<\/a> (n.\u00ba 1) en Bolonia es m\u00e1s sensible que la renuncia de Sinner (n.\u00ba 2) o la ausencia de Musetti (n.\u00ba 8), las dos primeras espadas transalpinas. Espa\u00f1a, que debuta hoy ante Rep\u00fablica Checa (a partir de las 10 horas), tiene actualmente seis top 100 por los nueve de Italia, mucho mejor clasificados. De hecho,\u00a0los nueve se encuentran en las primeras 87 posiciones, mientras que en Espa\u00f1a son solo tres: el murciano, Alejandro Davidovich (14) -descartado para las finales por sus diferencias con el capit\u00e1n David Ferrer- y Jaume Munar (36). Siete de los italianos son menores de 25 a\u00f1os. En el tenis espa\u00f1ol, solo Alcaraz.<\/p>\n","protected":false},"excerpt":{"rendered":"El d\u00eda que Carlos Alcaraz alzaba su segundo US Open el pasado septiembre, Pablo Llamas deshac\u00eda maletas en&hellip;\n","protected":false},"author":2,"featured_media":245956,"comment_status":"","ping_status":"","sticky":false,"template":"","format":"standard","meta":{"footnotes":""},"categories":[274],"tags":[168,25,24,23,167,327,326],"class_list":{"0":"post-245955","1":"post","2":"type-post","3":"status-publish","4":"format-standard","5":"has-post-thumbnail","7":"category-tenis","8":"tag-deportes","9":"tag-es","10":"tag-espana","11":"tag-spain","12":"tag-sports","13":"tag-tenis","14":"tag-tennis"},"share_on_mastodon":{"url":"https:\/\/pubeurope.com\/@es\/115580983685619800","error":""},"_links":{"self":[{"href":"https:\/\/www.europesays.com\/es\/wp-json\/wp\/v2\/posts\/245955","targetHints":{"allow":["GET"]}}],"collection":[{"href":"https:\/\/www.europesays.com\/es\/wp-json\/wp\/v2\/posts"}],"about":[{"href":"https:\/\/www.europesays.com\/es\/wp-json\/wp\/v2\/types\/post"}],"author":[{"embeddable":true,"href":"https:\/\/www.europesays.com\/es\/wp-json\/wp\/v2\/users\/2"}],"replies":[{"embeddable":true,"href":"https:\/\/www.europesays.com\/es\/wp-json\/wp\/v2\/comments?post=245955"}],"version-history":[{"count":0,"href":"https:\/\/www.europesays.com\/es\/wp-json\/wp\/v2\/posts\/245955\/revisions"}],"wp:featuredmedia":[{"embeddable":true,"href":"https:\/\/www.europesays.com\/es\/wp-json\/wp\/v2\/media\/245956"}],"wp:attachment":[{"href":"https:\/\/www.europesays.com\/es\/wp-json\/wp\/v2\/media?parent=245955"}],"wp:term":[{"taxonomy":"category","embeddable":true,"href":"https:\/\/www.europesays.com\/es\/wp-json\/wp\/v2\/categories?post=245955"},{"taxonomy":"post_tag","embeddable":true,"href":"https:\/\/www.europesays.com\/es\/wp-json\/wp\/v2\/tags?post=245955"}],"curies":[{"name":"wp","href":"https:\/\/api.w.org\/{rel}","templated":true}]}}