{"id":245957,"date":"2025-11-20T08:03:09","date_gmt":"2025-11-20T08:03:09","guid":{"rendered":"https:\/\/www.europesays.com\/es\/245957\/"},"modified":"2025-11-20T08:03:09","modified_gmt":"2025-11-20T08:03:09","slug":"los-5-fichajes-a-seguir-en-ciclismo-en-la-temporada-2026","status":"publish","type":"post","link":"https:\/\/www.europesays.com\/es\/245957\/","title":{"rendered":"Los 5 fichajes a seguir en ciclismo en la temporada 2026"},"content":{"rendered":"<p>El Tour Down Under ser\u00e1 el encargado de inaugurar el calendario del UCI World Tour 2026. La vig\u00e9sima sexta edici\u00f3n de la ronda australiana comenzar\u00e1 el 20 de enero con una contrarreloj individual de 3,6 kil\u00f3metros por el centro de Adelaida, y concluir\u00e1 el 25 de enero con una de las etapas m\u00e1s largas de su historia: casi 170 kil\u00f3metros con salida y llegada en Stirling, un pintoresco pueblo situado en las colinas de Adelaida. En total, los mejores ciclistas del mundo afrontar\u00e1n 758,9 kil\u00f3metros distribuidos en seis d\u00edas que pondr\u00e1n a prueba sus l\u00edmites. El recorrido incluir\u00e1 dos ascensos al Corkscrew y tres subidas a Willunga Hill.<\/p>\n<p>Aunque los principales favoritos al <strong>Tour de Francia<\/strong> optar\u00e1n por iniciar su temporada m\u00e1s tarde, en el UAE Tour 2026, que se disputar\u00e1 del 16 al 22 de febrero, y en las Cl\u00e1sicas de Primavera, el Tour Down Under seguir\u00e1 atrayendo a varias de las grandes figuras del pelot\u00f3n, junto con j\u00f3venes promesas decididas a hacerse un nombre. Esta edici\u00f3n, adem\u00e1s, podr\u00eda contar con la presencia de <strong>Tadej Poga\u010dar<\/strong>, actual dominador del ciclismo mundial, quien debutar\u00eda casi un mes antes que en otras temporadas y en una carrera que nunca ha disputado, seg\u00fan inform\u00f3 el periodista italiano Beppe Conti. Independientemente de la presencia del esloveno, la ronda australiana podr\u00eda ser la primera oportunidad para ver en acci\u00f3n a algunos de los fichajes m\u00e1s importantes de la temporada 2026.<\/p>\n<p>El mercado de fichajes de cara a la temporada 2026, que lleva en marcha desde el 1 de agosto, est\u00e1 dejando movimientos tan interesantes como el de <a href=\"https:\/\/www.zikloland.com\/criterium-del-dauphine-el-primer-duelo-de-evenepoel-pogacar-y-vingegaard\/\" rel=\"nofollow noopener\" target=\"_blank\">Remco Evenepoel<\/a> al Red Bull-Bora-Hansgrohe, debido principalmente a la llegada de grandes patrocinadores que est\u00e1n redibujando el mapa del pelot\u00f3n y que pueden alterar el equilibrio de poder entre los principales equipos del UCI World Tour. Algunos ciclistas han abandonado formaciones con dificultades financieras, otros buscan nuevas oportunidades de liderazgo y muchos, simplemente, han decidido cambiar de aires. A continuaci\u00f3n, <strong>hablamos de 5 fichajes interesantes a seguir en la temporada 2026 y que podr\u00edan desafiar las apuestas en algunas carreras<\/strong>, ya sean las tres grandes vueltas (Tour de Francia, Giro de Italia y Vuelta a Espa\u00f1a) o los cinco monumentos (Mil\u00e1n-San Remo, Tour de Flandes, Par\u00eds-Roubaix, Lieja-Basto\u00f1a-Lieja y Giro de Lombard\u00eda).<\/p>\n<p>Remco Evenepoel (Soudal Quick-Step a Red Bull-Bora-Hansgrohe)<\/p>\n<p>En 2026, Remco Evenepoel comenzar\u00e1 una nueva etapa en el Red Bull\u2013Bora\u2013Hansgrohe, tras rescindir el a\u00f1o de contrato que a\u00fan le un\u00eda al Soudal Quick-Step. El equipo alem\u00e1n, dispuesto a <strong>competir de t\u00fa a t\u00fa con potencias como el UAE Team Emirates XR y el Team Visma\u2013Lease a Bike<\/strong>, planea construir un bloque s\u00f3lido en torno al doble campe\u00f3n ol\u00edmpico. Su objetivo es acompa\u00f1ar su crecimiento y llevarlo a conquistar metas a\u00fan mayores en las grandes vueltas, donde Evenepoel puede convertirse en uno los principales favoritos en las <a href=\"https:\/\/www.888sport.es\/\" rel=\"nofollow noopener\" target=\"_blank\">casas de apuestas en Espa\u00f1a<\/a>. Hasta ahora, los mejores resultados del ciclista belga de 25 a\u00f1os son una Vuelta a Espa\u00f1a (2022) y un tercer puesto en el Tour de Francia (2024).<\/p>\n<p>Juan Ayuso (UAE Team Emirates XRG a Lidl-Trek)<\/p>\n<p>Tras protagonizar una de las rupturas m\u00e1s sonadas del ciclismo profesional en los \u00faltimos a\u00f1os, Juan Ayuso y el UAE Team Emirates XRG han decidido tomar caminos separados de cara a la temporada 2026. El ciclista espa\u00f1ol se incorporar\u00e1 al Lidl-Trek, donde <strong>asumir\u00e1 el papel de l\u00edder con el objetivo de dar un paso m\u00e1s y conquistar una de las grandes vueltas<\/strong>. A sus 23 a\u00f1os, el alicantino ya ha demostrado que tiene el talento y la capacidad para pelear por las clasificaciones generales, con su tercer puesto en la Vuelta a Espa\u00f1a 2022 y el cuarto lugar en la edici\u00f3n de 2023.<\/p>\n<p>Dorian Godon (Decathlon AG2R La Mondiale Team a INEOS Grenadiers)<\/p>\n<p>Tras seis temporadas en el Decathlon AG2R La Mondiale Team y un destacado palmar\u00e9s de victorias tanto en cl\u00e1sicas de un d\u00eda como en etapas, Dorian Godon ha decidido dar un nuevo rumbo a su carrera y fichar por el INEOS Grenadiers. El actual campe\u00f3n franc\u00e9s de ciclismo en ruta, de 29 a\u00f1os, <strong>reforzar\u00e1 la estructura brit\u00e1nica con su experiencia en grandes vueltas<\/strong>, aportando solidez, ambici\u00f3n y profundidad a un equipo que busca renacer en 2026.<\/p>\n<p>Davide Piganzoli (Team Polti VisitMalta a Team Visma-Lease a Bike)<\/p>\n<p>El Team Visma\u2013Lease a Bike ha tenido que imponerse a una dura competencia para asegurar la incorporaci\u00f3n de Davide Piganzoli. A sus 23 a\u00f1os, <strong>el ciclista italiano dar\u00e1 el salto al WorldTour de la mano del conjunto neerland\u00e9s liderado por Jonas Vingegaard<\/strong>, reforz\u00e1ndolo como apoyo en las grandes vueltas. Piganzoli destaca como un excelente escalador y un prometedor aspirante a las clasificaciones generales, como demostr\u00f3 en los Giros de Italia de 2024 y 2025, en los que finaliz\u00f3 13.\u00ba y 14.\u00ba, respectivamente. Adem\u00e1s, su versatilidad le otorga un gran potencial en las cl\u00e1sicas de monta\u00f1a, un terreno en el que podr\u00eda seguir desarroll\u00e1ndose en las pr\u00f3ximas temporadas.<\/p>\n<p>Cian Uijtdebroeks (Team Visma-Lease a Bike a Movistar Team)<\/p>\n<p>Cian Uijtdebroeks, <strong>una de las j\u00f3venes promesas m\u00e1s destacadas del pelot\u00f3n<\/strong>, ha decidido poner fin a su etapa en el Team Visma-Lease a Bike, a pesar de que a\u00fan le quedaban dos a\u00f1os de contrato con el equipo neerland\u00e9s. El ciclista belga de 22 a\u00f1os se unir\u00e1 al Movistar Team en 2026, con el objetivo de seguir desarroll\u00e1ndome como ciclista de clasificaci\u00f3n general en las grandes vueltas. Con <a href=\"https:\/\/www.rtve.es\/deportes\/20251014\/enric-mas-operado-satisfactoriamente-lesion-pierna-izquierda\/16770108.shtml\" rel=\"nofollow noopener\" target=\"_blank\">Enric Mas<\/a> como principal rival por el liderazgo, Uijtdebroeks contar\u00e1 con libertad para mostrar todo su potencial.<\/p>\n","protected":false},"excerpt":{"rendered":"El Tour Down Under ser\u00e1 el encargado de inaugurar el calendario del UCI World Tour 2026. La vig\u00e9sima&hellip;\n","protected":false},"author":2,"featured_media":245958,"comment_status":"","ping_status":"","sticky":false,"template":"","format":"standard","meta":{"footnotes":""},"categories":[273],"tags":[313,312,168,25,24,23,167],"class_list":{"0":"post-245957","1":"post","2":"type-post","3":"status-publish","4":"format-standard","5":"has-post-thumbnail","7":"category-ciclismo","8":"tag-ciclismo","9":"tag-cycling","10":"tag-deportes","11":"tag-es","12":"tag-espana","13":"tag-spain","14":"tag-sports"},"share_on_mastodon":{"url":"https:\/\/pubeurope.com\/@es\/115580987164983220","error":""},"_links":{"self":[{"href":"https:\/\/www.europesays.com\/es\/wp-json\/wp\/v2\/posts\/245957","targetHints":{"allow":["GET"]}}],"collection":[{"href":"https:\/\/www.europesays.com\/es\/wp-json\/wp\/v2\/posts"}],"about":[{"href":"https:\/\/www.europesays.com\/es\/wp-json\/wp\/v2\/types\/post"}],"author":[{"embeddable":true,"href":"https:\/\/www.europesays.com\/es\/wp-json\/wp\/v2\/users\/2"}],"replies":[{"embeddable":true,"href":"https:\/\/www.europesays.com\/es\/wp-json\/wp\/v2\/comments?post=245957"}],"version-history":[{"count":0,"href":"https:\/\/www.europesays.com\/es\/wp-json\/wp\/v2\/posts\/245957\/revisions"}],"wp:featuredmedia":[{"embeddable":true,"href":"https:\/\/www.europesays.com\/es\/wp-json\/wp\/v2\/media\/245958"}],"wp:attachment":[{"href":"https:\/\/www.europesays.com\/es\/wp-json\/wp\/v2\/media?parent=245957"}],"wp:term":[{"taxonomy":"category","embeddable":true,"href":"https:\/\/www.europesays.com\/es\/wp-json\/wp\/v2\/categories?post=245957"},{"taxonomy":"post_tag","embeddable":true,"href":"https:\/\/www.europesays.com\/es\/wp-json\/wp\/v2\/tags?post=245957"}],"curies":[{"name":"wp","href":"https:\/\/api.w.org\/{rel}","templated":true}]}}