{"id":245961,"date":"2025-11-20T08:06:19","date_gmt":"2025-11-20T08:06:19","guid":{"rendered":"https:\/\/www.europesays.com\/es\/245961\/"},"modified":"2025-11-20T08:06:19","modified_gmt":"2025-11-20T08:06:19","slug":"achraf-balon-de-oro-africano","status":"publish","type":"post","link":"https:\/\/www.europesays.com\/es\/245961\/","title":{"rendered":"Achraf, Bal\u00f3n de Oro africano"},"content":{"rendered":"<p class=\"\">La guinda a una temporada para enmarcar.<b> Achraf ha sido nombrado este mi\u00e9rcoles Mejor Jugador Africano del a\u00f1o en los CAF Awards<\/b>, la gala equivalente a la del Bal\u00f3n de Oro del continente madre. El jugador del PSG,<a href=\"https:\/\/as.com\/futbol\/internacional\/asi-queda-el-ranking-del-balon-de-oro-2025-clasificacion-y-listado-completo-de-jugadores-n\/\" target=\"_self\" rel=\"nofollow noopener\" title=\"https:\/\/as.com\/futbol\/internacional\/asi-queda-el-ranking-del-balon-de-oro-2025-clasificacion-y-listado-completo-de-jugadores-n\/\"> que qued\u00f3 sexto en el premio que otorga France Football<\/a>, se ha impuesto en la votaci\u00f3n a Salah, cuarto en el Bal\u00f3n de Oro, y a Osimhen. Achraf recibe el galard\u00f3n tras completar<b> una temporada hist\u00f3rica con el conjunto parisino,<\/b> con el que gan\u00f3 la Champions, la Ligue 1, la Copa de Francia, la Supercopa de Francia y la Supercopa de Europa. <\/p>\n<p class=\"\">Hasta el mism\u00edsimo <b>Mbapp\u00e9<\/b>, excompa\u00f1ero hasta hace muy poco en Par\u00eds y amigo \u00edntimo suyo, se rindi\u00f3 a \u00e9l: \u201cEl rey de <b>\u00c1frica<\/b>. <b>Bravo<\/b>, mi hermano. Un premio m\u00e1s que merecido. Te quiero, bro\u201d, escribi\u00f3 en Instagram.<\/p>\n<p><img decoding=\"async\" src=\"https:\/\/www.europesays.com\/es\/wp-content\/uploads\/2025\/11\/GWRBZTSWW5CMFCK7S4FRJYXT4U.jpeg\" alt=\"Achraf, Bal\u00f3n de Oro africano\" height=\"2048\" width=\"1150\"   loading=\"lazy\"\/><\/p>\n<p class=\"\">Considerado el mejor lateral derecho del mundo en la actualidad, <b>este es el primer Bal\u00f3n de Oro africano para el marroqu\u00ed<\/b>, que <a href=\"https:\/\/as.com\/futbol\/internacional\/osimhen-rey-de-africa-n\/\" target=\"_self\" rel=\"nofollow noopener\" title=\"https:\/\/as.com\/futbol\/internacional\/osimhen-rey-de-africa-n\/\">releva al nigeriano<\/a> Lookman como mejor jugador de \u00c1frica. Un reconocimiento que pocos pueden discutir cuando se observan las cifras del ex del Madrid: el curso pasado disput\u00f3 <b>55 encuentros en los que logr\u00f3 11 goles y 16 asistencias<\/b> siendo <a href=\"https:\/\/as.com\/futbol\/champions\/una-champions-de-2283m-n\/\" target=\"_self\" rel=\"nofollow noopener\" title=\"https:\/\/as.com\/futbol\/champions\/una-champions-de-2283m-n\/\">el primer tanto en la final de la Champions <\/a>el gol m\u00e1s decisivo de su carrera. Adem\u00e1s, la Ligue 1 ya le premi\u00f3 hace unos meses con el <b>premio Marc\u2011Vivien Fo\u00e9<\/b> al mejor jugador africano de la competici\u00f3n<\/p>\n<p>Fiesta total de Marruecos<\/p>\n<p class=\"\"><b>El CAF Award a la Mejor Jugadora de \u00c1frica fue para la marroqu\u00ed Ghizlane Chebbak,<\/b> que juega como delantera en Al Hilal saud\u00ed. Chebbak, una leyenda del continente, fue la m\u00e1xima goleadora de la Copa \u00c1frica 2025, en la que Marruecos fue finalista.<\/p>\n<p class=\"\">En el resto de premios, <b>Bono, portero marroqu\u00ed de Al Hilal, recibi\u00f3 el premio al Mejor Portero<\/b> y la nigeriana Chiamaka Nnadozie, del Brighton, fue nombrada por tercer a\u00f1o consecutivo mejor guardameta.<b> El mejor entrenador masculino fue Bubista,<\/b> <a href=\"https:\/\/as.com\/futbol\/internacional\/milagro-mundial-de-cabo-verde-f202510-n\/\" target=\"_self\" rel=\"nofollow noopener\" title=\"https:\/\/as.com\/futbol\/internacional\/milagro-mundial-de-cabo-verde-f202510-n\/\">que llev\u00f3 a Cabo Verde al Mundial<\/a>.<\/p>\n<p class=\"\">Marruecos sigui\u00f3 arrasando con los premios a <b>Maamma, del Watford, que gan\u00f3 el de Mejor Jugador Joven<\/b>, un reconocimiento cantado despu\u00e9s de haberse proclamado MVP del Mundial Sub-20 con su selecci\u00f3n, que fue nombrada Mejor Equipo. <b>Su hom\u00f3loga femenina fue la tambi\u00e9n marroqu\u00ed Doha El Madani<\/b>, de ASFAR.<\/p>\n<p>Noticias relacionadas<a href=\"https:\/\/as.com\/futbol\/mundial\/courtois-estara-en-el-bombo-1-f202511-n\/\" class=\"s_m_w _rt-16x9\" title=\"B\u00e9lgica sella su billete al Mundial con una esperada goleada (7-0) ante Liechtenstein. De Keteleare y Doku anotaron un doblete cada uno.\" data-tb-link=\"\" rel=\"nofollow noopener\" target=\"_blank\"><img decoding=\"async\" src=\"https:\/\/www.europesays.com\/es\/wp-content\/uploads\/2025\/11\/GRQCAGTLA5OLPAPC5Z5X54SBPM.jpg\" alt=\"Courtois estar\u00e1 en el bombo 1\" class=\"\" height=\"9\" width=\"16\"   loading=\"lazy\" data-tb-thumbnail=\"\"\/><\/a><\/p>\n<p class=\"\">El delantero Fiston Mayele, que <a href=\"https:\/\/as.com\/futbol\/internacional\/osimhen-sin-mundial-f202511-n\/\" target=\"_self\" rel=\"nofollow noopener\" title=\"https:\/\/as.com\/futbol\/internacional\/osimhen-sin-mundial-f202511-n\/\">acaba de clasificarse para la repesca internacional con RD Congo<\/a>, recogi\u00f3 el premio al mejor futbolista que juega en \u00c1frica. Su club, el Pyramids, <b>fue nombrado mejor equipo<\/b> tras haber conquistado este a\u00f1o la Champions africana.<\/p>\n<p class=\"\"><b>\u00a1Tus opiniones importan!<\/b> Comenta en los art\u00edculos y suscr\u00edbete gratis a nuestra <a href=\"https:\/\/asfan.as.com\/newsletters\/\" target=\"_blank\" rel=\"nofollow noopener\" title=\"https:\/\/asfan.as.com\/newsletters\/\">newsletter<\/a> y a las alertas informativas en la <a href=\"https:\/\/as.com\/aplicacion-de-as-n\/\" target=\"_blank\" rel=\"nofollow noopener\" title=\"https:\/\/as.com\/aplicacion-de-as-n\/\">App<\/a> o el canal de <a href=\"https:\/\/www.whatsapp.com\/channel\/0029VaAasdA7j6g745nz9M10\" target=\"_blank\" rel=\"nofollow noopener\" title=\"https:\/\/www.whatsapp.com\/channel\/0029VaAasdA7j6g745nz9M10\">WhatsApp<\/a>. \u00bfBuscas licenciar contenido? Haz clic <a href=\"https:\/\/profesional.elpais.com\/soluciones-sindicacion?utm_medium=interno&amp;utm_source=crosslinking&amp;utm_campaign=sindicacion_as_pie_articulos\" target=\"_blank\" rel=\"nofollow noopener\" title=\"https:\/\/profesional.elpais.com\/soluciones-sindicacion?utm_medium=interno&amp;utm_source=crosslinking&amp;utm_campaign=sindicacion_as_pie_articulos\">aqu\u00ed<\/a><\/p>\n","protected":false},"excerpt":{"rendered":"La guinda a una temporada para enmarcar. Achraf ha sido nombrado este mi\u00e9rcoles Mejor Jugador Africano del a\u00f1o&hellip;\n","protected":false},"author":2,"featured_media":245962,"comment_status":"","ping_status":"","sticky":false,"template":"","format":"standard","meta":{"footnotes":""},"categories":[268],"tags":[168,25,24,280,282,281,23,167],"class_list":{"0":"post-245961","1":"post","2":"type-post","3":"status-publish","4":"format-standard","5":"has-post-thumbnail","7":"category-futbol","8":"tag-deportes","9":"tag-es","10":"tag-espana","11":"tag-football","12":"tag-futbol","13":"tag-soccer","14":"tag-spain","15":"tag-sports"},"share_on_mastodon":{"url":"https:\/\/pubeurope.com\/@es\/115580999433010434","error":""},"_links":{"self":[{"href":"https:\/\/www.europesays.com\/es\/wp-json\/wp\/v2\/posts\/245961","targetHints":{"allow":["GET"]}}],"collection":[{"href":"https:\/\/www.europesays.com\/es\/wp-json\/wp\/v2\/posts"}],"about":[{"href":"https:\/\/www.europesays.com\/es\/wp-json\/wp\/v2\/types\/post"}],"author":[{"embeddable":true,"href":"https:\/\/www.europesays.com\/es\/wp-json\/wp\/v2\/users\/2"}],"replies":[{"embeddable":true,"href":"https:\/\/www.europesays.com\/es\/wp-json\/wp\/v2\/comments?post=245961"}],"version-history":[{"count":0,"href":"https:\/\/www.europesays.com\/es\/wp-json\/wp\/v2\/posts\/245961\/revisions"}],"wp:featuredmedia":[{"embeddable":true,"href":"https:\/\/www.europesays.com\/es\/wp-json\/wp\/v2\/media\/245962"}],"wp:attachment":[{"href":"https:\/\/www.europesays.com\/es\/wp-json\/wp\/v2\/media?parent=245961"}],"wp:term":[{"taxonomy":"category","embeddable":true,"href":"https:\/\/www.europesays.com\/es\/wp-json\/wp\/v2\/categories?post=245961"},{"taxonomy":"post_tag","embeddable":true,"href":"https:\/\/www.europesays.com\/es\/wp-json\/wp\/v2\/tags?post=245961"}],"curies":[{"name":"wp","href":"https:\/\/api.w.org\/{rel}","templated":true}]}}