{"id":245967,"date":"2025-11-20T08:10:20","date_gmt":"2025-11-20T08:10:20","guid":{"rendered":"https:\/\/www.europesays.com\/es\/245967\/"},"modified":"2025-11-20T08:10:20","modified_gmt":"2025-11-20T08:10:20","slug":"expulsion-disciplinaria-lagrimas-y-enfado-de-los-chicos-en-la-segunda-hoguera-de-la-isla-de-las-tentaciones-que-sinverguenza","status":"publish","type":"post","link":"https:\/\/www.europesays.com\/es\/245967\/","title":{"rendered":"Expulsi\u00f3n disciplinaria, l\u00e1grimas y enfado de los chicos en la segunda hoguera de &#8216;La isla de las tentaciones&#8217;: \u00abQu\u00e9 sinverg\u00fcenza\u00bb"},"content":{"rendered":"<p><a class=\"v-mdl-ath__fig-a\" href=\"https:\/\/www.lasprovincias.es\/autor\/tamara-villena-3279.html\" title=\"Tamara Villena\" rel=\"nofollow noopener\" target=\"_blank\"><br \/>\n<img decoding=\"async\" class=\"v-mdl-ath__img\" src=\"https:\/\/www.europesays.com\/es\/wp-content\/uploads\/2025\/09\/1757147648_165_autor-3279-foto-2.jpeg\" alt=\"Tamara Villena\"\/><br \/>\n<\/a><\/p>\n<p class=\"v-mdl-ath__p v-mdl-ath__p--6\">\nMi\u00e9rcoles, 19 de noviembre 2025<\/p>\n<p>| Actualizado 20\/11\/2025 00:53h.<\/p>\n<p class=\"v-p\"><a href=\"https:\/\/www.lasprovincias.es\/culturas\/tv\/giro-historico-isla-tentaciones-hoguera-repleta-alarmas-20251118233515-nt.html\" data-voc-vtm-id=\"in-text-traffic\" title=\"&#039;La isla de las tentaciones&#039;\" rel=\"nofollow noopener\" target=\"_blank\">&#8216;La isla de las tentaciones&#8217;<\/a> emit\u00eda este mi\u00e9rcoles su \u00faltimo programa de la semana en <a href=\"https:\/\/www.lasprovincias.es\/gente-estilo\/mediaset-prescinde-alessandro-lecquio-20251119195720-ntrc.html\" data-voc-vtm-id=\"in-text-traffic\" title=\"Telecinco\" rel=\"nofollow noopener\" target=\"_blank\">Telecinco<\/a>, y el avance ya dejaba caer que ser\u00eda de todo menos tranquilo. Las emociones en Villa Monta\u00f1a y Villa Playa est\u00e1n a flor de piel y ya no son muy pocos los que est\u00e1n logrando mantener a raya la tentaci\u00f3n, con varios de los protagonistas que ya han ca\u00eddo en ella y han ido a m\u00e1s con sus solteros y solteras favoritos. <\/p>\n<p class=\"v-p\">La tensi\u00f3n entre las parejas es cada vez m\u00e1s evidente y los reproches comienzan a ser constantes entre los chicos y las chicas, que ya han visto algunas im\u00e1genes muy claras sobre lo que est\u00e1 pasando en su relaci\u00f3n. Las \u00faltimas en ver lo que estaba pasando en Villa Playa eran las solteras, que informaban a los novios de que sus chicas no se estaban cortando a la hora de pas\u00e1rselo bien. <\/p>\n<p class=\"v-p\">Claudia ha sido la primera en caer en la tentaci\u00f3n con Gerard, y aunque Gilbert reaccion\u00f3 salt\u00e1ndose las normas del programa para ir a ech\u00e1rselo en cara, \u00e9l tampoco se queda atr\u00e1s con Noelia. Juanpi y Mara, Helena y Barranco y Dar\u00edo y Cristina tambi\u00e9n est\u00e1n cada vez m\u00e1s cerca y dejan im\u00e1genes que dar\u00e1n mucho de s\u00ed en sus respectivas hogueras. <\/p>\n<p><a href=\"http:\/\/www.lasprovincias.es\/culturas\/tv\/entrega-bote-pasapalabra-posible-fecha-pago-premio-20251119175019-nt.html#vtm_modulosEngag=mod-rel:culturas:noticia:1:cmp:1-not\" class=\"v-a-link\" aria-label=\"Imagen\" rel=\"nofollow noopener\" target=\"_blank\"><\/p>\n<p><img decoding=\"async\" loading=\"lazy\" src=\"https:\/\/www.europesays.com\/es\/wp-content\/uploads\/2025\/11\/rosa-manu-pasapalabra-U210998205100PTG--366x256@Las Provincias.jpg\" class=\"v-a-img\" width=\"258\" height=\"180\" alt=\"\" data-voc-vtm-id=\"in-text-traffic\"\/><\/p>\n<p><\/a><\/p>\n<p class=\"v-p\">El programa de hoy revelaba el castigo a Gilbert: su expulsi\u00f3n de la segunda hoguera de los chicos, por lo que no podr\u00eda ver las im\u00e1genes de su novia y le ped\u00eda a sus compa\u00f1eros que despu\u00e9s se lo contasen \u00abtodo\u00bb. Claudia, por su parte, reconoc\u00eda sentir que se ha dejado llevar muy r\u00e1pido con G\u00e9rard, abatida: \u00abNo tendr\u00eda que haber venido\u00bb, dec\u00eda tras tener sexo con su tentador en el jacuzzi, un momento que m\u00e1s tarde han visto los chicos al final de la hoguera. <\/p>\n<p class=\"v-p\">Rodri tambi\u00e9n se derrumbaba tras protagonizar su primer beso con Olatz y ver despu\u00e9s las im\u00e1genes de su novia Helena, que tambi\u00e9n avanzaba con Barranco, en la hoguera. \u00abQu\u00e9 sinverg\u00fcenza. \u00c9l se esta riendo de m\u00ed, y ella no lo para.Ya no me salen ni las l\u00e1grimas, estoy en &#8216;shock&#8217;. Se est\u00e1 riendo en mi cara, tengo miedo de lo que pueda pasar a partir de ahora\u00bb, dec\u00eda molesto. <\/p>\n<p class=\"v-p\">A pesar de haberse besado con Cristina, Dar\u00edo tambi\u00e9n se indignaba al ver las im\u00e1genes de su novia, Almudena, a la que ve mucho m\u00e1s c\u00f3moda y le despierta miedo de que pueda avanzar con Borja. \u00abEstoy cagado, es que voy a peor, es incre\u00edble\u00bb, comentaba. <\/p>\n<p class=\"v-p\">Juanpi era el siguiente en romperse en l\u00e1grimas en plena hoguera al ver las im\u00e1genes de su novia Sandra: \u00abMe da verguenza que vea esto mi madre\u00bb, dec\u00eda, negando con la cabeza. Conforme iba viendo m\u00e1s im\u00e1genes, el gaditano notaba que comenzaba a entrar una especie de ataque de ansiedad: \u00abSandra me falta el aire\u00bb, le dec\u00eda antes de acercarse a darle un abrazo a la presentadora. \u00abYo para ella tengo mala fama, fama de golfo y de ni\u00f1ato y no me merezco esto porque estoy aguantando\u00bb, le dec\u00eda. <\/p>\n<p class=\"v-p\">En el pr\u00f3ximo programa, del lunes 24 de noviembre, ser\u00e1n ellas quienes se enfrentena su segunda hoguera y vean todo lo que sus novios est\u00e1n haciendo en Villa Monta\u00f1a. <\/p>\n<p>Reporta un error<\/p>\n","protected":false},"excerpt":{"rendered":"Mi\u00e9rcoles, 19 de noviembre 2025 | Actualizado 20\/11\/2025 00:53h. &#8216;La isla de las tentaciones&#8217; emit\u00eda este mi\u00e9rcoles su&hellip;\n","protected":false},"author":2,"featured_media":245968,"comment_status":"","ping_status":"","sticky":false,"template":"","format":"standard","meta":{"footnotes":""},"categories":[171],"tags":[7088,62817,32178,146,147,25,24,3193,3956,59359,3643,3745,43625,23,4473,214],"class_list":{"0":"post-245967","1":"post","2":"type-post","3":"status-publish","4":"format-standard","5":"has-post-thumbnail","7":"category-tv","8":"tag-chicos","9":"tag-disciplinaria","10":"tag-enfado","11":"tag-entertainment","12":"tag-entretenimiento","13":"tag-es","14":"tag-espana","15":"tag-expulsion","16":"tag-gran","17":"tag-hoguera","18":"tag-isla","19":"tag-segunda","20":"tag-sinverguenza","21":"tag-spain","22":"tag-tentaciones","23":"tag-tv"},"share_on_mastodon":{"url":"https:\/\/pubeurope.com\/@es\/115581015109607579","error":""},"_links":{"self":[{"href":"https:\/\/www.europesays.com\/es\/wp-json\/wp\/v2\/posts\/245967","targetHints":{"allow":["GET"]}}],"collection":[{"href":"https:\/\/www.europesays.com\/es\/wp-json\/wp\/v2\/posts"}],"about":[{"href":"https:\/\/www.europesays.com\/es\/wp-json\/wp\/v2\/types\/post"}],"author":[{"embeddable":true,"href":"https:\/\/www.europesays.com\/es\/wp-json\/wp\/v2\/users\/2"}],"replies":[{"embeddable":true,"href":"https:\/\/www.europesays.com\/es\/wp-json\/wp\/v2\/comments?post=245967"}],"version-history":[{"count":0,"href":"https:\/\/www.europesays.com\/es\/wp-json\/wp\/v2\/posts\/245967\/revisions"}],"wp:featuredmedia":[{"embeddable":true,"href":"https:\/\/www.europesays.com\/es\/wp-json\/wp\/v2\/media\/245968"}],"wp:attachment":[{"href":"https:\/\/www.europesays.com\/es\/wp-json\/wp\/v2\/media?parent=245967"}],"wp:term":[{"taxonomy":"category","embeddable":true,"href":"https:\/\/www.europesays.com\/es\/wp-json\/wp\/v2\/categories?post=245967"},{"taxonomy":"post_tag","embeddable":true,"href":"https:\/\/www.europesays.com\/es\/wp-json\/wp\/v2\/tags?post=245967"}],"curies":[{"name":"wp","href":"https:\/\/api.w.org\/{rel}","templated":true}]}}