{"id":246001,"date":"2025-11-20T08:36:57","date_gmt":"2025-11-20T08:36:57","guid":{"rendered":"https:\/\/www.europesays.com\/es\/246001\/"},"modified":"2025-11-20T08:36:57","modified_gmt":"2025-11-20T08:36:57","slug":"asi-ha-transcurrido-la-gala-de-los-ii-premios-el-norte","status":"publish","type":"post","link":"https:\/\/www.europesays.com\/es\/246001\/","title":{"rendered":"As\u00ed ha transcurrido la gala de los II Premios El Norte"},"content":{"rendered":"<p><a class=\"v-mdl-ath__fig-a\" href=\"https:\/\/www.elnortedecastilla.es\/autor\/jose-carlos-castillo-6664.html\" title=\"Jos\u00e9 Carlos Castillo\" rel=\"nofollow noopener\" target=\"_blank\"><br \/>\n<img decoding=\"async\" class=\"v-mdl-ath__img\" src=\"https:\/\/www.europesays.com\/es\/wp-content\/uploads\/2025\/11\/autor-6664-foto-1.jpeg\" alt=\"Jos\u00e9 Carlos Castillo\"\/><br \/>\n<\/a><\/p>\n<p class=\"v-mdl-ath__p v-mdl-ath__p--2\">\n<a href=\"https:\/\/www.elnortedecastilla.es\/autor\/jose-carlos-castillo-6664.html\" rel=\"nofollow noopener\" target=\"_blank\">Jos\u00e9 Carlos Castillo<\/a>\n<\/p>\n<p class=\"v-mdl-ath__p v-mdl-ath__p--3\">\nValladolid\n<\/p>\n<p class=\"v-mdl-ath__p v-mdl-ath__p--6\">\nMartes, 18 de noviembre 2025, 23:20<\/p>\n<p>Modo oscuro<\/p>\n<p>Compartir<\/p>\n<p class=\"v-p\">En una noche pensada para celebrar el talento, la implicaci\u00f3n social y el compromiso con el territorio, El Norte de Castilla reuni\u00f3 este martes a quienes dan sentido a sus p\u00e1ginas. La Casa de la M\u00fasica y el Teatro de Arroyo de la Encomienda acogi\u00f3 la gala de los II Premios El Norte de Castilla, una cita que sirvi\u00f3 para demostrar que el decano de la prensa espa\u00f1ola reconoce, apoya y pone en valor el trabajo de quienes sostienen el territorio d\u00eda a d\u00eda, como lo hacen los galardonados de la noche, la Asociaci\u00f3n Espa\u00f1ola contra el C\u00e1ncer, los Centros Rurales Agrupados y Seminci.<\/p>\n<p><img decoding=\"async\" loading=\"lazy\" src=\"https:\/\/www.europesays.com\/es\/wp-content\/uploads\/2025\/11\/20251118_GalaPremios_ElNortedeCastilla_001.jpg\" class=\"v-a-img\" width=\"624\" height=\"900\" alt=\"As\u00ed ha transcurrido la gala de los II Premios El Norte\"\/><\/p>\n<p class=\"v-pill-m__c\">\n<p>Ampliar\n<\/p>\n<p><img decoding=\"async\" loading=\"lazy\" src=\"https:\/\/www.europesays.com\/es\/wp-content\/uploads\/2025\/11\/20251118_GalaPremios_ElNortedeCastilla_001.jpg\" class=\"v-mdl__img-z\" width=\"624\" height=\"900\" alt=\"As\u00ed ha transcurrido la gala de los II Premios El Norte\"\/><\/p>\n<p><img loading=\"lazy\" decoding=\"async\" src=\"https:\/\/www.europesays.com\/es\/wp-content\/uploads\/2025\/11\/20251118_GalaPremios_ElNortedeCastilla_001.jpg\" class=\"v-mdl__img-z\" width=\"624\" height=\"900\" alt=\"As\u00ed ha transcurrido la gala de los II Premios El Norte\"\/><\/p>\n<p><img decoding=\"async\" loading=\"lazy\" src=\"https:\/\/www.europesays.com\/es\/wp-content\/uploads\/2025\/11\/20251118_GalaPremios_ElNortedeCastilla_002.jpg\" class=\"v-a-img\" width=\"624\" height=\"900\" alt=\"As\u00ed ha transcurrido la gala de los II Premios El Norte\"\/><\/p>\n<p class=\"v-pill-m__c\">\n<p>Ampliar\n<\/p>\n<p><img decoding=\"async\" loading=\"lazy\" src=\"https:\/\/www.europesays.com\/es\/wp-content\/uploads\/2025\/11\/20251118_GalaPremios_ElNortedeCastilla_002.jpg\" class=\"v-mdl__img-z\" width=\"624\" height=\"900\" alt=\"As\u00ed ha transcurrido la gala de los II Premios El Norte\"\/><\/p>\n<p><img loading=\"lazy\" decoding=\"async\" src=\"https:\/\/www.europesays.com\/es\/wp-content\/uploads\/2025\/11\/20251118_GalaPremios_ElNortedeCastilla_002.jpg\" class=\"v-mdl__img-z\" width=\"624\" height=\"900\" alt=\"As\u00ed ha transcurrido la gala de los II Premios El Norte\"\/><\/p>\n<p><img decoding=\"async\" loading=\"lazy\" src=\"https:\/\/www.europesays.com\/es\/wp-content\/uploads\/2025\/11\/20251118_GalaPremios_ElNortedeCastilla_004.jpg\" class=\"v-a-img\" width=\"624\" height=\"900\" alt=\"As\u00ed ha transcurrido la gala de los II Premios El Norte\"\/><\/p>\n<p class=\"v-pill-m__c\">\n<p>Ampliar\n<\/p>\n<p><img decoding=\"async\" loading=\"lazy\" src=\"https:\/\/www.europesays.com\/es\/wp-content\/uploads\/2025\/11\/20251118_GalaPremios_ElNortedeCastilla_004.jpg\" class=\"v-mdl__img-z\" width=\"624\" height=\"900\" alt=\"As\u00ed ha transcurrido la gala de los II Premios El Norte\"\/><\/p>\n<p><img loading=\"lazy\" decoding=\"async\" src=\"https:\/\/www.europesays.com\/es\/wp-content\/uploads\/2025\/11\/20251118_GalaPremios_ElNortedeCastilla_004.jpg\" class=\"v-mdl__img-z\" width=\"624\" height=\"900\" alt=\"As\u00ed ha transcurrido la gala de los II Premios El Norte\"\/><\/p>\n<p><img decoding=\"async\" loading=\"lazy\" src=\"https:\/\/www.europesays.com\/es\/wp-content\/uploads\/2025\/11\/20251118_GalaPremios_ElNortedeCastilla_005.jpg\" class=\"v-a-img\" width=\"624\" height=\"900\" alt=\"As\u00ed ha transcurrido la gala de los II Premios El Norte\"\/><\/p>\n<p class=\"v-pill-m__c\">\n<p>Ampliar\n<\/p>\n<p><img decoding=\"async\" loading=\"lazy\" src=\"https:\/\/www.europesays.com\/es\/wp-content\/uploads\/2025\/11\/20251118_GalaPremios_ElNortedeCastilla_005.jpg\" class=\"v-mdl__img-z\" width=\"624\" height=\"900\" alt=\"As\u00ed ha transcurrido la gala de los II Premios El Norte\"\/><\/p>\n<p><img loading=\"lazy\" decoding=\"async\" src=\"https:\/\/www.europesays.com\/es\/wp-content\/uploads\/2025\/11\/20251118_GalaPremios_ElNortedeCastilla_005.jpg\" class=\"v-mdl__img-z\" width=\"624\" height=\"900\" alt=\"As\u00ed ha transcurrido la gala de los II Premios El Norte\"\/><\/p>\n<p><img decoding=\"async\" loading=\"lazy\" src=\"https:\/\/www.europesays.com\/es\/wp-content\/uploads\/2025\/11\/20251118_GalaPremios_ElNortedeCastilla_007.jpg\" class=\"v-a-img\" width=\"624\" height=\"900\" alt=\"As\u00ed ha transcurrido la gala de los II Premios El Norte\"\/><\/p>\n<p class=\"v-pill-m__c\">\n<p>Ampliar\n<\/p>\n<p><img decoding=\"async\" loading=\"lazy\" src=\"https:\/\/www.europesays.com\/es\/wp-content\/uploads\/2025\/11\/20251118_GalaPremios_ElNortedeCastilla_007.jpg\" class=\"v-mdl__img-z\" width=\"624\" height=\"900\" alt=\"As\u00ed ha transcurrido la gala de los II Premios El Norte\"\/><\/p>\n<p><img loading=\"lazy\" decoding=\"async\" src=\"https:\/\/www.europesays.com\/es\/wp-content\/uploads\/2025\/11\/20251118_GalaPremios_ElNortedeCastilla_007.jpg\" class=\"v-mdl__img-z\" width=\"624\" height=\"900\" alt=\"As\u00ed ha transcurrido la gala de los II Premios El Norte\"\/><\/p>\n<p><img decoding=\"async\" loading=\"lazy\" src=\"https:\/\/www.europesays.com\/es\/wp-content\/uploads\/2025\/11\/20251118_GalaPremios_ElNortedeCastilla_009.jpg\" class=\"v-a-img\" width=\"624\" height=\"900\" alt=\"As\u00ed ha transcurrido la gala de los II Premios El Norte\"\/><\/p>\n<p class=\"v-pill-m__c\">\n<p>Ampliar\n<\/p>\n<p><img decoding=\"async\" loading=\"lazy\" src=\"https:\/\/www.europesays.com\/es\/wp-content\/uploads\/2025\/11\/20251118_GalaPremios_ElNortedeCastilla_009.jpg\" class=\"v-mdl__img-z\" width=\"624\" height=\"900\" alt=\"As\u00ed ha transcurrido la gala de los II Premios El Norte\"\/><\/p>\n<p><img loading=\"lazy\" decoding=\"async\" src=\"https:\/\/www.europesays.com\/es\/wp-content\/uploads\/2025\/11\/20251118_GalaPremios_ElNortedeCastilla_009.jpg\" class=\"v-mdl__img-z\" width=\"624\" height=\"900\" alt=\"As\u00ed ha transcurrido la gala de los II Premios El Norte\"\/><\/p>\n<p><img decoding=\"async\" loading=\"lazy\" src=\"https:\/\/www.europesays.com\/es\/wp-content\/uploads\/2025\/11\/20251118_GalaPremios_ElNortedeCastilla_011.jpg\" class=\"v-a-img\" width=\"624\" height=\"900\" alt=\"As\u00ed ha transcurrido la gala de los II Premios El Norte\"\/><\/p>\n<p class=\"v-pill-m__c\">\n<p>Ampliar\n<\/p>\n<p><img decoding=\"async\" loading=\"lazy\" src=\"https:\/\/www.europesays.com\/es\/wp-content\/uploads\/2025\/11\/20251118_GalaPremios_ElNortedeCastilla_011.jpg\" class=\"v-mdl__img-z\" width=\"624\" height=\"900\" alt=\"As\u00ed ha transcurrido la gala de los II Premios El Norte\"\/><\/p>\n<p><img loading=\"lazy\" decoding=\"async\" src=\"https:\/\/www.europesays.com\/es\/wp-content\/uploads\/2025\/11\/20251118_GalaPremios_ElNortedeCastilla_011.jpg\" class=\"v-mdl__img-z\" width=\"624\" height=\"900\" alt=\"As\u00ed ha transcurrido la gala de los II Premios El Norte\"\/><\/p>\n<p><img decoding=\"async\" loading=\"lazy\" src=\"https:\/\/www.europesays.com\/es\/wp-content\/uploads\/2025\/11\/20251118_GalaPremios_ElNortedeCastilla_014.jpg\" class=\"v-a-img\" width=\"624\" height=\"900\" alt=\"As\u00ed ha transcurrido la gala de los II Premios El Norte\"\/><\/p>\n<p class=\"v-pill-m__c\">\n<p>Ampliar\n<\/p>\n<p><img decoding=\"async\" loading=\"lazy\" src=\"https:\/\/www.europesays.com\/es\/wp-content\/uploads\/2025\/11\/20251118_GalaPremios_ElNortedeCastilla_014.jpg\" class=\"v-mdl__img-z\" width=\"624\" height=\"900\" alt=\"As\u00ed ha transcurrido la gala de los II Premios El Norte\"\/><\/p>\n<p><img loading=\"lazy\" decoding=\"async\" src=\"https:\/\/www.europesays.com\/es\/wp-content\/uploads\/2025\/11\/20251118_GalaPremios_ElNortedeCastilla_014.jpg\" class=\"v-mdl__img-z\" width=\"624\" height=\"900\" alt=\"As\u00ed ha transcurrido la gala de los II Premios El Norte\"\/><\/p>\n<p><img decoding=\"async\" loading=\"lazy\" src=\"https:\/\/www.europesays.com\/es\/wp-content\/uploads\/2025\/11\/20251118_GalaPremios_ElNortedeCastilla_016.jpg\" class=\"v-a-img\" width=\"624\" height=\"900\" alt=\"As\u00ed ha transcurrido la gala de los II Premios El Norte\"\/><\/p>\n<p class=\"v-pill-m__c\">\n<p>Ampliar\n<\/p>\n<p><img decoding=\"async\" loading=\"lazy\" src=\"https:\/\/www.europesays.com\/es\/wp-content\/uploads\/2025\/11\/20251118_GalaPremios_ElNortedeCastilla_016.jpg\" class=\"v-mdl__img-z\" width=\"624\" height=\"900\" alt=\"As\u00ed ha transcurrido la gala de los II Premios El Norte\"\/><\/p>\n<p><img loading=\"lazy\" decoding=\"async\" src=\"https:\/\/www.europesays.com\/es\/wp-content\/uploads\/2025\/11\/20251118_GalaPremios_ElNortedeCastilla_016.jpg\" class=\"v-mdl__img-z\" width=\"624\" height=\"900\" alt=\"As\u00ed ha transcurrido la gala de los II Premios El Norte\"\/><\/p>\n<p><img decoding=\"async\" loading=\"lazy\" src=\"https:\/\/www.europesays.com\/es\/wp-content\/uploads\/2025\/11\/20251118_GalaPremios_ElNortedeCastilla_017.jpg\" class=\"v-a-img\" width=\"624\" height=\"900\" alt=\"As\u00ed ha transcurrido la gala de los II Premios El Norte\"\/><\/p>\n<p class=\"v-pill-m__c\">\n<p>Ampliar\n<\/p>\n<p><img decoding=\"async\" loading=\"lazy\" src=\"https:\/\/www.europesays.com\/es\/wp-content\/uploads\/2025\/11\/20251118_GalaPremios_ElNortedeCastilla_017.jpg\" class=\"v-mdl__img-z\" width=\"624\" height=\"900\" alt=\"As\u00ed ha transcurrido la gala de los II Premios El Norte\"\/><\/p>\n<p><img loading=\"lazy\" decoding=\"async\" src=\"https:\/\/www.europesays.com\/es\/wp-content\/uploads\/2025\/11\/20251118_GalaPremios_ElNortedeCastilla_017.jpg\" class=\"v-mdl__img-z\" width=\"624\" height=\"900\" alt=\"As\u00ed ha transcurrido la gala de los II Premios El Norte\"\/><\/p>\n<p><img decoding=\"async\" loading=\"lazy\" src=\"https:\/\/www.europesays.com\/es\/wp-content\/uploads\/2025\/11\/20251118_GalaPremios_ElNortedeCastilla_018.jpg\" class=\"v-a-img\" width=\"624\" height=\"900\" alt=\"As\u00ed ha transcurrido la gala de los II Premios El Norte\"\/><\/p>\n<p class=\"v-pill-m__c\">\n<p>Ampliar\n<\/p>\n<p><img decoding=\"async\" loading=\"lazy\" src=\"https:\/\/www.europesays.com\/es\/wp-content\/uploads\/2025\/11\/20251118_GalaPremios_ElNortedeCastilla_018.jpg\" class=\"v-mdl__img-z\" width=\"624\" height=\"900\" alt=\"As\u00ed ha transcurrido la gala de los II Premios El Norte\"\/><\/p>\n<p><img loading=\"lazy\" decoding=\"async\" src=\"https:\/\/www.europesays.com\/es\/wp-content\/uploads\/2025\/11\/20251118_GalaPremios_ElNortedeCastilla_018.jpg\" class=\"v-mdl__img-z\" width=\"624\" height=\"900\" alt=\"As\u00ed ha transcurrido la gala de los II Premios El Norte\"\/><\/p>\n<p><img decoding=\"async\" loading=\"lazy\" src=\"https:\/\/www.europesays.com\/es\/wp-content\/uploads\/2025\/11\/20251118_GalaPremios_ElNortedeCastilla_019.jpg\" class=\"v-a-img\" width=\"624\" height=\"900\" alt=\"As\u00ed ha transcurrido la gala de los II Premios El Norte\"\/><\/p>\n<p class=\"v-pill-m__c\">\n<p>Ampliar\n<\/p>\n<p><img decoding=\"async\" loading=\"lazy\" src=\"https:\/\/www.europesays.com\/es\/wp-content\/uploads\/2025\/11\/20251118_GalaPremios_ElNortedeCastilla_019.jpg\" class=\"v-mdl__img-z\" width=\"624\" height=\"900\" alt=\"As\u00ed ha transcurrido la gala de los II Premios El Norte\"\/><\/p>\n<p><img loading=\"lazy\" decoding=\"async\" src=\"https:\/\/www.europesays.com\/es\/wp-content\/uploads\/2025\/11\/20251118_GalaPremios_ElNortedeCastilla_019.jpg\" class=\"v-mdl__img-z\" width=\"624\" height=\"900\" alt=\"As\u00ed ha transcurrido la gala de los II Premios El Norte\"\/><\/p>\n<p><img decoding=\"async\" loading=\"lazy\" src=\"https:\/\/www.europesays.com\/es\/wp-content\/uploads\/2025\/11\/20251118_GalaPremios_ElNortedeCastilla_020.jpg\" class=\"v-a-img\" width=\"624\" height=\"900\" alt=\"As\u00ed ha transcurrido la gala de los II Premios El Norte\"\/><\/p>\n<p class=\"v-pill-m__c\">\n<p>Ampliar\n<\/p>\n<p><img decoding=\"async\" loading=\"lazy\" src=\"https:\/\/www.europesays.com\/es\/wp-content\/uploads\/2025\/11\/20251118_GalaPremios_ElNortedeCastilla_020.jpg\" class=\"v-mdl__img-z\" width=\"624\" height=\"900\" alt=\"As\u00ed ha transcurrido la gala de los II Premios El Norte\"\/><\/p>\n<p><img loading=\"lazy\" decoding=\"async\" src=\"https:\/\/www.europesays.com\/es\/wp-content\/uploads\/2025\/11\/20251118_GalaPremios_ElNortedeCastilla_020.jpg\" class=\"v-mdl__img-z\" width=\"624\" height=\"900\" alt=\"As\u00ed ha transcurrido la gala de los II Premios El Norte\"\/><\/p>\n<p><img decoding=\"async\" loading=\"lazy\" src=\"https:\/\/www.europesays.com\/es\/wp-content\/uploads\/2025\/11\/20251118_GalaPremios_ElNortedeCastilla_022.jpg\" class=\"v-a-img\" width=\"624\" height=\"900\" alt=\"As\u00ed ha transcurrido la gala de los II Premios El Norte\"\/><\/p>\n<p class=\"v-pill-m__c\">\n<p>Ampliar\n<\/p>\n<p><img decoding=\"async\" loading=\"lazy\" src=\"https:\/\/www.europesays.com\/es\/wp-content\/uploads\/2025\/11\/20251118_GalaPremios_ElNortedeCastilla_022.jpg\" class=\"v-mdl__img-z\" width=\"624\" height=\"900\" alt=\"As\u00ed ha transcurrido la gala de los II Premios El Norte\"\/><\/p>\n<p><img loading=\"lazy\" decoding=\"async\" src=\"https:\/\/www.europesays.com\/es\/wp-content\/uploads\/2025\/11\/20251118_GalaPremios_ElNortedeCastilla_022.jpg\" class=\"v-mdl__img-z\" width=\"624\" height=\"900\" alt=\"As\u00ed ha transcurrido la gala de los II Premios El Norte\"\/><\/p>\n<p><img decoding=\"async\" loading=\"lazy\" src=\"https:\/\/www.europesays.com\/es\/wp-content\/uploads\/2025\/11\/20251118_GalaPremios_ElNortedeCastilla_023.jpg\" class=\"v-a-img\" width=\"624\" height=\"900\" alt=\"As\u00ed ha transcurrido la gala de los II Premios El Norte\"\/><\/p>\n<p class=\"v-pill-m__c\">\n<p>Ampliar\n<\/p>\n<p><img decoding=\"async\" loading=\"lazy\" src=\"https:\/\/www.europesays.com\/es\/wp-content\/uploads\/2025\/11\/20251118_GalaPremios_ElNortedeCastilla_023.jpg\" class=\"v-mdl__img-z\" width=\"624\" height=\"900\" alt=\"As\u00ed ha transcurrido la gala de los II Premios El Norte\"\/><\/p>\n<p><img loading=\"lazy\" decoding=\"async\" src=\"https:\/\/www.europesays.com\/es\/wp-content\/uploads\/2025\/11\/20251118_GalaPremios_ElNortedeCastilla_023.jpg\" class=\"v-mdl__img-z\" width=\"624\" height=\"900\" alt=\"As\u00ed ha transcurrido la gala de los II Premios El Norte\"\/><\/p>\n<p><img decoding=\"async\" loading=\"lazy\" src=\"https:\/\/www.europesays.com\/es\/wp-content\/uploads\/2025\/11\/20251118_GalaPremios_ElNortedeCastilla_024.jpg\" class=\"v-a-img\" width=\"624\" height=\"900\" alt=\"As\u00ed ha transcurrido la gala de los II Premios El Norte\"\/><\/p>\n<p class=\"v-pill-m__c\">\n<p>Ampliar\n<\/p>\n<p><img decoding=\"async\" loading=\"lazy\" src=\"https:\/\/www.europesays.com\/es\/wp-content\/uploads\/2025\/11\/20251118_GalaPremios_ElNortedeCastilla_024.jpg\" class=\"v-mdl__img-z\" width=\"624\" height=\"900\" alt=\"As\u00ed ha transcurrido la gala de los II Premios El Norte\"\/><\/p>\n<p><img loading=\"lazy\" decoding=\"async\" src=\"https:\/\/www.europesays.com\/es\/wp-content\/uploads\/2025\/11\/20251118_GalaPremios_ElNortedeCastilla_024.jpg\" class=\"v-mdl__img-z\" width=\"624\" height=\"900\" alt=\"As\u00ed ha transcurrido la gala de los II Premios El Norte\"\/><\/p>\n<p><img decoding=\"async\" loading=\"lazy\" src=\"https:\/\/www.europesays.com\/es\/wp-content\/uploads\/2025\/11\/20251118_GalaPremios_ElNortedeCastilla_027.jpg\" class=\"v-a-img\" width=\"624\" height=\"900\" alt=\"As\u00ed ha transcurrido la gala de los II Premios El Norte\"\/><\/p>\n<p class=\"v-pill-m__c\">\n<p>Ampliar\n<\/p>\n<p><img decoding=\"async\" loading=\"lazy\" src=\"https:\/\/www.europesays.com\/es\/wp-content\/uploads\/2025\/11\/20251118_GalaPremios_ElNortedeCastilla_027.jpg\" class=\"v-mdl__img-z\" width=\"624\" height=\"900\" alt=\"As\u00ed ha transcurrido la gala de los II Premios El Norte\"\/><\/p>\n<p><img loading=\"lazy\" decoding=\"async\" src=\"https:\/\/www.europesays.com\/es\/wp-content\/uploads\/2025\/11\/20251118_GalaPremios_ElNortedeCastilla_027.jpg\" class=\"v-mdl__img-z\" width=\"624\" height=\"900\" alt=\"As\u00ed ha transcurrido la gala de los II Premios El Norte\"\/><\/p>\n<p><img decoding=\"async\" loading=\"lazy\" src=\"https:\/\/www.europesays.com\/es\/wp-content\/uploads\/2025\/11\/20251118_GalaPremios_ElNortedeCastilla_028.jpg\" class=\"v-a-img\" width=\"624\" height=\"900\" alt=\"As\u00ed ha transcurrido la gala de los II Premios El Norte\"\/><\/p>\n<p class=\"v-pill-m__c\">\n<p>Ampliar\n<\/p>\n<p><img decoding=\"async\" loading=\"lazy\" src=\"https:\/\/www.europesays.com\/es\/wp-content\/uploads\/2025\/11\/20251118_GalaPremios_ElNortedeCastilla_028.jpg\" class=\"v-mdl__img-z\" width=\"624\" height=\"900\" alt=\"As\u00ed ha transcurrido la gala de los II Premios El Norte\"\/><\/p>\n<p><img loading=\"lazy\" decoding=\"async\" src=\"https:\/\/www.europesays.com\/es\/wp-content\/uploads\/2025\/11\/20251118_GalaPremios_ElNortedeCastilla_028.jpg\" class=\"v-mdl__img-z\" width=\"624\" height=\"900\" alt=\"As\u00ed ha transcurrido la gala de los II Premios El Norte\"\/><\/p>\n<p><img decoding=\"async\" loading=\"lazy\" src=\"https:\/\/www.europesays.com\/es\/wp-content\/uploads\/2025\/11\/20251118_GalaPremios_ElNortedeCastilla_029.jpg\" class=\"v-a-img\" width=\"624\" height=\"900\" alt=\"As\u00ed ha transcurrido la gala de los II Premios El Norte\"\/><\/p>\n<p class=\"v-pill-m__c\">\n<p>Ampliar\n<\/p>\n<p><img decoding=\"async\" loading=\"lazy\" src=\"https:\/\/www.europesays.com\/es\/wp-content\/uploads\/2025\/11\/20251118_GalaPremios_ElNortedeCastilla_029.jpg\" class=\"v-mdl__img-z\" width=\"624\" height=\"900\" alt=\"As\u00ed ha transcurrido la gala de los II Premios El Norte\"\/><\/p>\n<p><img loading=\"lazy\" decoding=\"async\" src=\"https:\/\/www.europesays.com\/es\/wp-content\/uploads\/2025\/11\/20251118_GalaPremios_ElNortedeCastilla_029.jpg\" class=\"v-mdl__img-z\" width=\"624\" height=\"900\" alt=\"As\u00ed ha transcurrido la gala de los II Premios El Norte\"\/><\/p>\n<p><img decoding=\"async\" loading=\"lazy\" src=\"https:\/\/www.europesays.com\/es\/wp-content\/uploads\/2025\/11\/20251118_GalaPremios_ElNortedeCastilla_033.jpg\" class=\"v-a-img\" width=\"624\" height=\"900\" alt=\"As\u00ed ha transcurrido la gala de los II Premios El Norte\"\/><\/p>\n<p class=\"v-pill-m__c\">\n<p>Ampliar\n<\/p>\n<p><img decoding=\"async\" loading=\"lazy\" src=\"https:\/\/www.europesays.com\/es\/wp-content\/uploads\/2025\/11\/20251118_GalaPremios_ElNortedeCastilla_033.jpg\" class=\"v-mdl__img-z\" width=\"624\" height=\"900\" alt=\"As\u00ed ha transcurrido la gala de los II Premios El Norte\"\/><\/p>\n<p><img loading=\"lazy\" decoding=\"async\" src=\"https:\/\/www.europesays.com\/es\/wp-content\/uploads\/2025\/11\/20251118_GalaPremios_ElNortedeCastilla_033.jpg\" class=\"v-mdl__img-z\" width=\"624\" height=\"900\" alt=\"As\u00ed ha transcurrido la gala de los II Premios El Norte\"\/><\/p>\n<p><img decoding=\"async\" loading=\"lazy\" src=\"https:\/\/www.europesays.com\/es\/wp-content\/uploads\/2025\/11\/20251118_GalaPremios_ElNortedeCastilla_034.jpg\" class=\"v-a-img\" width=\"624\" height=\"900\" alt=\"As\u00ed ha transcurrido la gala de los II Premios El Norte\"\/><\/p>\n<p class=\"v-pill-m__c\">\n<p>Ampliar\n<\/p>\n<p><img decoding=\"async\" loading=\"lazy\" src=\"https:\/\/www.europesays.com\/es\/wp-content\/uploads\/2025\/11\/20251118_GalaPremios_ElNortedeCastilla_034.jpg\" class=\"v-mdl__img-z\" width=\"624\" height=\"900\" alt=\"As\u00ed ha transcurrido la gala de los II Premios El Norte\"\/><\/p>\n<p><img loading=\"lazy\" decoding=\"async\" src=\"https:\/\/www.europesays.com\/es\/wp-content\/uploads\/2025\/11\/20251118_GalaPremios_ElNortedeCastilla_034.jpg\" class=\"v-mdl__img-z\" width=\"624\" height=\"900\" alt=\"As\u00ed ha transcurrido la gala de los II Premios El Norte\"\/><\/p>\n<p><img decoding=\"async\" loading=\"lazy\" src=\"https:\/\/www.europesays.com\/es\/wp-content\/uploads\/2025\/11\/20251118_GalaPremios_ElNortedeCastilla_035.jpg\" class=\"v-a-img\" width=\"624\" height=\"900\" alt=\"As\u00ed ha transcurrido la gala de los II Premios El Norte\"\/><\/p>\n<p class=\"v-pill-m__c\">\n<p>Ampliar\n<\/p>\n<p><img decoding=\"async\" loading=\"lazy\" src=\"https:\/\/www.europesays.com\/es\/wp-content\/uploads\/2025\/11\/20251118_GalaPremios_ElNortedeCastilla_035.jpg\" class=\"v-mdl__img-z\" width=\"624\" height=\"900\" alt=\"As\u00ed ha transcurrido la gala de los II Premios El Norte\"\/><\/p>\n<p><img loading=\"lazy\" decoding=\"async\" src=\"https:\/\/www.europesays.com\/es\/wp-content\/uploads\/2025\/11\/20251118_GalaPremios_ElNortedeCastilla_035.jpg\" class=\"v-mdl__img-z\" width=\"624\" height=\"900\" alt=\"As\u00ed ha transcurrido la gala de los II Premios El Norte\"\/><\/p>\n<p><img decoding=\"async\" loading=\"lazy\" src=\"https:\/\/www.europesays.com\/es\/wp-content\/uploads\/2025\/11\/20251118_GalaPremios_ElNortedeCastilla_036.jpg\" class=\"v-a-img\" width=\"624\" height=\"900\" alt=\"As\u00ed ha transcurrido la gala de los II Premios El Norte\"\/><\/p>\n<p class=\"v-pill-m__c\">\n<p>Ampliar\n<\/p>\n<p><img decoding=\"async\" loading=\"lazy\" src=\"https:\/\/www.europesays.com\/es\/wp-content\/uploads\/2025\/11\/20251118_GalaPremios_ElNortedeCastilla_036.jpg\" class=\"v-mdl__img-z\" width=\"624\" height=\"900\" alt=\"As\u00ed ha transcurrido la gala de los II Premios El Norte\"\/><\/p>\n<p><img loading=\"lazy\" decoding=\"async\" src=\"https:\/\/www.europesays.com\/es\/wp-content\/uploads\/2025\/11\/20251118_GalaPremios_ElNortedeCastilla_036.jpg\" class=\"v-mdl__img-z\" width=\"624\" height=\"900\" alt=\"As\u00ed ha transcurrido la gala de los II Premios El Norte\"\/><\/p>\n<p><img decoding=\"async\" loading=\"lazy\" src=\"https:\/\/www.europesays.com\/es\/wp-content\/uploads\/2025\/11\/20251118_GalaPremios_ElNortedeCastilla_037.jpg\" class=\"v-a-img\" width=\"624\" height=\"900\" alt=\"As\u00ed ha transcurrido la gala de los II Premios El Norte\"\/><\/p>\n<p class=\"v-pill-m__c\">\n<p>Ampliar\n<\/p>\n<p><img decoding=\"async\" loading=\"lazy\" src=\"https:\/\/www.europesays.com\/es\/wp-content\/uploads\/2025\/11\/20251118_GalaPremios_ElNortedeCastilla_037.jpg\" class=\"v-mdl__img-z\" width=\"624\" height=\"900\" alt=\"As\u00ed ha transcurrido la gala de los II Premios El Norte\"\/><\/p>\n<p><img loading=\"lazy\" decoding=\"async\" src=\"https:\/\/www.europesays.com\/es\/wp-content\/uploads\/2025\/11\/20251118_GalaPremios_ElNortedeCastilla_037.jpg\" class=\"v-mdl__img-z\" width=\"624\" height=\"900\" alt=\"As\u00ed ha transcurrido la gala de los II Premios El Norte\"\/><\/p>\n<p><img decoding=\"async\" loading=\"lazy\" src=\"https:\/\/www.europesays.com\/es\/wp-content\/uploads\/2025\/11\/20251118_GalaPremios_ElNortedeCastilla_038.jpg\" class=\"v-a-img\" width=\"624\" height=\"900\" alt=\"As\u00ed ha transcurrido la gala de los II Premios El Norte\"\/><\/p>\n<p class=\"v-pill-m__c\">\n<p>Ampliar\n<\/p>\n<p><img decoding=\"async\" loading=\"lazy\" src=\"https:\/\/www.europesays.com\/es\/wp-content\/uploads\/2025\/11\/20251118_GalaPremios_ElNortedeCastilla_038.jpg\" class=\"v-mdl__img-z\" width=\"624\" height=\"900\" alt=\"As\u00ed ha transcurrido la gala de los II Premios El Norte\"\/><\/p>\n<p><img loading=\"lazy\" decoding=\"async\" src=\"https:\/\/www.europesays.com\/es\/wp-content\/uploads\/2025\/11\/20251118_GalaPremios_ElNortedeCastilla_038.jpg\" class=\"v-mdl__img-z\" width=\"624\" height=\"900\" alt=\"As\u00ed ha transcurrido la gala de los II Premios El Norte\"\/><\/p>\n<p><img decoding=\"async\" loading=\"lazy\" src=\"https:\/\/www.europesays.com\/es\/wp-content\/uploads\/2025\/11\/20251118_GalaPremios_ElNortedeCastilla_041.jpg\" class=\"v-a-img\" width=\"624\" height=\"900\" alt=\"As\u00ed ha transcurrido la gala de los II Premios El Norte\"\/><\/p>\n<p class=\"v-pill-m__c\">\n<p>Ampliar\n<\/p>\n<p><img decoding=\"async\" loading=\"lazy\" src=\"https:\/\/www.europesays.com\/es\/wp-content\/uploads\/2025\/11\/20251118_GalaPremios_ElNortedeCastilla_041.jpg\" class=\"v-mdl__img-z\" width=\"624\" height=\"900\" alt=\"As\u00ed ha transcurrido la gala de los II Premios El Norte\"\/><\/p>\n<p><img loading=\"lazy\" decoding=\"async\" src=\"https:\/\/www.europesays.com\/es\/wp-content\/uploads\/2025\/11\/20251118_GalaPremios_ElNortedeCastilla_041.jpg\" class=\"v-mdl__img-z\" width=\"624\" height=\"900\" alt=\"As\u00ed ha transcurrido la gala de los II Premios El Norte\"\/><\/p>\n<p><img decoding=\"async\" loading=\"lazy\" src=\"https:\/\/www.europesays.com\/es\/wp-content\/uploads\/2025\/11\/20251118_GalaPremios_ElNortedeCastilla_042.jpg\" class=\"v-a-img\" width=\"624\" height=\"900\" alt=\"As\u00ed ha transcurrido la gala de los II Premios El Norte\"\/><\/p>\n<p class=\"v-pill-m__c\">\n<p>Ampliar\n<\/p>\n<p><img decoding=\"async\" loading=\"lazy\" src=\"https:\/\/www.europesays.com\/es\/wp-content\/uploads\/2025\/11\/20251118_GalaPremios_ElNortedeCastilla_042.jpg\" class=\"v-mdl__img-z\" width=\"624\" height=\"900\" alt=\"As\u00ed ha transcurrido la gala de los II Premios El Norte\"\/><\/p>\n<p><img loading=\"lazy\" decoding=\"async\" src=\"https:\/\/www.europesays.com\/es\/wp-content\/uploads\/2025\/11\/20251118_GalaPremios_ElNortedeCastilla_042.jpg\" class=\"v-mdl__img-z\" width=\"624\" height=\"900\" alt=\"As\u00ed ha transcurrido la gala de los II Premios El Norte\"\/><\/p>\n<p><img decoding=\"async\" loading=\"lazy\" src=\"https:\/\/www.europesays.com\/es\/wp-content\/uploads\/2025\/11\/20251118_GalaPremios_ElNortedeCastilla_043.jpg\" class=\"v-a-img\" width=\"624\" height=\"900\" alt=\"As\u00ed ha transcurrido la gala de los II Premios El Norte\"\/><\/p>\n<p class=\"v-pill-m__c\">\n<p>Ampliar\n<\/p>\n<p><img decoding=\"async\" loading=\"lazy\" src=\"https:\/\/www.europesays.com\/es\/wp-content\/uploads\/2025\/11\/20251118_GalaPremios_ElNortedeCastilla_043.jpg\" class=\"v-mdl__img-z\" width=\"624\" height=\"900\" alt=\"As\u00ed ha transcurrido la gala de los II Premios El Norte\"\/><\/p>\n<p><img loading=\"lazy\" decoding=\"async\" src=\"https:\/\/www.europesays.com\/es\/wp-content\/uploads\/2025\/11\/20251118_GalaPremios_ElNortedeCastilla_043.jpg\" class=\"v-mdl__img-z\" width=\"624\" height=\"900\" alt=\"As\u00ed ha transcurrido la gala de los II Premios El Norte\"\/><\/p>\n<p><img decoding=\"async\" loading=\"lazy\" src=\"https:\/\/www.europesays.com\/es\/wp-content\/uploads\/2025\/11\/20251118_GalaPremios_ElNortedeCastilla_044.jpg\" class=\"v-a-img\" width=\"624\" height=\"900\" alt=\"As\u00ed ha transcurrido la gala de los II Premios El Norte\"\/><\/p>\n<p class=\"v-pill-m__c\">\n<p>Ampliar\n<\/p>\n<p><img decoding=\"async\" loading=\"lazy\" src=\"https:\/\/www.europesays.com\/es\/wp-content\/uploads\/2025\/11\/20251118_GalaPremios_ElNortedeCastilla_044.jpg\" class=\"v-mdl__img-z\" width=\"624\" height=\"900\" alt=\"As\u00ed ha transcurrido la gala de los II Premios El Norte\"\/><\/p>\n<p><img loading=\"lazy\" decoding=\"async\" src=\"https:\/\/www.europesays.com\/es\/wp-content\/uploads\/2025\/11\/20251118_GalaPremios_ElNortedeCastilla_044.jpg\" class=\"v-mdl__img-z\" width=\"624\" height=\"900\" alt=\"As\u00ed ha transcurrido la gala de los II Premios El Norte\"\/><\/p>\n<p><img decoding=\"async\" loading=\"lazy\" src=\"https:\/\/www.europesays.com\/es\/wp-content\/uploads\/2025\/11\/20251118_GalaPremios_ElNortedeCastilla_045.jpg\" class=\"v-a-img\" width=\"624\" height=\"900\" alt=\"As\u00ed ha transcurrido la gala de los II Premios El Norte\"\/><\/p>\n<p class=\"v-pill-m__c\">\n<p>Ampliar\n<\/p>\n<p><img decoding=\"async\" loading=\"lazy\" src=\"https:\/\/www.europesays.com\/es\/wp-content\/uploads\/2025\/11\/20251118_GalaPremios_ElNortedeCastilla_045.jpg\" class=\"v-mdl__img-z\" width=\"624\" height=\"900\" alt=\"As\u00ed ha transcurrido la gala de los II Premios El Norte\"\/><\/p>\n<p><img loading=\"lazy\" decoding=\"async\" src=\"https:\/\/www.europesays.com\/es\/wp-content\/uploads\/2025\/11\/20251118_GalaPremios_ElNortedeCastilla_045.jpg\" class=\"v-mdl__img-z\" width=\"624\" height=\"900\" alt=\"As\u00ed ha transcurrido la gala de los II Premios El Norte\"\/><\/p>\n<p><img decoding=\"async\" loading=\"lazy\" src=\"https:\/\/www.europesays.com\/es\/wp-content\/uploads\/2025\/11\/20251118_GalaPremios_ElNortedeCastilla_046.jpg\" class=\"v-a-img\" width=\"624\" height=\"900\" alt=\"As\u00ed ha transcurrido la gala de los II Premios El Norte\"\/><\/p>\n<p class=\"v-pill-m__c\">\n<p>Ampliar\n<\/p>\n<p><img decoding=\"async\" loading=\"lazy\" src=\"https:\/\/www.europesays.com\/es\/wp-content\/uploads\/2025\/11\/20251118_GalaPremios_ElNortedeCastilla_046.jpg\" class=\"v-mdl__img-z\" width=\"624\" height=\"900\" alt=\"As\u00ed ha transcurrido la gala de los II Premios El Norte\"\/><\/p>\n<p><img loading=\"lazy\" decoding=\"async\" src=\"https:\/\/www.europesays.com\/es\/wp-content\/uploads\/2025\/11\/20251118_GalaPremios_ElNortedeCastilla_046.jpg\" class=\"v-mdl__img-z\" width=\"624\" height=\"900\" alt=\"As\u00ed ha transcurrido la gala de los II Premios El Norte\"\/><\/p>\n<p><img decoding=\"async\" loading=\"lazy\" src=\"https:\/\/www.europesays.com\/es\/wp-content\/uploads\/2025\/11\/20251118_GalaPremios_ElNortedeCastilla_048.jpg\" class=\"v-a-img\" width=\"624\" height=\"900\" alt=\"As\u00ed ha transcurrido la gala de los II Premios El Norte\"\/><\/p>\n<p class=\"v-pill-m__c\">\n<p>Ampliar\n<\/p>\n<p><img decoding=\"async\" loading=\"lazy\" src=\"https:\/\/www.europesays.com\/es\/wp-content\/uploads\/2025\/11\/20251118_GalaPremios_ElNortedeCastilla_048.jpg\" class=\"v-mdl__img-z\" width=\"624\" height=\"900\" alt=\"As\u00ed ha transcurrido la gala de los II Premios El Norte\"\/><\/p>\n<p><img loading=\"lazy\" decoding=\"async\" src=\"https:\/\/www.europesays.com\/es\/wp-content\/uploads\/2025\/11\/20251118_GalaPremios_ElNortedeCastilla_048.jpg\" class=\"v-mdl__img-z\" width=\"624\" height=\"900\" alt=\"As\u00ed ha transcurrido la gala de los II Premios El Norte\"\/><\/p>\n<p><img decoding=\"async\" loading=\"lazy\" src=\"https:\/\/www.europesays.com\/es\/wp-content\/uploads\/2025\/11\/20251118_GalaPremios_ElNortedeCastilla_049.jpg\" class=\"v-a-img\" width=\"624\" height=\"900\" alt=\"As\u00ed ha transcurrido la gala de los II Premios El Norte\"\/><\/p>\n<p class=\"v-pill-m__c\">\n<p>Ampliar\n<\/p>\n<p><img decoding=\"async\" loading=\"lazy\" src=\"https:\/\/www.europesays.com\/es\/wp-content\/uploads\/2025\/11\/20251118_GalaPremios_ElNortedeCastilla_049.jpg\" class=\"v-mdl__img-z\" width=\"624\" height=\"900\" alt=\"As\u00ed ha transcurrido la gala de los II Premios El Norte\"\/><\/p>\n<p><img loading=\"lazy\" decoding=\"async\" src=\"https:\/\/www.europesays.com\/es\/wp-content\/uploads\/2025\/11\/20251118_GalaPremios_ElNortedeCastilla_049.jpg\" class=\"v-mdl__img-z\" width=\"624\" height=\"900\" alt=\"As\u00ed ha transcurrido la gala de los II Premios El Norte\"\/><\/p>\n<p><img decoding=\"async\" loading=\"lazy\" src=\"https:\/\/www.europesays.com\/es\/wp-content\/uploads\/2025\/11\/20251118_GalaPremios_ElNortedeCastilla_050.jpg\" class=\"v-a-img\" width=\"624\" height=\"900\" alt=\"As\u00ed ha transcurrido la gala de los II Premios El Norte\"\/><\/p>\n<p class=\"v-pill-m__c\">\n<p>Ampliar\n<\/p>\n<p><img decoding=\"async\" loading=\"lazy\" src=\"https:\/\/www.europesays.com\/es\/wp-content\/uploads\/2025\/11\/20251118_GalaPremios_ElNortedeCastilla_050.jpg\" class=\"v-mdl__img-z\" width=\"624\" height=\"900\" alt=\"As\u00ed ha transcurrido la gala de los II Premios El Norte\"\/><\/p>\n<p><img loading=\"lazy\" decoding=\"async\" src=\"https:\/\/www.europesays.com\/es\/wp-content\/uploads\/2025\/11\/20251118_GalaPremios_ElNortedeCastilla_050.jpg\" class=\"v-mdl__img-z\" width=\"624\" height=\"900\" alt=\"As\u00ed ha transcurrido la gala de los II Premios El Norte\"\/><\/p>\n<p><img decoding=\"async\" loading=\"lazy\" src=\"https:\/\/www.europesays.com\/es\/wp-content\/uploads\/2025\/11\/20251118_GalaPremios_ElNortedeCastilla_051.jpg\" class=\"v-a-img\" width=\"624\" height=\"900\" alt=\"As\u00ed ha transcurrido la gala de los II Premios El Norte\"\/><\/p>\n<p class=\"v-pill-m__c\">\n<p>Ampliar\n<\/p>\n<p><img decoding=\"async\" loading=\"lazy\" src=\"https:\/\/www.europesays.com\/es\/wp-content\/uploads\/2025\/11\/20251118_GalaPremios_ElNortedeCastilla_051.jpg\" class=\"v-mdl__img-z\" width=\"624\" height=\"900\" alt=\"As\u00ed ha transcurrido la gala de los II Premios El Norte\"\/><\/p>\n<p><img loading=\"lazy\" decoding=\"async\" src=\"https:\/\/www.europesays.com\/es\/wp-content\/uploads\/2025\/11\/20251118_GalaPremios_ElNortedeCastilla_051.jpg\" class=\"v-mdl__img-z\" width=\"624\" height=\"900\" alt=\"As\u00ed ha transcurrido la gala de los II Premios El Norte\"\/><\/p>\n<p><img decoding=\"async\" loading=\"lazy\" src=\"https:\/\/www.europesays.com\/es\/wp-content\/uploads\/2025\/11\/20251118_GalaPremios_ElNortedeCastilla_052.jpg\" class=\"v-a-img\" width=\"624\" height=\"900\" alt=\"As\u00ed ha transcurrido la gala de los II Premios El Norte\"\/><\/p>\n<p class=\"v-pill-m__c\">\n<p>Ampliar\n<\/p>\n<p><img decoding=\"async\" loading=\"lazy\" src=\"https:\/\/www.europesays.com\/es\/wp-content\/uploads\/2025\/11\/20251118_GalaPremios_ElNortedeCastilla_052.jpg\" class=\"v-mdl__img-z\" width=\"624\" height=\"900\" alt=\"As\u00ed ha transcurrido la gala de los II Premios El Norte\"\/><\/p>\n<p><img loading=\"lazy\" decoding=\"async\" src=\"https:\/\/www.europesays.com\/es\/wp-content\/uploads\/2025\/11\/20251118_GalaPremios_ElNortedeCastilla_052.jpg\" class=\"v-mdl__img-z\" width=\"624\" height=\"900\" alt=\"As\u00ed ha transcurrido la gala de los II Premios El Norte\"\/><\/p>\n<p><img decoding=\"async\" loading=\"lazy\" src=\"https:\/\/www.europesays.com\/es\/wp-content\/uploads\/2025\/11\/20251118_GalaPremios_ElNortedeCastilla_053.jpg\" class=\"v-a-img\" width=\"624\" height=\"900\" alt=\"As\u00ed ha transcurrido la gala de los II Premios El Norte\"\/><\/p>\n<p class=\"v-pill-m__c\">\n<p>Ampliar\n<\/p>\n<p><img decoding=\"async\" loading=\"lazy\" src=\"https:\/\/www.europesays.com\/es\/wp-content\/uploads\/2025\/11\/20251118_GalaPremios_ElNortedeCastilla_053.jpg\" class=\"v-mdl__img-z\" width=\"624\" height=\"900\" alt=\"As\u00ed ha transcurrido la gala de los II Premios El Norte\"\/><\/p>\n<p><img loading=\"lazy\" decoding=\"async\" src=\"https:\/\/www.europesays.com\/es\/wp-content\/uploads\/2025\/11\/20251118_GalaPremios_ElNortedeCastilla_053.jpg\" class=\"v-mdl__img-z\" width=\"624\" height=\"900\" alt=\"As\u00ed ha transcurrido la gala de los II Premios El Norte\"\/><\/p>\n<p><img decoding=\"async\" loading=\"lazy\" src=\"https:\/\/www.europesays.com\/es\/wp-content\/uploads\/2025\/11\/20251118_GalaPremios_ElNortedeCastilla_055.jpg\" class=\"v-a-img\" width=\"624\" height=\"900\" alt=\"As\u00ed ha transcurrido la gala de los II Premios El Norte\"\/><\/p>\n<p class=\"v-pill-m__c\">\n<p>Ampliar\n<\/p>\n<p><img decoding=\"async\" loading=\"lazy\" src=\"https:\/\/www.europesays.com\/es\/wp-content\/uploads\/2025\/11\/20251118_GalaPremios_ElNortedeCastilla_055.jpg\" class=\"v-mdl__img-z\" width=\"624\" height=\"900\" alt=\"As\u00ed ha transcurrido la gala de los II Premios El Norte\"\/><\/p>\n<p><img loading=\"lazy\" decoding=\"async\" src=\"https:\/\/www.europesays.com\/es\/wp-content\/uploads\/2025\/11\/20251118_GalaPremios_ElNortedeCastilla_055.jpg\" class=\"v-mdl__img-z\" width=\"624\" height=\"900\" alt=\"As\u00ed ha transcurrido la gala de los II Premios El Norte\"\/><\/p>\n<p><img decoding=\"async\" loading=\"lazy\" src=\"https:\/\/www.europesays.com\/es\/wp-content\/uploads\/2025\/11\/20251118_GalaPremios_ElNortedeCastilla_057.jpg\" class=\"v-a-img\" width=\"624\" height=\"900\" alt=\"As\u00ed ha transcurrido la gala de los II Premios El Norte\"\/><\/p>\n<p class=\"v-pill-m__c\">\n<p>Ampliar\n<\/p>\n<p><img decoding=\"async\" loading=\"lazy\" src=\"https:\/\/www.europesays.com\/es\/wp-content\/uploads\/2025\/11\/20251118_GalaPremios_ElNortedeCastilla_057.jpg\" class=\"v-mdl__img-z\" width=\"624\" height=\"900\" alt=\"As\u00ed ha transcurrido la gala de los II Premios El Norte\"\/><\/p>\n<p><img loading=\"lazy\" decoding=\"async\" src=\"https:\/\/www.europesays.com\/es\/wp-content\/uploads\/2025\/11\/20251118_GalaPremios_ElNortedeCastilla_057.jpg\" class=\"v-mdl__img-z\" width=\"624\" height=\"900\" alt=\"As\u00ed ha transcurrido la gala de los II Premios El Norte\"\/><\/p>\n<ul class=\"v-mdl-tpc__u\">\n<li class=\"v-mdl-tpc__l\">\n<p>Temas<\/p>\n<\/li>\n<li class=\"v-mdl-tpc__l\">\n<a class=\"v-mdl-tpc__a v-btn v-btn-s\" href=\"https:\/\/www.elnortedecastilla.es\/temas\/entidades\/junta-de-castilla-y-leon.html\" title=\"Junta de Castilla y Le\u00f3n\" data-mrf-link=\"https:\/\/www.elnortedecastilla.es\/temas\/entidades\/junta-de-castilla-y-leon.html\" rel=\"nofollow noopener\" target=\"_blank\"><br \/>\nJunta de Castilla y Le\u00f3n<br \/>\n<\/a>\n<\/li>\n<li class=\"v-mdl-tpc__l\">\n<a class=\"v-mdl-tpc__a v-btn v-btn-s\" href=\"https:\/\/www.elnortedecastilla.es\/temas\/entidades\/seminci.html\" title=\"Semana Internacional de Cine de Valladolid (SEMINCI)\" data-mrf-link=\"https:\/\/www.elnortedecastilla.es\/temas\/entidades\/seminci.html\" rel=\"nofollow noopener\" target=\"_blank\"><br \/>\nSemana Internacional de Cine de Valladolid (SEMINCI)<br \/>\n<\/a>\n<\/li>\n<li class=\"v-mdl-tpc__l\">\n<a class=\"v-mdl-tpc__a v-btn v-btn-s\" href=\"https:\/\/www.elnortedecastilla.es\/temas\/lugares\/arroyo-de-la-encomienda.html\" title=\"Arroyo de la Encomienda\" data-mrf-link=\"https:\/\/www.elnortedecastilla.es\/temas\/lugares\/arroyo-de-la-encomienda.html\" rel=\"nofollow noopener\" target=\"_blank\"><br \/>\nArroyo de la Encomienda<br \/>\n<\/a>\n<\/li>\n<li class=\"v-mdl-tpc__l\">\n<a class=\"v-mdl-tpc__a v-btn v-btn-s\" href=\"https:\/\/www.elnortedecastilla.es\/temas\/lugares\/castilla-y-leon.html\" title=\"Castilla y Le\u00f3n\" data-mrf-link=\"https:\/\/www.elnortedecastilla.es\/temas\/lugares\/castilla-y-leon.html\" rel=\"nofollow noopener\" target=\"_blank\"><br \/>\nCastilla y Le\u00f3n<br \/>\n<\/a>\n<\/li>\n<li class=\"v-mdl-tpc__l\">\n<a class=\"v-mdl-tpc__a v-btn v-btn-s\" href=\"https:\/\/www.elnortedecastilla.es\/temas\/entidades\/asociacion-espanola-contra-el-cancer.html\" title=\"Asociaci\u00f3n Espa\u00f1ola Contra el C\u00e1ncer\" data-mrf-link=\"https:\/\/www.elnortedecastilla.es\/temas\/entidades\/asociacion-espanola-contra-el-cancer.html\" rel=\"nofollow noopener\" target=\"_blank\"><br \/>\nAsociaci\u00f3n Espa\u00f1ola Contra el C\u00e1ncer<br \/>\n<\/a>\n<\/li>\n<li class=\"v-mdl-tpc__l\">\n<a class=\"v-mdl-tpc__a v-btn v-btn-s\" href=\"https:\/\/www.elnortedecastilla.es\/temas\/entidades\/el-norte-de-castilla.html\" title=\"El Norte de Castilla\" data-mrf-link=\"https:\/\/www.elnortedecastilla.es\/temas\/entidades\/el-norte-de-castilla.html\" rel=\"nofollow noopener\" target=\"_blank\"><br \/>\nEl Norte de Castilla<br \/>\n<\/a>\n<\/li>\n<\/ul>\n","protected":false},"excerpt":{"rendered":"Jos\u00e9 Carlos Castillo Valladolid Martes, 18 de noviembre 2025, 23:20 Modo oscuro Compartir En una noche pensada para&hellip;\n","protected":false},"author":2,"featured_media":246002,"comment_status":"","ping_status":"","sticky":false,"template":"","format":"standard","meta":{"footnotes":""},"categories":[170],"tags":[146,147,25,24,1649,184,185,3449,532,23,62826],"class_list":{"0":"post-246001","1":"post","2":"type-post","3":"status-publish","4":"format-standard","5":"has-post-thumbnail","7":"category-musica","8":"tag-entertainment","9":"tag-entretenimiento","10":"tag-es","11":"tag-espana","12":"tag-gala","13":"tag-music","14":"tag-musica","15":"tag-norte","16":"tag-premios","17":"tag-spain","18":"tag-transcurrido"},"share_on_mastodon":{"url":"https:\/\/pubeurope.com\/@es\/115581130431756037","error":""},"_links":{"self":[{"href":"https:\/\/www.europesays.com\/es\/wp-json\/wp\/v2\/posts\/246001","targetHints":{"allow":["GET"]}}],"collection":[{"href":"https:\/\/www.europesays.com\/es\/wp-json\/wp\/v2\/posts"}],"about":[{"href":"https:\/\/www.europesays.com\/es\/wp-json\/wp\/v2\/types\/post"}],"author":[{"embeddable":true,"href":"https:\/\/www.europesays.com\/es\/wp-json\/wp\/v2\/users\/2"}],"replies":[{"embeddable":true,"href":"https:\/\/www.europesays.com\/es\/wp-json\/wp\/v2\/comments?post=246001"}],"version-history":[{"count":0,"href":"https:\/\/www.europesays.com\/es\/wp-json\/wp\/v2\/posts\/246001\/revisions"}],"wp:featuredmedia":[{"embeddable":true,"href":"https:\/\/www.europesays.com\/es\/wp-json\/wp\/v2\/media\/246002"}],"wp:attachment":[{"href":"https:\/\/www.europesays.com\/es\/wp-json\/wp\/v2\/media?parent=246001"}],"wp:term":[{"taxonomy":"category","embeddable":true,"href":"https:\/\/www.europesays.com\/es\/wp-json\/wp\/v2\/categories?post=246001"},{"taxonomy":"post_tag","embeddable":true,"href":"https:\/\/www.europesays.com\/es\/wp-json\/wp\/v2\/tags?post=246001"}],"curies":[{"name":"wp","href":"https:\/\/api.w.org\/{rel}","templated":true}]}}