{"id":246023,"date":"2025-11-20T09:01:28","date_gmt":"2025-11-20T09:01:28","guid":{"rendered":"https:\/\/www.europesays.com\/es\/246023\/"},"modified":"2025-11-20T09:01:28","modified_gmt":"2025-11-20T09:01:28","slug":"urgencias-para-acondicionar-el-vestuario-local-del-camp-nou","status":"publish","type":"post","link":"https:\/\/www.europesays.com\/es\/246023\/","title":{"rendered":"Urgencias para acondicionar el vestuario local del Camp Nou"},"content":{"rendered":"<p class=\"\">Poco a poco todo se est\u00e1 ultimando para poder <b>estrenar<\/b> el <b>nuevo Camp Nou<\/b> el pr\u00f3ximo s\u00e1bado con la visita del Athletic. Sin embargo, hay algunos <b>detalles <\/b>que todav\u00eda est\u00e1n<b> por acabar,<\/b> entre ellos, el <b>vestuario local. <\/b>Tras conocerse oficialmente el lunes que <a href=\"https:\/\/as.com\/futbol\/primera\/el-barca-regresara-al-camp-nou-el-22-de-noviembre-f202511-n\/\" target=\"_self\" rel=\"nofollow noopener\" title=\"https:\/\/as.com\/futbol\/primera\/el-barca-regresara-al-camp-nou-el-22-de-noviembre-f202511-n\/\">el debut ser\u00e1 el 22 de noviembre<\/a>, en el club se han dado \u00f3rdenes espec\u00edficas para concluir el acondicionamiento del vestuario local, una de las joyas de la corona del nuevo estadio blaugrana. <\/p>\n<p><a href=\"https:\/\/as.com\/resultados\/ficha\/equipo\/barcelona\/3\/\" rel=\"nofollow noopener\" target=\"_blank\"><img decoding=\"async\" src=\"https:\/\/www.europesays.com\/es\/wp-content\/uploads\/2025\/11\/1763629279_990_3.png\" alt=\"Urgencias para acondicionar el vestuario local del Camp Nou\" height=\"80\" width=\"80\"  loading=\"lazy\" data-error-image=\"https:\/\/static.as.com\/dist\/resources\/images\/placeholder-team.png\"\/><\/a><\/p>\n<p class=\"\">De hecho, en la<b> \u00faltima visita<\/b> de la plantilla blaugrana al Camp Nou, el pasado 7 de noviembre, con motivo del <a href=\"https:\/\/as.com\/futbol\/fotorrelato\/el-barcelona-regresa-al-camp-nou-las-mejores-imagenes-del-entrenamiento-con-publico-f202511-f\/\" target=\"_self\" rel=\"nofollow noopener\" title=\"https:\/\/as.com\/futbol\/fotorrelato\/el-barcelona-regresa-al-camp-nou-las-mejores-imagenes-del-entrenamiento-con-publico-f202511-f\/\">entrenamiento a puertas abiertas<\/a>, que ten\u00eda como fin tambi\u00e9n hacer una prueba piloto del nuevo estadio, los jugadores se tuvieron que<b> cambiar en el vestuario visitante<\/b>, ya que todav\u00eda se estaban ultimando las obras en el local.<\/p>\n<p>Noticias relacionadas<a href=\"https:\/\/as.com\/futbol\/fotorrelato\/asi-pudo-ser-el-camp-nou-el-proyecto-de-norman-foster-que-rechazo-el-barca-f202511-f\/\" class=\"s_m_w _rt-16x9\" title=\"El proyecto de remodelaci\u00f3n del Camp Nou dise\u00f1ado por Norman Foster fue rechazado y desestimado principalmente por la llegada de una nueva junta directiva al FC Barcelona en 2010. \" data-tb-link=\"\" rel=\"nofollow noopener\" target=\"_blank\"><img decoding=\"async\" src=\"https:\/\/www.europesays.com\/es\/wp-content\/uploads\/2025\/11\/IJHPYI7HUZB45DHJAX5R2BSJVA.jpg\" alt=\"As\u00ed pudo ser el Camp Nou: el proyecto de Norman Foster que rechaz\u00f3 el Bar\u00e7a\" class=\"\" height=\"9\" width=\"16\"   loading=\"lazy\" data-tb-thumbnail=\"\"\/><\/a><a href=\"https:\/\/as.com\/futbol\/champions\/la-uefa-da-el-visto-bueno-al-barca-para-que-la-champions-vuelva-al-camp-nou-f202511-n\/\" class=\"s_m_w _rt-16x9\" title=\"El club azulgrana recibir\u00e1 la visita de algunos inspectores en el partido de LaLiga ante el Alav\u00e9s para confirmar que el estadio cumple los requisitos. \" data-tb-link=\"\" rel=\"nofollow noopener\" target=\"_blank\"><img decoding=\"async\" src=\"https:\/\/www.europesays.com\/es\/wp-content\/uploads\/2025\/11\/1763629288_833_X3RKMWMN3JO6HFHOVHJTSCDLI4.jpg\" alt=\"La UEFA da el visto bueno al Bar\u00e7a para que la Champions vuelva al Spotify Camp Nou\" class=\"\" height=\"9\" width=\"16\"   loading=\"lazy\" data-tb-thumbnail=\"\"\/><\/a><\/p>\n<p class=\"\">El nuevo <b>vestuario local<\/b> contar\u00e1, adem\u00e1s de la zona de <b>taquillas<\/b>, <b>personalizadas <\/b>y serigrafiadas con el actual inquilino, una espectacular <b>zona de aguas<\/b> para poder hacer terapias post partido, as\u00ed como tambi\u00e9n un completo <b>gimnasio<\/b>, una <b>sala de fisioterapia<\/b> con camillas y un <b>espacio l\u00fadico<\/b>. Se espera poder contar ya con todas las instalaciones operativas al cien por cien antes de que finalice el a\u00f1o.<\/p>\n<p class=\"\"><b>\u00a1Tus opiniones importan!<\/b> Comenta en los art\u00edculos y suscr\u00edbete gratis a nuestra <a href=\"https:\/\/asfan.as.com\/newsletters\/\" target=\"_blank\" rel=\"nofollow noopener\" title=\"https:\/\/asfan.as.com\/newsletters\/\">newsletter<\/a> y a las alertas informativas en la <a href=\"https:\/\/as.com\/aplicacion-de-as-n\/\" target=\"_blank\" rel=\"nofollow noopener\" title=\"https:\/\/as.com\/aplicacion-de-as-n\/\">App<\/a> o el canal de <a href=\"https:\/\/www.whatsapp.com\/channel\/0029VaAasdA7j6g745nz9M10\" target=\"_blank\" rel=\"nofollow noopener\" title=\"https:\/\/www.whatsapp.com\/channel\/0029VaAasdA7j6g745nz9M10\">WhatsApp<\/a>. \u00bfBuscas licenciar contenido? Haz clic <a href=\"https:\/\/profesional.elpais.com\/soluciones-sindicacion?utm_medium=interno&amp;utm_source=crosslinking&amp;utm_campaign=sindicacion_as_pie_articulos\" target=\"_blank\" rel=\"nofollow noopener\" title=\"https:\/\/profesional.elpais.com\/soluciones-sindicacion?utm_medium=interno&amp;utm_source=crosslinking&amp;utm_campaign=sindicacion_as_pie_articulos\">aqu\u00ed<\/a><\/p>\n","protected":false},"excerpt":{"rendered":"Poco a poco todo se est\u00e1 ultimando para poder estrenar el nuevo Camp Nou el pr\u00f3ximo s\u00e1bado con&hellip;\n","protected":false},"author":2,"featured_media":246024,"comment_status":"","ping_status":"","sticky":false,"template":"","format":"standard","meta":{"footnotes":""},"categories":[268],"tags":[168,25,24,280,282,281,23,167],"class_list":{"0":"post-246023","1":"post","2":"type-post","3":"status-publish","4":"format-standard","5":"has-post-thumbnail","7":"category-futbol","8":"tag-deportes","9":"tag-es","10":"tag-espana","11":"tag-football","12":"tag-futbol","13":"tag-soccer","14":"tag-spain","15":"tag-sports"},"share_on_mastodon":{"url":"https:\/\/pubeurope.com\/@es\/115581215957951330","error":""},"_links":{"self":[{"href":"https:\/\/www.europesays.com\/es\/wp-json\/wp\/v2\/posts\/246023","targetHints":{"allow":["GET"]}}],"collection":[{"href":"https:\/\/www.europesays.com\/es\/wp-json\/wp\/v2\/posts"}],"about":[{"href":"https:\/\/www.europesays.com\/es\/wp-json\/wp\/v2\/types\/post"}],"author":[{"embeddable":true,"href":"https:\/\/www.europesays.com\/es\/wp-json\/wp\/v2\/users\/2"}],"replies":[{"embeddable":true,"href":"https:\/\/www.europesays.com\/es\/wp-json\/wp\/v2\/comments?post=246023"}],"version-history":[{"count":0,"href":"https:\/\/www.europesays.com\/es\/wp-json\/wp\/v2\/posts\/246023\/revisions"}],"wp:featuredmedia":[{"embeddable":true,"href":"https:\/\/www.europesays.com\/es\/wp-json\/wp\/v2\/media\/246024"}],"wp:attachment":[{"href":"https:\/\/www.europesays.com\/es\/wp-json\/wp\/v2\/media?parent=246023"}],"wp:term":[{"taxonomy":"category","embeddable":true,"href":"https:\/\/www.europesays.com\/es\/wp-json\/wp\/v2\/categories?post=246023"},{"taxonomy":"post_tag","embeddable":true,"href":"https:\/\/www.europesays.com\/es\/wp-json\/wp\/v2\/tags?post=246023"}],"curies":[{"name":"wp","href":"https:\/\/api.w.org\/{rel}","templated":true}]}}