{"id":246025,"date":"2025-11-20T09:03:23","date_gmt":"2025-11-20T09:03:23","guid":{"rendered":"https:\/\/www.europesays.com\/es\/246025\/"},"modified":"2025-11-20T09:03:23","modified_gmt":"2025-11-20T09:03:23","slug":"malena-costa-desvela-el-sexo-del-bebe-que-espera-con-mario-suarez","status":"publish","type":"post","link":"https:\/\/www.europesays.com\/es\/246025\/","title":{"rendered":"Malena Costa desvela el sexo del beb\u00e9 que espera con Mario Su\u00e1rez"},"content":{"rendered":"<p>Fue a principios del mes de noviembre cuando<a title=\" Mario Su\u00e1rez y Malena Costa\" href=\"https:\/\/www.larazon.es\/gente\/famosos\/mario-suarez-malena-costa-esperan-tercer-hijo_2025110369088a5996fd1d323b07e4bc.html\" target=\"_blank\" rel=\"nofollow noopener\"> Mario Su\u00e1rez y Malena Costa<\/a> anunciaron que esperaban su tercer hijo a trav\u00e9s de una emotiva publicaci\u00f3n en Instagram. \u00abBaby &#8216;M&#8217; is coming\u00bb, escribi\u00f3 la pareja junto a un bonito posado familiar junto a sus dos hijos, Matilda y Mario.<\/p>\n<p>Sexo del beb\u00e9<\/p>\n<p>Dos semanas despu\u00e9s de anunciar la feliz noticia, la modelo ha reaparecido en un evento de la firma Hoss Intropia y ha desvelado el sexo del beb\u00e9 que espera junto a Mario Su\u00e1rez, <b>d\u00edas despu\u00e9s de que el futbolista jugara al despiste con los medios al ser preguntado sobre el asunto. <\/b><\/p>\n<p><b>\u00abEl otro d\u00eda, mi marido estaba en un evento donde hab\u00eda prensa. Le preguntaron y luego le dije: &#8216;\u00bfPero por qu\u00e9 no has dicho ya que es ni\u00f1a?&#8217; Y \u00e9l me dijo: &#8216;Da igual, eso te lo dejo a ti&#8217;. Pues nada, ya lo digo: es ni\u00f1a\u00bb,<\/b> ha revelado Malena Costa emocionada.<\/p>\n<p><img decoding=\"async\" loading=\"lazy\" src=\"https:\/\/www.europesays.com\/es\/wp-content\/uploads\/2025\/11\/mario-suarez-malena-costa_58.jpg\" alt=\"Mario Su\u00e1rez y Malena Costa \" width=\"1920\" height=\"1263\"\/><b>Mario Su\u00e1rez y Malena Costa <\/b>Gtres<\/p>\n<p>Como ha reconocido la modelo, \u00abel nombre s\u00ed que no lo tenemos\u00bb, aunque su nombre empezar\u00e1 por \u00abM\u00bb. <b>\u00abEstamos con muchas dudas y luego ahora tambi\u00e9n tenemos las opiniones de nuestros hijos que ya ten\u00edan ocho y nueve que no es lo mismo que s\u00f3lo lo elijamos Mario y yo<\/b>\u00ab, ha explicado Costa, confesando que tienen \u00abun conflicto que cada uno dice opciones, pero no, no hay nada cerrado\u00bb.<\/p>\n<p>Tercer embarazo<\/p>\n<p>Sobre c\u00f3mo est\u00e1 llevando el tercer embarazo, Malena Costa ha desvelado que est\u00e1 siendo \u00abparecido a los otros embarazos, tengo embarazos muy buenos\u00bb porque <b>\u00abantojos no tengo ni n\u00e1useas, pero apetito tengo mucho, ahora lo tengo m\u00e1s regulado, pero al principio ten\u00eda mucho apetito y antojo\u00bb<\/b>. Matilda, la primera hija de Mario y Malena, naci\u00f3 el 28 de junio de 2016. Un a\u00f1o m\u00e1s tarde lleg\u00f3 Mario, el segundo reto\u00f1o de la pareja. Ahora, el matrimonio se prepara para la llegada de su tercer hijo en 2026 y convertirse en familia numerosa.<\/p>\n","protected":false},"excerpt":{"rendered":"Fue a principios del mes de noviembre cuando Mario Su\u00e1rez y Malena Costa anunciaron que esperaban su tercer&hellip;\n","protected":false},"author":2,"featured_media":246026,"comment_status":"","ping_status":"","sticky":false,"template":"","format":"standard","meta":{"footnotes":""},"categories":[174],"tags":[255,146,147,25,24,256,23],"class_list":{"0":"post-246025","1":"post","2":"type-post","3":"status-publish","4":"format-standard","5":"has-post-thumbnail","7":"category-famosos","8":"tag-celebrities","9":"tag-entertainment","10":"tag-entretenimiento","11":"tag-es","12":"tag-espana","13":"tag-famosos","14":"tag-spain"},"share_on_mastodon":{"url":"https:\/\/pubeurope.com\/@es\/115581223591710626","error":""},"_links":{"self":[{"href":"https:\/\/www.europesays.com\/es\/wp-json\/wp\/v2\/posts\/246025","targetHints":{"allow":["GET"]}}],"collection":[{"href":"https:\/\/www.europesays.com\/es\/wp-json\/wp\/v2\/posts"}],"about":[{"href":"https:\/\/www.europesays.com\/es\/wp-json\/wp\/v2\/types\/post"}],"author":[{"embeddable":true,"href":"https:\/\/www.europesays.com\/es\/wp-json\/wp\/v2\/users\/2"}],"replies":[{"embeddable":true,"href":"https:\/\/www.europesays.com\/es\/wp-json\/wp\/v2\/comments?post=246025"}],"version-history":[{"count":0,"href":"https:\/\/www.europesays.com\/es\/wp-json\/wp\/v2\/posts\/246025\/revisions"}],"wp:featuredmedia":[{"embeddable":true,"href":"https:\/\/www.europesays.com\/es\/wp-json\/wp\/v2\/media\/246026"}],"wp:attachment":[{"href":"https:\/\/www.europesays.com\/es\/wp-json\/wp\/v2\/media?parent=246025"}],"wp:term":[{"taxonomy":"category","embeddable":true,"href":"https:\/\/www.europesays.com\/es\/wp-json\/wp\/v2\/categories?post=246025"},{"taxonomy":"post_tag","embeddable":true,"href":"https:\/\/www.europesays.com\/es\/wp-json\/wp\/v2\/tags?post=246025"}],"curies":[{"name":"wp","href":"https:\/\/api.w.org\/{rel}","templated":true}]}}