{"id":246029,"date":"2025-11-20T09:06:10","date_gmt":"2025-11-20T09:06:10","guid":{"rendered":"https:\/\/www.europesays.com\/es\/246029\/"},"modified":"2025-11-20T09:06:10","modified_gmt":"2025-11-20T09:06:10","slug":"gemma-cuervo-reaparece-por-sorpresa-en-la-revuelta-para-saludar-a-sus-followers-no-puedo-dejaros-os-quiero-television","status":"publish","type":"post","link":"https:\/\/www.europesays.com\/es\/246029\/","title":{"rendered":"Gemma Cuervo reaparece por sorpresa en \u2018La revuelta\u2019 para saludar a sus \u201cfollowers\u201d: \u201cNo puedo dejaros, os quiero\u201d | Televisi\u00f3n"},"content":{"rendered":"<p class=\"\">Este mi\u00e9rcoles, la actriz y presentadora Cayetana Guill\u00e9n Cuervo acudi\u00f3 a <a href=\"https:\/\/elpais.com\/noticias\/la-revuelta\/\" target=\"_self\" rel=\"nofollow noopener\" title=\"https:\/\/elpais.com\/noticias\/la-revuelta\/\">La revuelta<\/a> como entrevistada y ten\u00eda una sorpresa preparada para David Broncano y la audiencia del programa. <\/p>\n<p class=\"\">Al final de su intervenci\u00f3n, invit\u00f3 al escenario a su madre, la actriz <a href=\"https:\/\/elpais.com\/noticias\/gemma-cuervo\/\" target=\"_self\" rel=\"nofollow noopener\" title=\"https:\/\/elpais.com\/noticias\/gemma-cuervo\/\">Gemma Cuervo<\/a>, quien, tras sesenta a\u00f1os de profesi\u00f3n en teatro, cine y tele, es muy reconocida por el p\u00fablico tras su paso por Aqu\u00ed no hay quien viva y La que se avecina.<\/p>\n<p class=\"\">La actriz de 91 a\u00f1os debut\u00f3 en las tablas junto a Adolfo Marsillach y ha interpretado obras de decenas de cl\u00e1sicos, de Esquilo a Calder\u00f3n de la Barca, Lope de Vega, Zorrilla y Lorca; de Shakespeare a Sartre, Pirandello, No\u00ebl Coward y Harold Pinter, entre otros. Desde hace casi una d\u00e9cada, vive retirada, alejada de los medios de comunicaci\u00f3n.<\/p>\n<p class=\"\">\u201cEs la sorpresa m\u00e1s bonita\u201d, dijo David Broncano mientras Cayetana Guill\u00e9n Cuervo ayudaba a su madre a que saludara a un p\u00fablico puesto en pie, desde el escenario del madrile\u00f1o Teatro Pr\u00edncipe Gran V\u00eda, donde se graba La revuelta. Tras recibir los aplausos de quien tanto ella como su hija denominaron ir\u00f3nicamente como sus \u201cfollowers\u201d, la veterana actriz se despidi\u00f3 diciendo: \u201cNo puedo dejaros, os quiero\u201d.<\/p>\n<p class=\"\">Desde hace a\u00f1os, Gemma Cuervo sufre EPOC, enfermedad pulmonar obstructiva cr\u00f3nica. Hace justo 12 meses, en una de sus pocas apariciones p\u00fablicas, recibi\u00f3 la Medalla de Oro al M\u00e9rito en las Bellas Artes de manos de la reina Letizia. En 2021, recogi\u00f3 el premio Max de Honor a toda una trayectoria, que tambi\u00e9n le permiti\u00f3 llevar el teatro a la televisi\u00f3n, cuando el teatro se emit\u00eda en televisi\u00f3n, en formatos como el legendario Estudio 1.<\/p>\n","protected":false},"excerpt":{"rendered":"Este mi\u00e9rcoles, la actriz y presentadora Cayetana Guill\u00e9n Cuervo acudi\u00f3 a La revuelta como entrevistada y ten\u00eda una&hellip;\n","protected":false},"author":2,"featured_media":246030,"comment_status":"","ping_status":"","sticky":false,"template":"","format":"standard","meta":{"footnotes":""},"categories":[171],"tags":[1015,16596,146,147,25,24,62828,6870,29956,35749,518,23,1651,807,214,3156],"class_list":{"0":"post-246029","1":"post","2":"type-post","3":"status-publish","4":"format-standard","5":"has-post-thumbnail","7":"category-tv","8":"tag-actrices","9":"tag-cayetana-guillen-cuervo","10":"tag-entertainment","11":"tag-entretenimiento","12":"tag-es","13":"tag-espana","14":"tag-gemma-cuervo","15":"tag-la-1","16":"tag-la-revuelta","17":"tag-programa-television","18":"tag-rtve","19":"tag-spain","20":"tag-teatro","21":"tag-television","22":"tag-tv","23":"tag-tve"},"share_on_mastodon":{"url":"https:\/\/pubeurope.com\/@es\/115581235277506372","error":""},"_links":{"self":[{"href":"https:\/\/www.europesays.com\/es\/wp-json\/wp\/v2\/posts\/246029","targetHints":{"allow":["GET"]}}],"collection":[{"href":"https:\/\/www.europesays.com\/es\/wp-json\/wp\/v2\/posts"}],"about":[{"href":"https:\/\/www.europesays.com\/es\/wp-json\/wp\/v2\/types\/post"}],"author":[{"embeddable":true,"href":"https:\/\/www.europesays.com\/es\/wp-json\/wp\/v2\/users\/2"}],"replies":[{"embeddable":true,"href":"https:\/\/www.europesays.com\/es\/wp-json\/wp\/v2\/comments?post=246029"}],"version-history":[{"count":0,"href":"https:\/\/www.europesays.com\/es\/wp-json\/wp\/v2\/posts\/246029\/revisions"}],"wp:featuredmedia":[{"embeddable":true,"href":"https:\/\/www.europesays.com\/es\/wp-json\/wp\/v2\/media\/246030"}],"wp:attachment":[{"href":"https:\/\/www.europesays.com\/es\/wp-json\/wp\/v2\/media?parent=246029"}],"wp:term":[{"taxonomy":"category","embeddable":true,"href":"https:\/\/www.europesays.com\/es\/wp-json\/wp\/v2\/categories?post=246029"},{"taxonomy":"post_tag","embeddable":true,"href":"https:\/\/www.europesays.com\/es\/wp-json\/wp\/v2\/tags?post=246029"}],"curies":[{"name":"wp","href":"https:\/\/api.w.org\/{rel}","templated":true}]}}