{"id":246031,"date":"2025-11-20T09:07:12","date_gmt":"2025-11-20T09:07:12","guid":{"rendered":"https:\/\/www.europesays.com\/es\/246031\/"},"modified":"2025-11-20T09:07:12","modified_gmt":"2025-11-20T09:07:12","slug":"dani-fernandez-anuncia-un-paron-tras-la-insurreccion-tour-cuando-termine-esta-gira-voy-a-desaparecer-un-tiempo","status":"publish","type":"post","link":"https:\/\/www.europesays.com\/es\/246031\/","title":{"rendered":"Dani Fern\u00e1ndez anuncia un par\u00f3n tras &#8216;La Insurrecci\u00f3n Tour&#8217;: \u00abCuando termine esta gira voy a desaparecer un tiempo\u00bb"},"content":{"rendered":"<p>\u00abDespu\u00e9s de La Jaur\u00eda me sent\u00eda que hab\u00eda calado muy hondo y quer\u00edamos recabar algo nuevo\u00bb, nos cuenta <a title=\"Dani Fern\u00e1ndez\" href=\"https:\/\/www.europafm.com\/programas\/cuerpos-especiales\/mejores-momentos\/espido-freire-analiza-clima-tropical-dani-fernandez_2025092368d261f831b8a3479b7705d0.html\" target=\"_blank\" rel=\"nofollow noopener\"><b>Dani Fern\u00e1ndez<\/b><\/a>. Y eso nuevo es su reci\u00e9n anunciada gira <a title=\"La Insurrecci\u00f3n Tour\" href=\"https:\/\/www.europafm.com\/noticias\/musica\/dani-fernandez-anuncia-insurreccion-tour-conciertos-2026-fechas-gira-ciudades-venta-entradas_20251119691da17439b3f1652bf955c7.html\" target=\"_blank\" rel=\"nofollow noopener\"><b>La Insurrecci\u00f3n Tour<\/b><\/a>.<\/p>\n<p>El artista se subir\u00e1 a <b>15 escenarios de toda Espa\u00f1a en 2026<\/b>, dejando atr\u00e1s todo lo que ha hecho hasta ahora para<b> centrarse en la reflexi\u00f3n del poder digital<\/b> que nos condiciona el d\u00eda a d\u00eda. \u00abEs decirle a la gente que tenga esa reflexi\u00f3n y que le d\u00e9 una vuelta a lo que est\u00e1 pasando en su vida\u00bb, y de ello nos habla su entrevista para Europa FM.<\/p>\n<p>Dani Fern\u00e1ndez ha anunciado La Insurrecci\u00f3n Tour con un cortometraje dist\u00f3pico sin precedentes en redes sociales, poniendo el foco en que <b>\u00abla sociedad se ha convertido en un zoo digital\u00bb so<\/b>bre el que hay que revelarse con \u00abun despertar de conciencia\u00bb. \u00abRevelarse contra la cultura del odio y las redes\u00bb, manifiesta Fern\u00e1ndez.<\/p>\n<p>A nosotros nos cuenta que de momento no sabe bien la forma en la que va a trasladar este movimiento al escenario pero ese &#8216;universo cibern\u00e9tico vintage&#8217; con el que ha abierto el apetito de sus fans estar\u00e1 presente: \u00abQueremos jugar con esa revoluci\u00f3n, esa forma de querer cambiar las cosas\u00bb.<\/p>\n<p><b>Ese \u00abs\u00edmbolo de sol encadenado va a ser muy importante\u00bb<\/b>, pero lejos de lo que puede parecer, Dani Fern\u00e1ndez nos quita de la cabeza que sea la antesala de un nuevo disco. \u00abQuer\u00edamos reflejar nuestra idea en un s\u00edmbolo, que la gente que venga a los conciertos sepa que este s\u00edmbolo es por querer cambiar un poco nuestra vida. [\u2026] Me parec\u00eda atractivo jugar con que llega una nueva etapa\u00bb.<\/p>\n<blockquote class=\"articleQuote\"><p>\u00abMe parec\u00eda atractivo jugar con que llega una nueva etapa\u00bb <\/p><\/blockquote>\n<p>\u00abHay seis cifras de entradas, estoy nervioso y superfeliz, nunca pens\u00e9 en mi vida que podr\u00eda hacer estas pedazo de arenas\u00bb, nos comparte sobre esas 15 fechas en Valencia, Madrid, Barcelona, Sevilla y Pamplona, entre otros lugares. Eso s\u00ed, le alivia pensar que a lo mejor no \u00abllega al sold out\u00bb. \u00ab<b>Quer\u00eda ver cu\u00e1nta gente soy capaz de meter en un lugar, tenemos que saber d\u00f3nde parar<\/b>\u00ab, explica el de Alc\u00e1zar de San Juan.<\/p>\n<p>Con esta filosof\u00eda <b>deja claro que \u00abno llenar una fecha no es un fracaso\u00bb, algo que le hace \u00abrelajarse\u00bb<\/b>. Pero ese descanso m\u00e1s dilatado en el tiempo llegar\u00e1 despu\u00e9s de esta gira tan especial.<\/p>\n<p>Un descanso merecido tras &#8216;La Insurrecci\u00f3n Tour&#8217;<\/p>\n<p>Despu\u00e9s de un a\u00f1o con un disco y una gran gira, <a title=\"un documental\" href=\"https:\/\/www.europafm.com\/noticias\/tv-cine\/dani-fernandez-todo-cambia-documental-estrella-reconstruccion_20250620685528e0f68fe227a84480ce.html\" target=\"_blank\" rel=\"nofollow noopener\">un documental<\/a> y diversos premios, el artista se plantar\u00e1 en unos meses: \u00abNecesito tener ese 100%, estoy en un punto en el que creo que La Jaur\u00eda va a finiquitar todo con esta gira\u00bb. <b>\u00abQuiero dar un paso atr\u00e1s a nivel medi\u00e1tico y tener m\u00e1s tiempo para m\u00ed y mi familia\u00bb.<\/b><\/p>\n<blockquote class=\"articleQuote\"><p>\u00abCuando termine esta gira voy a desaparecer un tiempo\u00bb <\/p><\/blockquote>\n<p>Un tiempo de par\u00f3n para reconectar con la composici\u00f3n, pues est\u00e1 tan \u00aba tope\u00bb que est\u00e1 en un momento \u00abmal\u00edsimo\u00bb para escribir. Inspirado por Ed Sheeran, <b>Dani Fern\u00e1ndez quiere tener tiempo para \u00ababurrirse\u00bb<\/b> y la mejor forma de lograrlo es \u00abparar\u00bb.<\/p>\n<p>Su opini\u00f3n sobre el apoyo de grandes m\u00fasicos<\/p>\n<p>Esta decisi\u00f3n ya est\u00e1 tomada pese a que est\u00e1 en un gran momento de su carrera, que no solo se ve reflejado con sus logros, sino con c\u00f3mo grandes de la m\u00fasica como <a title=\"Santi Balmes\" href=\"https:\/\/www.europafm.com\/noticias\/musica\/love-lesbian-invita-dani-martin-cantar-hermandad-movistar-arena-madrid_20251102690726c99de7280e3d3ce1b7.html\" target=\"_blank\" rel=\"nofollow noopener\">Santi Balmes<\/a>, <a title=\"Leiva\" href=\"https:\/\/www.europafm.com\/noticias\/musica\/leiva-emociona-latin-grammy-cantando-caida-libre_202511146916d8ebeba8bc0ecefa9b93.html\" target=\"_blank\" rel=\"nofollow noopener\">Leiva<\/a> y <a title=\"Dani Mart\u00edn\" href=\"https:\/\/www.europafm.com\/noticias\/famosos\/dani-martin-cumple-promesa-que-hizo-griezmann-primer-concierto-gira-25-pts-anos_202511156918900beba8bc0eceffdde3.html\" target=\"_blank\" rel=\"nofollow noopener\">Dani Mart\u00edn<\/a> lo apoyan y ensalzan en cada intervenci\u00f3n p\u00fablica. Pero \u00e9l no siente presi\u00f3n, y as\u00ed nos lo traslada: \u00ab<b>No tengo miedo a que esto baje un poquito<\/b>, es verdad que parece que si no est\u00e1s en los sitios eres un fracasado y para m\u00ed no tiene nada que ver con eso\u00bb.<\/p>\n<blockquote class=\"articleQuote\"><p>\u00abParece que si no est\u00e1s en los sitios eres un fracasado y para m\u00ed no\u00bb <\/p><\/blockquote>\n<p>Los halagos de grandes m\u00fasicos solo le dan \u00abm\u00e1s fuerza para seguir haciendo m\u00fasica\u00bb. <b>\u00abTengo m\u00e1s presi\u00f3n por que venga la gente a verme que por la m\u00fasica realmente\u00bb, dice<\/b> con total sinceridad.<\/p>\n<p>Con la misma honestidad nos rompe un poquito el coraz\u00f3n y descarta que haya una colaboraci\u00f3n en camino con <a title=\"Leiva\" href=\"https:\/\/www.europafm.com\/temas\/leiva-1\" target=\"_blank\" rel=\"nofollow noopener\">Leiva<\/a> o <a title=\"Dani Mart\u00edn\" href=\"https:\/\/www.europafm.com\/temas\/dani_martin-1\" target=\"_blank\" rel=\"nofollow noopener\">Dani Mart\u00edn<\/a>, pese a ser grandes amigos. \u00ab<b>Nunca me ha gustado el hecho de hablar de una colaboraci\u00f3n<\/b>, siempre me dejo llevar un poco por lo que siento\u00bb, explica.<\/p>\n<blockquote class=\"articleQuote\"><p>C\u00f3mo vivi\u00f3 su comentada actuaci\u00f3n con Valeria Castro <\/p><\/blockquote>\n<p>De manera natural surgieron los grandes featurings del disco La Jaur\u00eda con <a title=\"Iv\u00e1n Ferreiro\" href=\"https:\/\/www.europafm.com\/noticias\/musica\/dani-fernandez-ivan-ferreiro-cantan-juntos-primera-vez-directo_20250620685535b2f68fe227a8448fc4.html\" target=\"_blank\" rel=\"nofollow noopener\">Iv\u00e1n Ferreiro<\/a> y <a title=\"Valeria Castro\" href=\"https:\/\/www.europafm.com\/noticias\/musica\/yarea-valeria-castro-viva-suecia-invitados-que-llevo-dani-fernandez-wizink-center_20241227676e9259af2175000101f1db.html\" target=\"_blank\" rel=\"nofollow noopener\">Valeria Castro<\/a>. Y concretamente sobre la cantautora nos detalla c\u00f3mo vivi\u00f3 ese momento de <a title=\"odio masivo en redes\" href=\"https:\/\/www.europafm.com\/noticias\/famosos\/dani-fernandez-viva-suecia-yoly-saa-todos-artistas-que-defienden-valeria-castro-ultima-actuacion_2025101568ef453ddc27b32ca38056ce.html\" target=\"_blank\" rel=\"nofollow noopener\">odio masivo en redes<\/a> sociales tras su actuaci\u00f3n conjunta en OT con \u00bfY si lo hacemos?: \u00ab<b>Me siento un poco parte de esa vor\u00e1gine y me pregunto si habr\u00e9 hecho algo mal<\/b>, pero ella siempre me ha dado las gracias por ayudarla\u00bb.<\/p>\n<p>\u00abYo fui el que le mand\u00e9 la canci\u00f3n&#8230; Muchas veces no nos damos cuenta del da\u00f1o que hacemos. Lo que m\u00e1s me sorprend\u00eda de todo <b>este hate es que parece que estaba justificado el hacerle da\u00f1o a una persona<\/b>, y sab\u00edamos que las cosas no hab\u00edan salido bien perfectamente\u00bb, nos comparte Dani Fern\u00e1ndez.<\/p>\n<p>Precisamente <b>La Insurrecci\u00f3n Tour invita a dejar a un lado todo ese odio e inseguridades<\/b> del mundo digital y reflexionar sobre ello: \u00abHay muchas cosas que te puedes quedar para ti, no es lo mismo hacer humor negro en tu casa que decirlo en redes\u00bb.<\/p>\n<blockquote class=\"articleQuote\"><p>\u00abTodos somos de carne y hueso y los comentarios nos pueden hacer sentir mal\u00bb <\/p><\/blockquote>\n<p><b>Dani Fern\u00e1ndez est\u00e1 seguro que a su compa\u00f1era <a title=\"&quot;le va a venir bien parar&quot;\" href=\"https:\/\/www.europafm.com\/noticias\/musica\/valeria-castro-toma-descanso-musica-salud-mental-queda-otra-que-reubicar-conciertos_2025101668f0c81c51264f432a81142c.html\" target=\"_blank\" rel=\"nofollow noopener\">\u00able va a venir bien parar\u00bb<\/a><\/b>, e insiste en que hay que ser consciente de lo que pueden generar los comentarios: \u00abTodos somos de carne y hueso y los comentarios nos pueden hacer sentir mal\u00bb.<\/p>\n<p>Dani Fern\u00e1ndez celebra el \u00e9xito de Local de Ensayo Europa FM<\/p>\n<p>En enero se cumplir\u00e1 un a\u00f1o de la apertura del <a title=\"Local de Ensayo Europa FM\" href=\"https:\/\/www.europafm.com\/local-ensayo\/\" target=\"_blank\" rel=\"nofollow noopener\">Local de Ensayo Europa FM<\/a>, que tuvo a <a title=\"Dani Fern\u00e1ndez como su primer invitado\" href=\"https:\/\/www.europafm.com\/noticias\/musica\/magia-apodero-primer-ensayo-dani-fernandez-2025_202501246792c4a2691a460001ea944c.html\" target=\"_blank\" rel=\"nofollow noopener\">Dani Fern\u00e1ndez como su primer invitado<\/a>. Y \u00e9l se siente parte del formato como el que m\u00e1s: \u00ab<b>Siempre he pensado que hacer algo as\u00ed es incre\u00edble<\/b>, y cada vez que veo que lanz\u00e1is uno nuevo pienso en que formo parte de eso\u00bb.<\/p>\n<p>A \u00e9l le han seguido artistas de la talla de <a title=\"Amaral\" href=\"https:\/\/www.europafm.com\/noticias\/musica\/amaral-envuelve-nostalgia-agradecimiento-local-ensayo-europa_2025102468fbed14147d304033e3c00a.html\" target=\"_blank\" rel=\"nofollow noopener\">Amaral<\/a>, <a title=\"Franz Ferdinand\" href=\"https:\/\/www.europafm.com\/concursos\/franz-ferdinand-conecta-publico-local-ensayo-europa_2025021667b26296500f9600010f5d30.html\" target=\"_blank\" rel=\"nofollow noopener\">Franz Ferdinand<\/a> y <a title=\"Antonio Orozco\" href=\"https:\/\/www.europafm.com\/concursos\/primeras-veces-nana-antonella-antonio-orozco-hace-recorrido-musical-local-ensayo-europa_20250430681292c4319ae75da4bd11a8.html\" target=\"_blank\" rel=\"nofollow noopener\">Antonio Orozco<\/a>, y al rockero le parece \u00absuperpositivo\u00bb tener un formato tan bonito para los fans.<\/p>\n<p>Ahora busca darle una vuelta a su mundo art\u00edstico con <b>una gira para concienciar de nuestra realidad<\/b>, y a partir de la primavera de 2026 tendremos m\u00e1s Dani Fern\u00e1ndez antes de un merecido descanso.<\/p>\n","protected":false},"excerpt":{"rendered":"\u00abDespu\u00e9s de La Jaur\u00eda me sent\u00eda que hab\u00eda calado muy hondo y quer\u00edamos recabar algo nuevo\u00bb, nos cuenta&hellip;\n","protected":false},"author":2,"featured_media":246032,"comment_status":"","ping_status":"","sticky":false,"template":"","format":"standard","meta":{"footnotes":""},"categories":[170],"tags":[146,147,25,24,184,185,23],"class_list":{"0":"post-246031","1":"post","2":"type-post","3":"status-publish","4":"format-standard","5":"has-post-thumbnail","7":"category-musica","8":"tag-entertainment","9":"tag-entretenimiento","10":"tag-es","11":"tag-espana","12":"tag-music","13":"tag-musica","14":"tag-spain"},"share_on_mastodon":{"url":"https:\/\/pubeurope.com\/@es\/115581239078039509","error":""},"_links":{"self":[{"href":"https:\/\/www.europesays.com\/es\/wp-json\/wp\/v2\/posts\/246031","targetHints":{"allow":["GET"]}}],"collection":[{"href":"https:\/\/www.europesays.com\/es\/wp-json\/wp\/v2\/posts"}],"about":[{"href":"https:\/\/www.europesays.com\/es\/wp-json\/wp\/v2\/types\/post"}],"author":[{"embeddable":true,"href":"https:\/\/www.europesays.com\/es\/wp-json\/wp\/v2\/users\/2"}],"replies":[{"embeddable":true,"href":"https:\/\/www.europesays.com\/es\/wp-json\/wp\/v2\/comments?post=246031"}],"version-history":[{"count":0,"href":"https:\/\/www.europesays.com\/es\/wp-json\/wp\/v2\/posts\/246031\/revisions"}],"wp:featuredmedia":[{"embeddable":true,"href":"https:\/\/www.europesays.com\/es\/wp-json\/wp\/v2\/media\/246032"}],"wp:attachment":[{"href":"https:\/\/www.europesays.com\/es\/wp-json\/wp\/v2\/media?parent=246031"}],"wp:term":[{"taxonomy":"category","embeddable":true,"href":"https:\/\/www.europesays.com\/es\/wp-json\/wp\/v2\/categories?post=246031"},{"taxonomy":"post_tag","embeddable":true,"href":"https:\/\/www.europesays.com\/es\/wp-json\/wp\/v2\/tags?post=246031"}],"curies":[{"name":"wp","href":"https:\/\/api.w.org\/{rel}","templated":true}]}}