{"id":246037,"date":"2025-11-20T09:11:08","date_gmt":"2025-11-20T09:11:08","guid":{"rendered":"https:\/\/www.europesays.com\/es\/246037\/"},"modified":"2025-11-20T09:11:08","modified_gmt":"2025-11-20T09:11:08","slug":"juan-f-perez-ariel-flores-cristina-soler-y-sara-denez-ganan-el-concurso-nacional-de-arte-flamenco-de-cordoba-2025","status":"publish","type":"post","link":"https:\/\/www.europesays.com\/es\/246037\/","title":{"rendered":"Juan F. P\u00e9rez, Ariel Flores, Cristina Soler y Sara Denez ganan el Concurso Nacional de Arte Flamenco de C\u00f3rdoba 2025"},"content":{"rendered":"<p style=\"\">El <a href=\"https:\/\/teatrocordoba.es\/cnaf\/\" target=\"_blank\" data-voc-vtm-id=\"in-text-traffic\" title=\"Concurso Nacional de Arte Flamenco de C\u00f3rdoba 2025\" data-mrf-link=\"teatrocordoba.es\" rel=\"nofollow noopener\">Concurso Nacional de Arte Flamenco de C\u00f3rdoba 2025<\/a> ya tiene ganadores. El acta del jurado, firmada en la capital cordobesa el 20 de noviembre de 2025, recoge los acuerdos alcanzados tras las deliberaciones de las <strong>dos fases <\/strong>del prestigioso certamen, que este a\u00f1o  &#8230; alcanza su <strong>XXIV edici\u00f3n<\/strong>.<\/p>\n<p class=\"voc-p\" style=\"\">En la categor\u00eda de <strong>Instrumentista Flamenco<\/strong>, el jurado ha decidido por unanimidad conceder el premio -dotado con <strong>12.000 euros <\/strong>y diploma- a <strong>Juan Fernando P\u00e9rez Feria<\/strong>, conocido art\u00edsticamente como Juan F. P\u00e9rez, bajo el\u00e9ctrico. Como <strong>finalistas<\/strong>, reconocidos con 2.000 euros y diploma, figuran Idelfonso Aronca Moreno (Alfonso Aronca, piano) y Francisco de As\u00eds Roca Garc\u00eda (Francisco Roca, flauta travesera).<\/p>\n<p class=\"voc-p\" style=\"\">El <strong>premio de Guitarra<\/strong>, otorgado por mayor\u00eda y dotado con 15.000 euros y diploma, ha reca\u00eddo en <strong>\u00c1ngel Flores Trujillo<\/strong>, \u00c1ngel Flores. Los finalistas en esta modalidad, que recibir\u00e1n 3.000 euros y diploma, son Alfonso Linares y \u00c1lvaro Martinete.<\/p>\n<p class=\"voc-p\" style=\"\">En el apartado de <strong>Baile<\/strong>, el jurado ha concedido por mayor\u00eda el galard\u00f3n principal -con 15.000 euros y diploma- a Cristina Soler Valero, <strong>Cristina Soler<\/strong>. Como finalistas, distinguidos con 3.000 euros y diploma, figuran Ricardo Fern\u00e1ndez Rivas (El Tete) y Paula Gonz\u00e1lez Salazar (Paula Salazar).<\/p>\n<p class=\"voc-p\" style=\"\">El premio de <strong>Cante<\/strong>, asimismo dotado con 15.000 euros y diploma, ha sido para Sara Jim\u00e9nez Valverde, <strong>Sara Denez<\/strong>. Los finalistas reconocidos, con 3.000 euros y diploma, son Bernardo Miranda Luna (Bernardo Miranda) y Jos\u00e9 Plant\u00f3n Heredia (Jos\u00e9 del Calle).<\/p>\n<p class=\"voc-p\" style=\"\">El jurado ha propuesto a la organizaci\u00f3n del certamen la convocatoria de una reuni\u00f3n de evaluaci\u00f3n tras la finalizaci\u00f3n de esta edici\u00f3n, con el objetivo de introducir <strong>mejoras <\/strong>en el funcionamiento de futuras convocatorias. La presidenta, el vicepresidente y la secretaria adjunta han agradecido expresamente a todos los miembros del jurado la implicaci\u00f3n y profesionalidad demostrada a lo largo de las sesiones.<\/p>\n<p class=\"voc-p\" style=\"\">Los ganadores actuar\u00e1n el <strong>22 de noviembre <\/strong>en la gala de premios que tendr\u00e1 lugar en el Gran Teatro de C\u00f3rdoba, conducida por el periodista Juan Luis Cano. Las <a href=\"https:\/\/teatrocordoba.es\/espectaculo\/gala-de-entrega-de-premios-xxiv-concurso-nacional-de-arte-flamenco\/\" target=\"_blank\" data-voc-vtm-id=\"in-text-traffic\" title=\"entradas \" data-mrf-link=\"teatrocordoba.es\" rel=\"nofollow noopener\">entradas <\/a>para la gala est\u00e1n ya <strong>disponibles <\/strong>y el acto podr\u00e1 seguirse tambi\u00e9n v\u00eda <strong>streaming<\/strong>.<\/p>\n","protected":false},"excerpt":{"rendered":"El Concurso Nacional de Arte Flamenco de C\u00f3rdoba 2025 ya tiene ganadores. El acta del jurado, firmada en&hellip;\n","protected":false},"author":2,"featured_media":246038,"comment_status":"","ping_status":"","sticky":false,"template":"","format":"standard","meta":{"footnotes":""},"categories":[91],"tags":[45,6183,229,4023,2760,7538,62829,146,147,25,24,11925,9646,8776,409,813,738,10406,5583,23],"class_list":{"0":"post-246037","1":"post","2":"type-post","3":"status-publish","4":"format-standard","5":"has-post-thumbnail","7":"category-entretenimiento","8":"tag-45","9":"tag-ariel","10":"tag-arte","11":"tag-concurso","12":"tag-cordoba","13":"tag-cristina","14":"tag-denez","15":"tag-entertainment","16":"tag-entretenimiento","17":"tag-es","18":"tag-espana","19":"tag-flamenco","20":"tag-flores","21":"tag-ganan","22":"tag-juan","23":"tag-nacional","24":"tag-perez","25":"tag-sara","26":"tag-soler","27":"tag-spain"},"share_on_mastodon":{"url":"https:\/\/pubeurope.com\/@es\/115581254679440035","error":""},"_links":{"self":[{"href":"https:\/\/www.europesays.com\/es\/wp-json\/wp\/v2\/posts\/246037","targetHints":{"allow":["GET"]}}],"collection":[{"href":"https:\/\/www.europesays.com\/es\/wp-json\/wp\/v2\/posts"}],"about":[{"href":"https:\/\/www.europesays.com\/es\/wp-json\/wp\/v2\/types\/post"}],"author":[{"embeddable":true,"href":"https:\/\/www.europesays.com\/es\/wp-json\/wp\/v2\/users\/2"}],"replies":[{"embeddable":true,"href":"https:\/\/www.europesays.com\/es\/wp-json\/wp\/v2\/comments?post=246037"}],"version-history":[{"count":0,"href":"https:\/\/www.europesays.com\/es\/wp-json\/wp\/v2\/posts\/246037\/revisions"}],"wp:featuredmedia":[{"embeddable":true,"href":"https:\/\/www.europesays.com\/es\/wp-json\/wp\/v2\/media\/246038"}],"wp:attachment":[{"href":"https:\/\/www.europesays.com\/es\/wp-json\/wp\/v2\/media?parent=246037"}],"wp:term":[{"taxonomy":"category","embeddable":true,"href":"https:\/\/www.europesays.com\/es\/wp-json\/wp\/v2\/categories?post=246037"},{"taxonomy":"post_tag","embeddable":true,"href":"https:\/\/www.europesays.com\/es\/wp-json\/wp\/v2\/tags?post=246037"}],"curies":[{"name":"wp","href":"https:\/\/api.w.org\/{rel}","templated":true}]}}