{"id":246039,"date":"2025-11-20T09:12:11","date_gmt":"2025-11-20T09:12:11","guid":{"rendered":"https:\/\/www.europesays.com\/es\/246039\/"},"modified":"2025-11-20T09:12:11","modified_gmt":"2025-11-20T09:12:11","slug":"dia-de-la-eliminacion-de-la-violencia-de-genero","status":"publish","type":"post","link":"https:\/\/www.europesays.com\/es\/246039\/","title":{"rendered":"D\u00eda de la Eliminaci\u00f3n de la Violencia de G\u00e9nero"},"content":{"rendered":"<p>El pr\u00f3ximo martes 25 de noviembre se reivindica el D\u00eda Internacional de la Eliminaci\u00f3n de la Violencia contra las Mujeres.<\/p>\n<p>Desde el \u00c1rea de Igualdad y la Mujer del Ayuntamiento de Jimena de la Frontera se ofrecen varias actividades programadas para la pr\u00f3xima semana.<\/p>\n<p>\ud83d\udfe3 Martes 25 de noviembre a las 12 h se proceder\u00e1 a la lectura del manifiesto.<br \/>Lugar: Puerta Ayuntamiento de Jimena de la Frontera.<\/p>\n<p>\ud83d\udfe3 Viernes 28 de noviembre a las 19:00 h tendr\u00e1 lugar la actuaci\u00f3n de la Chirigota Callejera \u00abCADIWOMAN\u00bb.<br \/>Lugar: Teatro Ramos Zambrana en San Pablo de Buceite. (Aforo limitado)<\/p>\n<p>\ud83d\udfe3 Domimgo 30 a las 18:00 h. los m\u00e1s peque\u00f1os\/as podr\u00e1n disfrutar de un teatro Infantil denominado \u00abLA MISI\u00d3N DE BELLOTINA\u00bb.<br \/>Lugar: Casa de la Cultura Reina Sofia de la Estaci\u00f3n de Jimena.<\/p>\n<p>Te esperamos !!!<\/p>\n<p><img loading=\"lazy\" decoding=\"async\" style=\"display: block; margin-left: auto; margin-right: auto;\" src=\"https:\/\/www.europesays.com\/es\/wp-content\/uploads\/2025\/11\/WhatsApp_Image_2025-11-20_at_90031_AM.jpeg\" alt=\"\" width=\"551\" height=\"689\"\/><\/p>\n","protected":false},"excerpt":{"rendered":"El pr\u00f3ximo martes 25 de noviembre se reivindica el D\u00eda Internacional de la Eliminaci\u00f3n de la Violencia contra&hellip;\n","protected":false},"author":2,"featured_media":246040,"comment_status":"","ping_status":"","sticky":false,"template":"","format":"standard","meta":{"footnotes":""},"categories":[81],"tags":[1250,119,123,124,25,24,16498,4899,117,121,122,23,118,120],"class_list":{"0":"post-246039","1":"post","2":"type-post","3":"status-publish","4":"format-standard","5":"has-post-thumbnail","7":"category-ciencia-y-tecnologia","8":"tag-ayuntamiento","9":"tag-ciencia","10":"tag-ciencia-y-tecnologia","11":"tag-cienciaytecnologia","12":"tag-es","13":"tag-espana","14":"tag-jimena","15":"tag-pueblo","16":"tag-science","17":"tag-science-and-technology","18":"tag-scienceandtechnology","19":"tag-spain","20":"tag-technology","21":"tag-tecnologia"},"share_on_mastodon":{"url":"https:\/\/pubeurope.com\/@es\/115581259861461945","error":""},"_links":{"self":[{"href":"https:\/\/www.europesays.com\/es\/wp-json\/wp\/v2\/posts\/246039","targetHints":{"allow":["GET"]}}],"collection":[{"href":"https:\/\/www.europesays.com\/es\/wp-json\/wp\/v2\/posts"}],"about":[{"href":"https:\/\/www.europesays.com\/es\/wp-json\/wp\/v2\/types\/post"}],"author":[{"embeddable":true,"href":"https:\/\/www.europesays.com\/es\/wp-json\/wp\/v2\/users\/2"}],"replies":[{"embeddable":true,"href":"https:\/\/www.europesays.com\/es\/wp-json\/wp\/v2\/comments?post=246039"}],"version-history":[{"count":0,"href":"https:\/\/www.europesays.com\/es\/wp-json\/wp\/v2\/posts\/246039\/revisions"}],"wp:featuredmedia":[{"embeddable":true,"href":"https:\/\/www.europesays.com\/es\/wp-json\/wp\/v2\/media\/246040"}],"wp:attachment":[{"href":"https:\/\/www.europesays.com\/es\/wp-json\/wp\/v2\/media?parent=246039"}],"wp:term":[{"taxonomy":"category","embeddable":true,"href":"https:\/\/www.europesays.com\/es\/wp-json\/wp\/v2\/categories?post=246039"},{"taxonomy":"post_tag","embeddable":true,"href":"https:\/\/www.europesays.com\/es\/wp-json\/wp\/v2\/tags?post=246039"}],"curies":[{"name":"wp","href":"https:\/\/api.w.org\/{rel}","templated":true}]}}