{"id":246042,"date":"2025-11-20T09:14:09","date_gmt":"2025-11-20T09:14:09","guid":{"rendered":"https:\/\/www.europesays.com\/es\/246042\/"},"modified":"2025-11-20T09:14:09","modified_gmt":"2025-11-20T09:14:09","slug":"irritacion-en-la-ue-por-el-plan-de-paz-de-ee-uu-y-rusia-dw-20-11-2025","status":"publish","type":"post","link":"https:\/\/www.europesays.com\/es\/246042\/","title":{"rendered":"Irritaci\u00f3n en la UE por el plan de paz de EE.UU. y Rusia \u2013 DW \u2013 20\/11\/2025"},"content":{"rendered":"<p>El medio estadounidense Axios revel\u00f3 el mi\u00e9rcoles, 19 de noviembre de 2025, que <a class=\"internal-link\" href=\"https:\/\/www.dw.com\/es\/eeuu-negocia-en-secreto-con-rusia-para-poner-fin-a-la-guerra\/a-74800362\" rel=\"nofollow noopener\" target=\"_blank\">existe un plan<\/a> que negocian Washington y <a class=\"internal-link\" href=\"https:\/\/www.dw.com\/es\/rusia\/t-17410119\" rel=\"nofollow noopener\" target=\"_blank\">Rusia<\/a> para terminar el conflicto de m\u00e1s de tres a\u00f1os en <a class=\"internal-link\" href=\"https:\/\/www.dw.com\/es\/ucrania\/t-36925922\" rel=\"nofollow noopener\" target=\"_blank\">Ucrania<\/a>.<\/p>\n<p><a class=\"internal-link\" href=\"https:\/\/www.dw.com\/es\/merz-confirma-contactos-con-trump-por-plan-de-paz-ucraniano\/a-74813350\" rel=\"nofollow noopener\" target=\"_blank\">El proyecto<\/a> contempla que Kiev <a class=\"internal-link\" href=\"https:\/\/www.dw.com\/es\/eeuu-presiona-a-ucrania-para-ceder-territorio-a-rusia\/a-74814226\" rel=\"nofollow noopener\" target=\"_blank\">ceda territorio<\/a> y reduzca a la mitad su ej\u00e9rcito. Asimismo, la propuesta exige que Ucrania ceda su armamento de largo alcance.<\/p>\n<p>Las reacciones en Europa no se han hecho esperar: \u00abPara que un plan funcione, es necesario que los ucranianos y los europeos se impliquen, eso est\u00e1 muy claro\u00bb, zanj\u00f3 ante la prensa en Bruselas la jefa de la diplomacia europea, Kaja Kallas.<\/p>\n<p>\u00abTenemos que entender que, en esta guerra, hay un agresor y una v\u00edctima\u00bb, agreg\u00f3. \u00abRusia podr\u00eda terminar la guerra inmediatamente si deja de bombardear y matar pero no hemos visto concesiones (&#8230;), subray\u00f3. \u00abNo hemos o\u00eddo hablar de ninguna concesi\u00f3n por parte de Rusia\u00bb, a\u00f1adi\u00f3 Kallas.\u00a0<\/p>\n<p>Paz como sin\u00f3nimo de capitulaci\u00f3n\u00a0<\/p>\n<p>\u00a0<\/p>\n<p>El plan propuesto por <a class=\"internal-link\" href=\"https:\/\/www.dw.com\/es\/estados-unidos\/t-17411942\" rel=\"nofollow noopener\" target=\"_blank\">Estados Unidos<\/a>\u00a0parece alinearse con las demandas de Rusia, que Kiev ha rechazado repetidamente como un sin\u00f3nimo de capitulaci\u00f3n. Kallas afirm\u00f3 que, por lo que ella sab\u00eda, no ha habido ninguna aportaci\u00f3n al plan por parte de Ucrania ni de sus aliados europeos.<\/p>\n<p>\u00abLa paz no puede ser la capitulaci\u00f3n\u00bb, a\u00f1adi\u00f3 el ministro franc\u00e9s de Asuntos Exteriores, Jean-No\u00ebl Barrot, a su llegada a Bruselas para una reuni\u00f3n con sus hom\u00f3logos de la Uni\u00f3n Europea. \u00abLos ucranianos siempre rechazar\u00e1n cualquier forma de capitulaci\u00f3n\u00bb, insisti\u00f3, y record\u00f3 que los europeos defienden el principio de una paz \u00abjusta\u00bb y \u00abduradera\u00bb.<\/p>\n<p>ms (afp\/reuters)<\/p>\n<p>\u00a0<\/p>\n<p>\u00a0<\/p>\n<p>\u00a0<\/p>\n","protected":false},"excerpt":{"rendered":"El medio estadounidense Axios revel\u00f3 el mi\u00e9rcoles, 19 de noviembre de 2025, que existe un plan que negocian&hellip;\n","protected":false},"author":2,"featured_media":246043,"comment_status":"","ping_status":"","sticky":false,"template":"","format":"standard","meta":{"footnotes":""},"categories":[42],"tags":[17,18,13,14,11,61,62,63,64,19,20,9,10,15,16,12,21,22,65,66,67],"class_list":{"0":"post-246042","1":"post","2":"type-post","3":"status-publish","4":"format-standard","5":"has-post-thumbnail","7":"category-internacional","8":"tag-breaking-news","9":"tag-breakingnews","10":"tag-featured-news","11":"tag-featurednews","12":"tag-headlines","13":"tag-internacional","14":"tag-international","15":"tag-international-news","16":"tag-internationalnews","17":"tag-latest-news","18":"tag-latestnews","19":"tag-news","20":"tag-noticias","21":"tag-noticias-destacadas","22":"tag-noticiasdestacadas","23":"tag-titulares","24":"tag-ultimas-noticias","25":"tag-ultimasnoticias","26":"tag-world","27":"tag-world-news","28":"tag-worldnews"},"share_on_mastodon":{"url":"","error":""},"_links":{"self":[{"href":"https:\/\/www.europesays.com\/es\/wp-json\/wp\/v2\/posts\/246042","targetHints":{"allow":["GET"]}}],"collection":[{"href":"https:\/\/www.europesays.com\/es\/wp-json\/wp\/v2\/posts"}],"about":[{"href":"https:\/\/www.europesays.com\/es\/wp-json\/wp\/v2\/types\/post"}],"author":[{"embeddable":true,"href":"https:\/\/www.europesays.com\/es\/wp-json\/wp\/v2\/users\/2"}],"replies":[{"embeddable":true,"href":"https:\/\/www.europesays.com\/es\/wp-json\/wp\/v2\/comments?post=246042"}],"version-history":[{"count":0,"href":"https:\/\/www.europesays.com\/es\/wp-json\/wp\/v2\/posts\/246042\/revisions"}],"wp:featuredmedia":[{"embeddable":true,"href":"https:\/\/www.europesays.com\/es\/wp-json\/wp\/v2\/media\/246043"}],"wp:attachment":[{"href":"https:\/\/www.europesays.com\/es\/wp-json\/wp\/v2\/media?parent=246042"}],"wp:term":[{"taxonomy":"category","embeddable":true,"href":"https:\/\/www.europesays.com\/es\/wp-json\/wp\/v2\/categories?post=246042"},{"taxonomy":"post_tag","embeddable":true,"href":"https:\/\/www.europesays.com\/es\/wp-json\/wp\/v2\/tags?post=246042"}],"curies":[{"name":"wp","href":"https:\/\/api.w.org\/{rel}","templated":true}]}}