{"id":246054,"date":"2025-11-20T09:26:09","date_gmt":"2025-11-20T09:26:09","guid":{"rendered":"https:\/\/www.europesays.com\/es\/246054\/"},"modified":"2025-11-20T09:26:09","modified_gmt":"2025-11-20T09:26:09","slug":"el-barroquista-lanza-otra-historia-de-la-musicalo-que-hace-rosalia-en-este-disco-ya-lo-hicieron-antes-los-beatles","status":"publish","type":"post","link":"https:\/\/www.europesays.com\/es\/246054\/","title":{"rendered":"El Barroquista lanza\u00a0\u00abOtra historia de la m\u00fasica\u00bb:\u00abLo que hace Rosal\u00eda en este disco ya lo hicieron antes los Beatles\u00bb"},"content":{"rendered":"<p>\t\t\t\t\t\tEl Barroquista cierra hoy una trilog\u00eda dedicada a las artes con \u00abOtra historia de la m\u00fasica\u00bb<br \/>\n\t\t\t\t\t\t<strong>20 nov 2025<\/strong> . Actualizado a las 05:00 h.\t\t\t\t\t\t<\/p>\n<p class=\"txt first-paragraph\">&#13;<br \/>\n    \t \u00abEl mashup es perfecto\u00bb. Miguel \u00c1ngel Cajigal Vera, El Barroquista, levanta el smartphone y hace sonar a la vez, en una sola canci\u00f3n, Halo de Beyonc\u00e9 y Already gone de Kelly Clarkson. El gesto, por&#13;\n\t<\/p>\n<p>&#13;<br \/>\n\t\t\t\t\tContenido exclusivo para suscriptores&#13;\n\t\t\t\t<\/p>\n<p>\t\t\t\t\tContin\u00faa leyendo con un 75% dto.<\/p>\n<p>\t\t\t\t\t\tAdel\u00e1ntate al Black Friday<br \/>\n\t\t\t\t\t\t\t\t\t\t\t\t18\u20ac\/a\u00f1o<br \/>\n\t\t\t\t\t\tSuscripci\u00f3n WEB\t\t\t\t\t\t<\/p>\n<p>\t\t\t\t\t\t<a href=\"https:\/\/elquiosco.lavozdegalicia.es\/suscripciones\/19-46-suscripcion-webapp.html?dllvdg=0003_202511G20P38991&amp;urlData=https:\/\/www.lavozdegalicia.es\/noticia\/cultura\/2025\/11\/20\/rosalia-disco-hicieron-beatles\/0003_202511G20P38991.htm\" class=\"btn-brand btn sz-t-s no-brd t-sserif pd-h-2 btnAddToCart\" data-analytics-event=\"addToCart\" data-product-name=\"Suscripci\u00f3n WEB+APP\" data-product-price=\"18.00 \" data-product-coupon=\"2025_NOVIEMBRE_18E_WEB_ANUAL\" data-product-periodicity=\"Anual\" rel=\"nofollow noopener\" target=\"_blank\">Suscr\u00edbete <\/a>\t\t\t\t\t\t<\/p>\n<p>\t\t\t\t\t&#13;<br \/>\n\t\t\t\t\t\u00bfYa eres suscriptor? <a href=\"https:\/\/miperfil.lavozdegalicia.es\/login.jsp?url=https:\/\/www.lavozdegalicia.es\/noticia\/cultura\/2025\/11\/20\/rosalia-disco-hicieron-beatles\/0003_202511G20P38991.htm\" class=\"c-white\" rel=\"nofollow noopener\" target=\"_blank\">Inicia sesi\u00f3n<\/a>&#13;<\/p>\n","protected":false},"excerpt":{"rendered":"El Barroquista cierra hoy una trilog\u00eda dedicada a las artes con \u00abOtra historia de la m\u00fasica\u00bb 20 nov&hellip;\n","protected":false},"author":2,"featured_media":246055,"comment_status":"","ping_status":"","sticky":false,"template":"","format":"standard","meta":{"footnotes":""},"categories":[174],"tags":[255,146,147,25,24,256,225,185,4147,23,6620],"class_list":{"0":"post-246054","1":"post","2":"type-post","3":"status-publish","4":"format-standard","5":"has-post-thumbnail","7":"category-famosos","8":"tag-celebrities","9":"tag-entertainment","10":"tag-entretenimiento","11":"tag-es","12":"tag-espana","13":"tag-famosos","14":"tag-libros","15":"tag-musica","16":"tag-rosalia","17":"tag-spain","18":"tag-the-beatles"},"share_on_mastodon":{"url":"https:\/\/pubeurope.com\/@es\/115581313658540167","error":""},"_links":{"self":[{"href":"https:\/\/www.europesays.com\/es\/wp-json\/wp\/v2\/posts\/246054","targetHints":{"allow":["GET"]}}],"collection":[{"href":"https:\/\/www.europesays.com\/es\/wp-json\/wp\/v2\/posts"}],"about":[{"href":"https:\/\/www.europesays.com\/es\/wp-json\/wp\/v2\/types\/post"}],"author":[{"embeddable":true,"href":"https:\/\/www.europesays.com\/es\/wp-json\/wp\/v2\/users\/2"}],"replies":[{"embeddable":true,"href":"https:\/\/www.europesays.com\/es\/wp-json\/wp\/v2\/comments?post=246054"}],"version-history":[{"count":0,"href":"https:\/\/www.europesays.com\/es\/wp-json\/wp\/v2\/posts\/246054\/revisions"}],"wp:featuredmedia":[{"embeddable":true,"href":"https:\/\/www.europesays.com\/es\/wp-json\/wp\/v2\/media\/246055"}],"wp:attachment":[{"href":"https:\/\/www.europesays.com\/es\/wp-json\/wp\/v2\/media?parent=246054"}],"wp:term":[{"taxonomy":"category","embeddable":true,"href":"https:\/\/www.europesays.com\/es\/wp-json\/wp\/v2\/categories?post=246054"},{"taxonomy":"post_tag","embeddable":true,"href":"https:\/\/www.europesays.com\/es\/wp-json\/wp\/v2\/tags?post=246054"}],"curies":[{"name":"wp","href":"https:\/\/api.w.org\/{rel}","templated":true}]}}