{"id":246056,"date":"2025-11-20T09:27:12","date_gmt":"2025-11-20T09:27:12","guid":{"rendered":"https:\/\/www.europesays.com\/es\/246056\/"},"modified":"2025-11-20T09:27:12","modified_gmt":"2025-11-20T09:27:12","slug":"delapuente-el-van-gogh-espanol-y-catolico-cuyo-color-vuelve-a-brillar-medio-siglo-despues","status":"publish","type":"post","link":"https:\/\/www.europesays.com\/es\/246056\/","title":{"rendered":"Delapuente, el Van Gogh espa\u00f1ol y cat\u00f3lico cuyo color vuelve a brillar medio siglo despu\u00e9s"},"content":{"rendered":"<p class=\"paragraph\">El Ilustre Colegio Oficial de M\u00e9dicos de Madrid, en pleno c\u00edrculo del arte capitalino, acoge a <b>Fernando Delapuente, el pintor olvidado tras su muerte<\/b> inesperada el 1 de noviembre de 1975. Lo ha recuperado la Fundaci\u00f3n Methos en una exposici\u00f3n comisariada por Andr\u00e9s Barb\u00e9 Riesco en cuyo consejo asesor figuran Fernando Ray\u00f3n, Manuel Vilches, Antonio Puerta y Jos\u00e9 Benito Rodr\u00edguez.<\/p>\n<p>Ingeniero industrial y pintor<\/p>\n<p class=\"paragraph\">El arte colorido de un ingeniero que quiso ser pintor y lo fue. Uno de los buenos y olvidado como Van Gogh, al que se aprecia en algunos cielos europeos de Delapuente, <b>creador de escenarios pict\u00f3ricos personal\u00edsimos que recuerdan a algo y a alguien<\/b>, que resultan familiares en su \u00abvangoghsidad\u00bb, por ejemplo, o en su abstracci\u00f3n o en su \u00abmodiglianismo\u00bb, todo influencias cosechadas como identidad.<\/p>\n<p class=\"c-detail__media__subtitle composite_image\">\n<p>        Vista de sala de la exposici\u00f3n \u00abFernando Delapuente\u00bb en el colegio de m\u00e9dicos de MadridPaloma Hiranda<\/p>\n<p class=\"paragraph\"><b>Cuadros decorativos, bonitos a simple vista e importantes en profundidad, como si tuvieran futuro en la cr\u00edtica y en el mercado cincuenta a\u00f1os despu\u00e9s<\/b> de este bienvenido (re)descubrimiento para el arte y para su historia. Hay en el Colegio de M\u00e9dicos una suerte de impresi\u00f3n a aquella primera exposici\u00f3n neoyorquina filmada de Basquiat en la pel\u00edcula hom\u00f3nima y dirigida por el pintor Julian Schnabel, quien fue su amigo (de Basquiat).<\/p>\n<p class=\"c-detail__media__subtitle composite_image\">\n<p>        Le Paris de Notre Dame (1958)<\/p>\n<p class=\"paragraph\">La Place Blanche de Par\u00eds, con el Moulin Rouge destacado, de 1958, antecede el estilo de quien firmaba como el grafitero SAMO antes de explotar en el famoso art\u00edculo de Art Forum: El chico radiante. <b>En La Place Blanche Delapuente es un \u00abhombre radiante\u00bb<\/b> cuyas letreros podr\u00eda haber pintado m\u00e1s de veinte a\u00f1os despu\u00e9s el joven artista con or\u00edgenes haitianos.<\/p>\n<p class=\"c-detail__media__subtitle composite_image\">\n<p>        Vista de sala de la exposici\u00f3n \u00abFernando Delapuente\u00bb en el colegio de m\u00e9dicos de MadridPaloma Hiranda<\/p>\n<p class=\"paragraph\">Antes de esto, Fernando Delapuente es un dibujante consumado, lo que se aprecia en algunos de sus retratos primeros de la d\u00e9cada de los 40.<b> Su padre le empuja a estudiar Derecho para que se haga notario, carrera que abandona despu\u00e9s de una brev\u00edsima toma de contacto, y termina estudiando ingenier\u00eda industrial<\/b>. A mitad de la carrera empieza a estudiar tambi\u00e9n Bellas Artes, en direcci\u00f3n a su aut\u00e9ntico impulso creativo en el que se ven con claridad las influencias de su otro yo acad\u00e9mico como \u00abconstructor de escenarios\u00bb.<\/p>\n<p class=\"c-detail__media__subtitle composite_image\">\n<p>        Autorretrato (1952)<\/p>\n<p class=\"paragraph\">Ese otro yo tambi\u00e9n se aprecia en la evoluci\u00f3n de su pintura, precisamente en esos retratos principiantes (principiantes solo por ser del principio) y en los siguientes <b>tras el descubrimiento del color en Italia. En el primer autorretrato posterior, Delapuente es otro art\u00edsticamente<\/b>, lo que se refleja tambi\u00e9n, de forma casi fant\u00e1stica, en lo f\u00edsico: una mutaci\u00f3n asombrosa. Una nueva forma, una nueva mirada del artista que se recarga en la experiencia y en la contemplaci\u00f3n.<\/p>\n<p>\u00abPintor de Madrid\u00bb<\/p>\n<p class=\"paragraph\">Con esas particularidades conocidas, familiares y, sin embargo, extraordinariamente propias. Es <b>el gozoso hallazgo de un pintor nuevo que muri\u00f3 hace medio siglo<\/b>. El viajero \u00abpintor de Madrid\u00bb que evolucion\u00f3 desde sus escenarios romanos y parisinos a un mayor detalle en el dibujo de la capital de Espa\u00f1a. Durante la Rep\u00fablica trabaj\u00f3 en la Azucarera de Madrid, en Arganda del Rey, que pint\u00f3.<\/p>\n<p class=\"c-detail__media__subtitle composite_image\">\n<p>        Place Blanche (1958)<\/p>\n<p class=\"paragraph\"><b>El levantamiento militar del 36 le pilla yendo al trabajo. Le detienen y le env\u00edan a la checa de (c\u00f3mo no) Bellas Artes, donde es interrogado y luego puesto en libertad<\/b>. Tiene 26 a\u00f1os y cree que ya no hay futuro como si fuera un joven y desesperanzado Stefan Zweig. Se refugia en la embajada de Cuba y logra pasar a la zona nacional, donde conoce a \u00c1lvaro del Portillo, por el que ingresa como miembro numerario en el Opus Dei.<\/p>\n<p>Cl\u00e1sico y moderno<\/p>\n<p class=\"paragraph\">El fin de la guerra es el comienzo de su etapa cl\u00e1sica hasta que en los 50 descubre el color en Italia. Abandona la velazquiana \u00abpaleta castellana\u00bb y se vuelca en el color tras una suerte de epifan\u00eda en una iglesia en N\u00e1poles y la irrupci\u00f3n de la luz sobre una virgen. Vuelve a Espa\u00f1a y luego viaja a Par\u00eds como un pintor casi desconocido. Al morir, su padre regresa de nuevo en 1958 antes de ir a Londres. <b>Delapuente es un pintor cl\u00e1sico y moderno, la conjunci\u00f3n casi perfecta entre lo vanguardista y lo cl\u00e1sico<\/b>, entre el fauvismo de Matisse o Der\u00e1in.<\/p>\n<p class=\"c-detail__media__subtitle composite_image\">\n<p>        Vista de sala de la exposici\u00f3n \u00abFernando Delapuente\u00bb en el colegio de m\u00e9dicos de MadridPaloma Hiranda<\/p>\n<p class=\"paragraph\">El pintor que vendi\u00f3 mucho en su vida plena hasta los a\u00f1os 70, antes de que le sorprendiera la muerte en 1975, tras la que fue olvidado incomprensible e injustamente. Pero ya est\u00e1 aqu\u00ed otra vez, como nuevo, desde sus estudios de cabeza hasta <b>los cielos europeos y espa\u00f1oles del Van Gogh santanderino y cat\u00f3lico<\/b> que tambi\u00e9n pas\u00f3 por la abstracci\u00f3n y su mar Cant\u00e1brico y abandon\u00f3 las muchas y bellas \u00abnoches estrelladas\u00bb por los cielos despejados en sus lienzos de Madrid.<\/p>\n","protected":false},"excerpt":{"rendered":"El Ilustre Colegio Oficial de M\u00e9dicos de Madrid, en pleno c\u00edrculo del arte capitalino, acoge a Fernando Delapuente,&hellip;\n","protected":false},"author":2,"featured_media":246057,"comment_status":"","ping_status":"","sticky":false,"template":"","format":"standard","meta":{"footnotes":""},"categories":[173],"tags":[229,233,231,230,232,234,146,147,25,24,23],"class_list":{"0":"post-246056","1":"post","2":"type-post","3":"status-publish","4":"format-standard","5":"has-post-thumbnail","7":"category-arte-y-diseno","8":"tag-arte","9":"tag-arte-y-diseno","10":"tag-arts","11":"tag-arts-and-design","12":"tag-design","13":"tag-diseno","14":"tag-entertainment","15":"tag-entretenimiento","16":"tag-es","17":"tag-espana","18":"tag-spain"},"share_on_mastodon":{"url":"https:\/\/pubeurope.com\/@es\/115581317490835716","error":""},"_links":{"self":[{"href":"https:\/\/www.europesays.com\/es\/wp-json\/wp\/v2\/posts\/246056","targetHints":{"allow":["GET"]}}],"collection":[{"href":"https:\/\/www.europesays.com\/es\/wp-json\/wp\/v2\/posts"}],"about":[{"href":"https:\/\/www.europesays.com\/es\/wp-json\/wp\/v2\/types\/post"}],"author":[{"embeddable":true,"href":"https:\/\/www.europesays.com\/es\/wp-json\/wp\/v2\/users\/2"}],"replies":[{"embeddable":true,"href":"https:\/\/www.europesays.com\/es\/wp-json\/wp\/v2\/comments?post=246056"}],"version-history":[{"count":0,"href":"https:\/\/www.europesays.com\/es\/wp-json\/wp\/v2\/posts\/246056\/revisions"}],"wp:featuredmedia":[{"embeddable":true,"href":"https:\/\/www.europesays.com\/es\/wp-json\/wp\/v2\/media\/246057"}],"wp:attachment":[{"href":"https:\/\/www.europesays.com\/es\/wp-json\/wp\/v2\/media?parent=246056"}],"wp:term":[{"taxonomy":"category","embeddable":true,"href":"https:\/\/www.europesays.com\/es\/wp-json\/wp\/v2\/categories?post=246056"},{"taxonomy":"post_tag","embeddable":true,"href":"https:\/\/www.europesays.com\/es\/wp-json\/wp\/v2\/tags?post=246056"}],"curies":[{"name":"wp","href":"https:\/\/api.w.org\/{rel}","templated":true}]}}