{"id":246060,"date":"2025-11-20T09:31:08","date_gmt":"2025-11-20T09:31:08","guid":{"rendered":"https:\/\/www.europesays.com\/es\/246060\/"},"modified":"2025-11-20T09:31:08","modified_gmt":"2025-11-20T09:31:08","slug":"tom-felton-ha-vuelto-a-interpretar-a-draco-malfoy-en-harry-potter-y-se-ha-reencontrado-con-su-padre-de-la-ficcion-te-quiero-papa","status":"publish","type":"post","link":"https:\/\/www.europesays.com\/es\/246060\/","title":{"rendered":"Tom Felton ha vuelto a interpretar a Draco Malfoy en \u2018Harry Potter\u2019 y se ha reencontrado con su padre de la ficci\u00f3n: \u201cTe quiero, pap\u00e1\u201d"},"content":{"rendered":"<p class=\"\">La redenci\u00f3n de Draco Malfoy se produjo en los \u00faltimos compases de \u2018Harry Potter\u2019. Hasta entonces, el mago de Slytherin no cej\u00f3 en su empe\u00f1o de enfrentarse a Harry y a sus amigos, en gran parte por la influencia de su padre, Lucius Malfoy. Su pasado como mort\u00edfago queda atr\u00e1s en \u2018Harry Potter y el legado maldito\u2019, <b>obra de teatro <\/b>en la que Tom Felton <a href=\"https:\/\/as.com\/meristation\/cine\/el-mitico-actor-de-harry-potter-que-ha-vuelto-a-interpretar-su-papel-tras-14-anos-no-podria-estar-mas-emocionado-f202511-n\/\" target=\"_self\" rel=\"nofollow noopener\" title=\"https:\/\/as.com\/meristation\/cine\/el-mitico-actor-de-harry-potter-que-ha-vuelto-a-interpretar-su-papel-tras-14-anos-no-podria-estar-mas-emocionado-f202511-n\/\">ha vuelto a interpretar<\/a> a Draco. En ese contexto, se ha producido un reencuentro muy esperado.<\/p>\n<p class=\"\">Jason Isaacs, que interpret\u00f3 a Lucius Malfoy en las pel\u00edculas de \u2018Harry Potter\u2019, ha acudido a Broadway para arropar a Felton en el estreno de la obra. \u201cVine y vi. Ha conquistado\u201d, ha publicado Isaacs en Instagram, en clara referencia al \u2018Veni, vidi, vici\u2019 de Julio C\u00e9sar. \u201c<b>Ten\u00edas tus propias botas gigantes que llenar, hijo, y has reventado sus costuras<\/b>. Pelotas como huevos de avestruz. Qu\u00e9 valiente, qu\u00e9 orgullo. Contento de estar all\u00ed\u201d. <\/p>\n<p>Tom Felton cree que ha sido una reuni\u00f3n \u201cm\u00e1gica\u201d<\/p>\n<p class=\"\">En las fotos aparece tambi\u00e9n Aidan Close, que interpreta a Scorpius Malfoy, el hijo de Draco. Felton ha publicado su propia fotograf\u00eda con el siguiente mensaje: \u201cNadie lo hace como los Malfoy: <b>tres generaciones que se encuentran por primera vez sobre el escenario<\/b>. No hace falta decir que ha sido m\u00e1gico. Te quiero, pap\u00e1, te quiero, hijo\u201d. Felton ha recibido <a href=\"https:\/\/as.com\/meristation\/cine\/tom-felton-draco-malfoy-vuelve-a-harry-potter-15-anos-despues-y-las-redes-vuelven-viral-su-emotivo-recibimiento-f202511-n\/\" target=\"_self\" rel=\"nofollow noopener\" title=\"https:\/\/as.com\/meristation\/cine\/tom-felton-draco-malfoy-vuelve-a-harry-potter-15-anos-despues-y-las-redes-vuelven-viral-su-emotivo-recibimiento-f202511-n\/\">una calurosa ovaci\u00f3n<\/a> por parte del p\u00fablico y la emoci\u00f3n lo ha embargado. <\/p>\n<p class=\"\">Mientras la obra de teatro tiene lugar, e<b>l equipo de HBO est\u00e1 rodando la primera temporada de la serie de \u2018Harry Potter\u2019<\/b>. En esta producci\u00f3n, Lox Pratt ser\u00e1 Draco Malfoy, mientras que su padre ser\u00e1 interpretado por Johnny Flynn.<\/p>\n<p>Noticias relacionadas<\/p>\n<p class=\"\">Suscr\u00edbete al <a href=\"https:\/\/www.youtube.com\/@meristation\" target=\"_self\" rel=\"nofollow noopener\" title=\"https:\/\/www.youtube.com\/@meristation\">canal de MeriStation en YouTube<\/a>, tu web de videojuegos y entretenimiento para conocer todas las noticias y novedades sobre el mundo del videojuego, cine, series, manga y anime. An\u00e1lisis, entrevistas, tr\u00e1ileres, gameplays, p\u00f3dcast y mucho m\u00e1s. Tambi\u00e9n te animamos a seguir <a href=\"https:\/\/www.tiktok.com\/@meristation\" rel=\"nofollow noopener\" title=\"https:\/\/www.tiktok.com\/@meristation\" target=\"_blank\">nuestra cuenta de TikTok<\/a>. <\/p>\n<p class=\"\">\u00a1S\u00edguenos en ambas y, si est\u00e1s interesado en licenciar este contenido, pincha <a href=\"https:\/\/profesional.elpais.com\/soluciones-sindicacion?utm_medium=interno&amp;utm_source=crosslinking&amp;utm_campaign=sindicacion_as_pie_articulos\" target=\"_blank\" rel=\"nofollow noopener\" title=\"https:\/\/profesional.elpais.com\/soluciones-sindicacion?utm_medium=interno&amp;utm_source=crosslinking&amp;utm_campaign=sindicacion_as_pie_articulos\">aqu\u00ed<\/a>!<\/p>\n<p><script async src=\"\/\/www.tiktok.com\/embed.js\"><\/script><\/p>\n","protected":false},"excerpt":{"rendered":"La redenci\u00f3n de Draco Malfoy se produjo en los \u00faltimos compases de \u2018Harry Potter\u2019. Hasta entonces, el mago&hellip;\n","protected":false},"author":2,"featured_media":246061,"comment_status":"","ping_status":"","sticky":false,"template":"","format":"standard","meta":{"footnotes":""},"categories":[169],"tags":[177,146,147,25,24,176,175,23],"class_list":{"0":"post-246060","1":"post","2":"type-post","3":"status-publish","4":"format-standard","5":"has-post-thumbnail","7":"category-cine","8":"tag-cine","9":"tag-entertainment","10":"tag-entretenimiento","11":"tag-es","12":"tag-espana","13":"tag-film","14":"tag-movies","15":"tag-spain"},"share_on_mastodon":{"url":"https:\/\/pubeurope.com\/@es\/115581333308841466","error":""},"_links":{"self":[{"href":"https:\/\/www.europesays.com\/es\/wp-json\/wp\/v2\/posts\/246060","targetHints":{"allow":["GET"]}}],"collection":[{"href":"https:\/\/www.europesays.com\/es\/wp-json\/wp\/v2\/posts"}],"about":[{"href":"https:\/\/www.europesays.com\/es\/wp-json\/wp\/v2\/types\/post"}],"author":[{"embeddable":true,"href":"https:\/\/www.europesays.com\/es\/wp-json\/wp\/v2\/users\/2"}],"replies":[{"embeddable":true,"href":"https:\/\/www.europesays.com\/es\/wp-json\/wp\/v2\/comments?post=246060"}],"version-history":[{"count":0,"href":"https:\/\/www.europesays.com\/es\/wp-json\/wp\/v2\/posts\/246060\/revisions"}],"wp:featuredmedia":[{"embeddable":true,"href":"https:\/\/www.europesays.com\/es\/wp-json\/wp\/v2\/media\/246061"}],"wp:attachment":[{"href":"https:\/\/www.europesays.com\/es\/wp-json\/wp\/v2\/media?parent=246060"}],"wp:term":[{"taxonomy":"category","embeddable":true,"href":"https:\/\/www.europesays.com\/es\/wp-json\/wp\/v2\/categories?post=246060"},{"taxonomy":"post_tag","embeddable":true,"href":"https:\/\/www.europesays.com\/es\/wp-json\/wp\/v2\/tags?post=246060"}],"curies":[{"name":"wp","href":"https:\/\/api.w.org\/{rel}","templated":true}]}}