{"id":246071,"date":"2025-11-20T09:37:11","date_gmt":"2025-11-20T09:37:11","guid":{"rendered":"https:\/\/www.europesays.com\/es\/246071\/"},"modified":"2025-11-20T09:37:11","modified_gmt":"2025-11-20T09:37:11","slug":"pipo-el-cabecilla-de-los-lobos-detenido-en-espana-defiende-la-validez-de-su-certificado-de-defuncion","status":"publish","type":"post","link":"https:\/\/www.europesays.com\/es\/246071\/","title":{"rendered":"\u2018Pipo\u2019, el cabecilla de Los Lobos detenido en Espa\u00f1a, defiende la validez de su certificado de defunci\u00f3n"},"content":{"rendered":"<p wf_formattings=\"a,b\" class=\"c-text\"><a href=\"https:\/\/www.primicias.ec\/seguridad\/alias-pipo-extradicion-ecuador-espana-carcel-encuentro-bandas-lobos-109652\/\" title=\"Alias &#039;Pipo&#039; ser\u00eda extraditado a Ecuador e ir\u00eda a la C\u00e1rcel del Encuentro, dice ministro de Defensa\" rel=\"nofollow noopener\" target=\"_blank\">Alias \u2018Pipo\u2019,<br \/>\nm\u00e1ximo cabecilla de la organizaci\u00f3n terrorista Los Lobos,<\/a> ya litiga por su<br \/>\nlibertad en las cortes de Ecuador, <a href=\"https:\/\/www.primicias.ec\/sucesos\/capturado-alias-pipo-tuerto-wilmer-chavarria-lobos-ecuador-109540\/\" rel=\"nofollow noopener\" target=\"_blank\">dos d\u00edas despu\u00e9s de que fuera detenido en<br \/>\nEspa\u00f1a<\/a> y que un tribunal reabriera el caso por el que cumpl\u00eda sentencia cuando<br \/>\nfingi\u00f3 su muerte en 2021.<\/p>\n<p wf_formattings=\"a,b\" class=\"c-text\">Wilmer<br \/>\nGeovanny Chavarr\u00eda Barre, de 39 a\u00f1os, fue capturado<b> cuando llegaba con un<br \/>\ndocumento falso a la ciudad de M\u00e1laga\u00a0(Espa\u00f1a)<\/b>, procedente de Marruecos, el domingo 16<br \/>\nde noviembre de 2025, durante el <b>operativo internacional Renacer, entre la<br \/>\nPolic\u00eda espa\u00f1ola y ecuatoriana.<\/b><\/p>\n<p wf_formattings=\"a,b\" class=\"c-text\">Considerado<br \/>\npor el presidente Daniel Noboa<b> como \u2018el objetivo de m\u00e1s alto valor\u2019 en Ecuador,<\/b><br \/>\n<a href=\"https:\/\/www.primicias.ec\/sucesos\/estados-unidos-felicitacion-captura-pipo-ecuador-109564\/\" title=\"Estados Unidos y gobiernos de otros pa\u00edses felicitan a Ecuador por la captura de alias &#039;Pipo&#039;\" rel=\"nofollow noopener\" target=\"_blank\">alias \u2018Pipo\u2019 guarda prisi\u00f3n en Espa\u00f1a <\/a>mientras Ecuador tramita su<br \/>\nextradici\u00f3n <b>para que sea juzgado por su responsabilidad en unos 400 cr\u00edmenes<\/b>,<br \/>\nseg\u00fan las declaraciones del ministro del Interior, John Reimberg.<\/p>\n<p wf_formattings=\"a,b\" class=\"c-text\">No obstante,\u00a0<b>el caso que m\u00e1s le preocupa al cabecilla de Los Lobos\u00a0<\/b>tiene sede en Cuenca, donde el 27 de octubre del 2010 fue sentenciado a 16 a\u00f1os de reclusi\u00f3n por el delito de robo con muerte.<\/p>\n<p wf_formattings=\"a,b\" class=\"c-text\">La ma\u00f1ana del 3 de julio de 2010, <a href=\"https:\/\/www.primicias.ec\/seguridad\/crimen-sentencia-alias-pipo-cabecilla-lobos-captura-prision-muerte-ecuador-109665\/\" title=\"Este fue el delito por el que fue sentenciado alias \u2018Pipo\u2019, el cabecilla de Los Lobos capturado en Espa\u00f1a, antes de fingir su muerte\" rel=\"nofollow noopener\" target=\"_blank\">\u2018Pipo\u2019 se present\u00f3<br \/>\ncon terno oscuro, credencial falsa<\/a> y un malet\u00edn ejecutivo en el que guardaba<br \/>\nuna ametralladora y, junto a dos hombres, asalt\u00f3 una agencia bancaria, rob\u00f3 USD<br \/>\n38.000 y en la huida, <b>durante un cruce de balas, provoc\u00f3 tres muertos y tres<br \/>\nheridos.<\/b><\/p>\n<p><img decoding=\"async\" loading=\"lazy\" width=\"820\" height=\"325\" alt=\"thumb\" src=\"https:\/\/www.europesays.com\/es\/wp-content\/uploads\/2025\/11\/69024067b2e48.jpeg\"\/>Im\u00e1genes de la Polic\u00eda durante el operativo contra Los Lobos, ejecutado en Quito el 29 de octubre de 2025.Polic\u00eda del Ecuador<\/p>\n<p wf_formattings=\"a,b\" class=\"c-text\">Por este<br \/>\ncaso cumpli\u00f3 prisi\u00f3n y <b>hab\u00eda accedido a los beneficios de la prelibertad <\/b>cuando<br \/>\nfingi\u00f3 su muerte el 23 de febrero del 2021, <b>atribuida a una \u201cneumon\u00eda por Covid-19\u2019<\/b><br \/>\nque le provoc\u00f3 un \u2018infarto agudo de miocardio\u2019. Con su \u2018muerte\u2019<b> pidi\u00f3 al Tribunal<br \/>\nde Garant\u00edas Penales de Cuenca que declare la extinci\u00f3n de la pena<\/b>, en<br \/>\nseptiembre de ese a\u00f1o.<\/p>\n<p wf_formattings=\"a,b\" class=\"c-text\">\u201cEn virtud<br \/>\nde que <a href=\"https:\/\/www.primicias.ec\/seguridad\/alias-pipo-lobos-prision-preventiva-espana-extradicion-entrega-ecuador-109738\/\" title=\"Alias &#039;Pipo&#039; va a prisi\u00f3n preventiva en Espa\u00f1a, mientras se analiza su extradici\u00f3n a Ecuador\" rel=\"nofollow noopener\" target=\"_blank\">Wilmer Geovanny Chavarr\u00eda Barre ha fallecido en Santo Domingo<\/a>, seg\u00fan<b><br \/>\nconsta en el certificado de defunci\u00f3n<\/b> de la Corporaci\u00f3n de Registro Civil de<br \/>\nGuayaquil solicito que se declare la extinci\u00f3n de la pena\u201d, solicit\u00f3 Carlos<br \/>\nGallegos, abogado de \u2018Pipo\u2019.<\/p>\n<p wf_formattings=\"a,b\" class=\"c-text\">El mismo<br \/>\ntribunal de Cuenca que en 2021 cerr\u00f3 la causa judicial<b> resolvi\u00f3 reabrir este<br \/>\ncaso el 16 de noviembre de 2025, <\/b>tras conocerse de la captura de alias \u2018Pipo\u2019,<br \/>\ny declar\u00f3 <b>\u201cla nulidad de la extinci\u00f3n de la pena\u201d. <\/b>\u201cConsecuentemente la pena<br \/>\nimpuesta en sentencia se encuentra vigente, debiendo cumplirse la misma por el<br \/>\ntiempo que corresponde\u201d, aprob\u00f3 el tribunal.<\/p>\n<p wf_formattings=\"a,b\" class=\"c-text\"><a href=\"https:\/\/www.primicias.ec\/seguridad\/captura-pipo-lobos-riesgo-carceles-mundo-criminal-bandas-ecuador-109625\/\" title=\"Qu\u00e9 efectos podr\u00eda tener la captura de &#039;Pipo&#039; en el entorno criminal de Ecuador y qui\u00e9n se perfila para reemplazarlo\" rel=\"nofollow noopener\" target=\"_blank\">La corte<br \/>\ndispuso, adem\u00e1s, la localizaci\u00f3n y captura del procesado<\/a>, \u201cquien estar\u00eda<br \/>\nhaciendo uso de la identificaci\u00f3n falsa colombiana con los datos de<b> Danilo<br \/>\nRam\u00f3n Fern\u00e1ndez Calder\u00f3n, <\/b>expedida en Valledupar el 09\/08\/2021\u201d.<\/p>\n<p><img decoding=\"async\" loading=\"lazy\" width=\"820\" height=\"325\" alt=\"thumb\" src=\"https:\/\/www.europesays.com\/es\/wp-content\/uploads\/2025\/11\/68b71d15cfbe4.r_d.497-336.jpeg\"\/>Los ciudadanos detenidos y presuntos integrantes de Los Lobos, 2 de septiembre de 2025.Polic\u00eda NacionalLa respuesta de &#8216;Pipo&#8217;<\/p>\n<p wf_formattings=\"a,b\" class=\"c-text\"><b>La respuesta<br \/>\nde alias \u2018Pipo\u2019 no se hizo esperar. <\/b>El mismo abogado que solicit\u00f3 a su nombre<br \/>\nla extinci\u00f3n de la pena en 2021, present\u00f3 el martes 18 de noviembre de 2025 un<br \/>\nescrito en el que <b>refuta la decisi\u00f3n de los jueces del tribunal, de reabrir el<br \/>\ncaso.<\/b><\/p>\n<p wf_formattings=\"a,b\" class=\"c-text\">\u201cNo se<br \/>\npuede apreciar claramente las disposiciones legales y procesales en que<b> el<br \/>\ntribunal se basa para declarar la nulidad, <\/b>es por ello que dicho auto se torna<br \/>\noscuro y ambiguo, puesto que no existe una claridad l\u00f3gica que nos permite<br \/>\nestablecer <b>qu\u00e9 fundamentos jur\u00eddicos se aplican en dicho auto para declarar la<br \/>\nnulidad\u201d<\/b>, se\u00f1al\u00f3 en su escrito el abogado Carlos Gallegos.<\/p>\n<p wf_formattings=\"a,b\" class=\"c-text\"><a href=\"https:\/\/www.primicias.ec\/politica\/presidente-ecuador-daniel-noboa-consulta-popular-referendum-captura-alias-pipo-109547\/\" title=\"Presidente de Ecuador Daniel Noboa vot\u00f3 en Ol\u00f3n y destac\u00f3 captura de alias &#039;Pipo&#039; de Los Lobos\" rel=\"nofollow noopener\" target=\"_blank\">Wilmer<br \/>\nChavarr\u00eda Barre,<\/a> representado por su defensor, alega normas constitucionales para<br \/>\nrechazar la decisi\u00f3n del tribunal,<b> entre ellas \u201cel derecho a la seguridad<br \/>\njur\u00eddica<\/b> constante en el art\u00edculo 82 y el 83 de la Constituci\u00f3n de la Rep\u00fablica<br \/>\nen cuanto a los derechos y responsabilidades de los ecuatorianos\u201d.<\/p>\n<p wf_formattings=\"a,b\" class=\"c-text\"><a href=\"https:\/\/www.primicias.ec\/seguridad\/lobos-alias-pipo-atentados-daniel-noboa-dubai-109558\/\" title=\"El grupo de alias &#039;Pipo&#039; financi\u00f3 desde Espa\u00f1a atentados para amedrentar al presidente Daniel Noboa\" rel=\"nofollow noopener\" target=\"_blank\">Alias \u2018Pipo\u2019<br \/>\ndefiende, al menos judicialmente, la legalidad de su acta de defunci\u00f3n<\/a>. En el<br \/>\nescrito al tribunal se\u00f1ala que la nulidad de la extinci\u00f3n de su sentencia no<br \/>\nprocede pues <b>no existe ninguna sentencia o proceso judicial en Ecuador que<br \/>\ninvalide o anule el acta de su defunci\u00f3n<\/b> y, de existir, pide que<br \/>\nse le informe en qu\u00e9 juzgado se encuentra la investigaci\u00f3n.<\/p>\n<p wf_formattings=\"a,b\" class=\"c-text\">Tambi\u00e9n<br \/>\npide que el tribunal le aclare si para anular la extinci\u00f3n de su sentencia por el<br \/>\ndelito de robo con muerte contaron con alg\u00fan documento o \u201csentencia<br \/>\ncondenatoria ejecutoriada en la que se sancione a una persona por el <b>uso de<br \/>\ndocumento falso (acta de defunci\u00f3n) en cuanto al se\u00f1or Chavarr\u00eda Barre\u201d.<\/b><\/p>\n<blockquote class=\"c-detail__blockquote\">\n<p>\u201cQue el tribunal se sirva aclarar si cuenta con documentaci\u00f3n certificada de una pericia documentol\u00f3gica para determinar que el formulario INEC es falsificado, e indicar si producto de la falsificaci\u00f3n de ese documento hay personas investigadas, procesadas o sentenciadas\u201d.<\/p>\n<p>Carlos Gallegos, defensor de alias &#8216;Pipo&#8217;<\/p><\/blockquote>\n<p wf_formattings=\"a,b\" class=\"c-text\"><a href=\"https:\/\/www.primicias.ec\/seguridad\/crimen-sentencia-alias-pipo-cabecilla-lobos-captura-prision-muerte-ecuador-109665\/\" title=\"Este fue el delito por el que fue sentenciado alias \u2018Pipo\u2019, el cabecilla de Los Lobos capturado en Espa\u00f1a, antes de fingir su muerte\" rel=\"nofollow noopener\" target=\"_blank\">La supuesta<br \/>\nmuerte del cabecilla de Los Lobos qued\u00f3 documentada<\/a> por varias entidades, entre<br \/>\nellas<b> el Registro Civil y el Instituto Ecuatoriano de Estad\u00edsticas y Censos<br \/>\n(INEC)<\/b>. En el expediente judicial cuencano consta que la Fiscal\u00eda present\u00f3 en febrero<br \/>\ndel 2022 ante el tribunal un informe que ordena que la defunci\u00f3n de alias \u2018Pipo\u2019<br \/>\n<b>\u201csolo se emita por tr\u00e1mite judicial\u201d.<\/b><\/p>\n<p wf_formattings=\"a,b\" class=\"c-text\">Esto, debido<br \/>\na que, \u201cen raz\u00f3n de una investigaci\u00f3n fiscal, se conoce que el formulario INEC,<br \/>\nsuscrito por la doctora Mar\u00eda Esther V. M., requisito para la inscripci\u00f3n de la<b><br \/>\ndefunci\u00f3n del ciudadano Chavarr\u00eda Barre Wilmer Geovanny, es falsificado\u201d.<\/b><\/p>\n<p wf_formattings=\"a,b\" class=\"c-text\">El tribunal<br \/>\nde garant\u00edas penales de Cuenca hab\u00eda cerrado el caso de alias \u2018Pipo\u2019 acogiendo<br \/>\nun pedido de la Fiscal\u00eda que argument\u00f3 el art\u00edculo 97 del C\u00f3digo Penal que \u201cdeclara<br \/>\nla extinci\u00f3n de la pena por muerte de la persona procesada\u201d. \u201cApoyando su afirmaci\u00f3n<br \/>\nen <a href=\"https:\/\/www.primicias.ec\/seguridad\/crimen-sentencia-alias-pipo-cabecilla-lobos-captura-prision-muerte-ecuador-109665\/\" title=\"Este fue el delito por el que fue sentenciado alias \u2018Pipo\u2019, el cabecilla de Los Lobos capturado en Espa\u00f1a, antes de fingir su muerte\" rel=\"nofollow noopener\" target=\"_blank\">el certificado de defunci\u00f3n de quien en vida se llamara Wilmer Chavarr\u00eda<br \/>\nBarre\u201d.<\/a><\/p>\n","protected":false},"excerpt":{"rendered":"Alias \u2018Pipo\u2019, m\u00e1ximo cabecilla de la organizaci\u00f3n terrorista Los Lobos, ya litiga por su libertad en las cortes&hellip;\n","protected":false},"author":2,"featured_media":246072,"comment_status":"","ping_status":"","sticky":false,"template":"","format":"standard","meta":{"footnotes":""},"categories":[42],"tags":[13884,17,18,13,14,11,61,62,63,64,19,20,61799,9,10,15,16,12,21,22,65,66,67],"class_list":{"0":"post-246071","1":"post","2":"type-post","3":"status-publish","4":"format-standard","5":"has-post-thumbnail","7":"category-internacional","8":"tag-alias","9":"tag-breaking-news","10":"tag-breakingnews","11":"tag-featured-news","12":"tag-featurednews","13":"tag-headlines","14":"tag-internacional","15":"tag-international","16":"tag-international-news","17":"tag-internationalnews","18":"tag-latest-news","19":"tag-latestnews","20":"tag-los-lobos","21":"tag-news","22":"tag-noticias","23":"tag-noticias-destacadas","24":"tag-noticiasdestacadas","25":"tag-titulares","26":"tag-ultimas-noticias","27":"tag-ultimasnoticias","28":"tag-world","29":"tag-world-news","30":"tag-worldnews"},"share_on_mastodon":{"url":"https:\/\/pubeurope.com\/@es\/115581357141266728","error":""},"_links":{"self":[{"href":"https:\/\/www.europesays.com\/es\/wp-json\/wp\/v2\/posts\/246071","targetHints":{"allow":["GET"]}}],"collection":[{"href":"https:\/\/www.europesays.com\/es\/wp-json\/wp\/v2\/posts"}],"about":[{"href":"https:\/\/www.europesays.com\/es\/wp-json\/wp\/v2\/types\/post"}],"author":[{"embeddable":true,"href":"https:\/\/www.europesays.com\/es\/wp-json\/wp\/v2\/users\/2"}],"replies":[{"embeddable":true,"href":"https:\/\/www.europesays.com\/es\/wp-json\/wp\/v2\/comments?post=246071"}],"version-history":[{"count":0,"href":"https:\/\/www.europesays.com\/es\/wp-json\/wp\/v2\/posts\/246071\/revisions"}],"wp:featuredmedia":[{"embeddable":true,"href":"https:\/\/www.europesays.com\/es\/wp-json\/wp\/v2\/media\/246072"}],"wp:attachment":[{"href":"https:\/\/www.europesays.com\/es\/wp-json\/wp\/v2\/media?parent=246071"}],"wp:term":[{"taxonomy":"category","embeddable":true,"href":"https:\/\/www.europesays.com\/es\/wp-json\/wp\/v2\/categories?post=246071"},{"taxonomy":"post_tag","embeddable":true,"href":"https:\/\/www.europesays.com\/es\/wp-json\/wp\/v2\/tags?post=246071"}],"curies":[{"name":"wp","href":"https:\/\/api.w.org\/{rel}","templated":true}]}}