{"id":246073,"date":"2025-11-20T09:38:15","date_gmt":"2025-11-20T09:38:15","guid":{"rendered":"https:\/\/www.europesays.com\/es\/246073\/"},"modified":"2025-11-20T09:38:15","modified_gmt":"2025-11-20T09:38:15","slug":"la-mayoria-de-los-votantes-de-pp-y-vox-no-tiene-una-opinion-negativa-del-franquismo-sociedad","status":"publish","type":"post","link":"https:\/\/www.europesays.com\/es\/246073\/","title":{"rendered":"La mayor\u00eda de los votantes de PP y Vox no tiene una opini\u00f3n negativa del franquismo | Sociedad"},"content":{"rendered":"<p class=\"loc\">Madrid<\/p>\n<p>La mayor\u00eda de los espa\u00f1oles valora negativamente el r\u00e9gimen de Francisco Franco. M\u00e1s de la mitad de la sociedad, el 55%, tiene una opini\u00f3n negativa sobre esa etapa de nuestra historia, seg\u00fan la encuesta elaborada por 40dB. para la SER y El Pa\u00eds con motivo del 50 aniversario de la muerte del dictador.<\/p>\n<p><img decoding=\"async\" src=\"https:\/\/www.europesays.com\/es\/wp-content\/uploads\/2025\/11\/QR7SA47NNRAOLMKMKPXDSSUK7I.jpg\" alt=\"Los espa\u00f1oles creen que hay que abrir las fosas comunes y devolver los restos a sus familiares\" width=\"240\" height=\"135\"  loading=\"lazy\"\/><\/p>\n<p>El 25% de los encuestados no la valora ni bien ni mal y el 15% asegura tener una visi\u00f3n positiva. Sin embargo, el electorado de derechas es mucho menos cr\u00edtico con el franquismo que la poblaci\u00f3n general. Entre los votantes del PP, solo el 38% lo valora negativamente, el 37% ni bien ni mal y el 20% bien o muy bien. Vox, por su parte, es el \u00fanico partido en el que hay m\u00e1s partidarios que detractores del r\u00e9gimen.<\/p>\n<p>Entre los votantes de esta formaci\u00f3n de ultraderecha, solo el 17% lo valora mal o muy mal, el 37% ni bien ni mal y el 42% tiene una opini\u00f3n positiva o muy positiva de la dictadura de Franco. En todas las generaciones son las mujeres quienes peor valoran la dictadura franquista, mientras que los hombres m\u00e1s j\u00f3venes son los que mejor opini\u00f3n tienen de ella.<\/p>\n<p>M\u00e1s informaci\u00f3n<\/p>\n<p>Los espa\u00f1oles tienen muy claro que las \u00e1reas en las que el franquismo impact\u00f3 m\u00e1s negativamente fueron la igualdad de g\u00e9nero (68%), las libertades y derechos civiles (68%) y la imagen internacional de Espa\u00f1a (55%). Sin embargo, un 34% de los espa\u00f1oles considera que la dictadura tuvo efectos positivos sobre la econom\u00eda y casi un 30% tambi\u00e9n cree que fue beneficiosa para la educaci\u00f3n, el bienestar y la calidad de vida.<\/p>\n<p>Tanto los electores de Vox como los del PP consideran que el r\u00e9gimen de Franco tuvo un impacto positivo en la econom\u00eda, la educaci\u00f3n y la cultura, el bienestar y la cohesi\u00f3n social y territorial de Espa\u00f1a. Sin embargo, penalizan al franquismo en t\u00e9rminos de libertades e igualdad de g\u00e9nero.<\/p>\n<p>Por sexos, las mujeres de las diferentes generaciones valoran de manera m\u00e1s negativa el impacto del franquismo en todas las esferas. Los hombres m\u00e1s j\u00f3venes suelen ser los m\u00e1s indulgentes con el r\u00e9gimen e incluso consideran que tuvo un impacto positivo en la econom\u00eda.<\/p>\n<p>Respecto al \u00e1mbito m\u00e1s personal, la encuesta de 40dB. el 46% de los espa\u00f1oles declara que el franquismo tuvo un impacto negativo en su familia, el 23% asegura que no tuvo ning\u00fan efecto, mientras que el 17% sostiene que tuvo consecuencias positivas.<\/p>\n<p>Sin embargo, en los electorados de PP y Vox son m\u00e1s quienes consideran que el franquismo benefici\u00f3 a su familia que quienes opinan lo contrario. El 25,5% de los votantes del PP sostiene que el r\u00e9gimen fue positivo para su entorno familiar, un 38% responde que no tuvo ning\u00fan efecto y un 23% que tuvo un impacto negativo. En el caso de los votantes de Vox, el 37% dice que el franquismo fue bueno para su familia, un 28% que no tuvo ning\u00fan efecto y el 22% que fue malo.<\/p>\n<p>En general, las mujeres perciben en mayor medida que los hombres que el franquismo perjudic\u00f3 a sus familias. Una vez m\u00e1s, los hombres m\u00e1s j\u00f3venes son quienes tienden a ver una relaci\u00f3n m\u00e1s positiva entre su entorno familiar y el r\u00e9gimen de Franco.<\/p>\n<p><img decoding=\"async\" src=\"https:\/\/www.europesays.com\/es\/wp-content\/uploads\/2025\/11\/QY655A7TIRHNBGFTOFEBP243JE.png\" alt=\"\u00bfQu\u00e9 impacto tuvo el franquismo en las siguientes esferas?\" width=\"4\" height=\"3\"  loading=\"lazy\"\/><\/p>\n<p>\u00bfQu\u00e9 impacto tuvo el franquismo en las siguientes esferas?<\/p>\n<p>Ampliar<img decoding=\"async\" src=\"https:\/\/www.europesays.com\/es\/wp-content\/uploads\/2025\/11\/1763631493_435_QY655A7TIRHNBGFTOFEBP243JE.png\" alt=\"\u00bfQu\u00e9 impacto tuvo el franquismo en las siguientes esferas?\" width=\"4\" height=\"3\" loading=\"lazy\"\/><\/p>\n<p>\u00bfQu\u00e9 impacto tuvo el franquismo en las siguientes esferas?<\/p>\n<p>CerrarLa transici\u00f3n<\/p>\n<p>Una ampl\u00edsima mayor\u00eda de los espa\u00f1oles (82%) considera que la muerte de Franco supuso un cambio importante o total para Espa\u00f1a. Esta opini\u00f3n es generalizada en los electorados de todos los partidos, aunque son los votantes de Podemos los \u00fanicos que est\u00e1n por debajo de la media nacional. Y aun as\u00ed, el 65% del electorado morado cree que la muerte del dictador cambi\u00f3 Espa\u00f1a de manera trascendente.<\/p>\n<p>Tambi\u00e9n todas las generaciones coinciden en que la desaparici\u00f3n de Franco conllev\u00f3 grandes cambios para nuestro pa\u00eds. Respecto a c\u00f3mo se valora ese cambio, casi el 70% de los espa\u00f1oles considera que fue positivo. Esta percepci\u00f3n es compartida de manera extensa por todos los electorados, salvo el de Vox, que est\u00e1 muy dividido a este respecto.<\/p>\n<p><img decoding=\"async\" src=\"https:\/\/www.europesays.com\/es\/wp-content\/uploads\/2025\/11\/Y7XGCEGKC5F5FJP6ST2WUOLDKI.png\" alt=\"\u00bfEl cambio fue para bien o para mal?\" width=\"4\" height=\"3\"  loading=\"lazy\"\/><\/p>\n<p>\u00bfEl cambio fue para bien o para mal?<\/p>\n<p>Ampliar<img decoding=\"async\" src=\"https:\/\/www.europesays.com\/es\/wp-content\/uploads\/2025\/11\/1763631495_417_Y7XGCEGKC5F5FJP6ST2WUOLDKI.png\" alt=\"\u00bfEl cambio fue para bien o para mal?\" width=\"4\" height=\"3\" loading=\"lazy\"\/><\/p>\n<p>\u00bfEl cambio fue para bien o para mal?<\/p>\n<p>Cerrar<\/p>\n<p>La mayor\u00eda de la ciudadan\u00eda considera que la Transici\u00f3n construy\u00f3 una democracia comparable a las europeas y que fue un ejercicio colectivo de reconciliaci\u00f3n, aunque casi 8 de cada 10 piensan que se podr\u00eda haber ido a\u00fan m\u00e1s lejos.<\/p>\n<p>Hay m\u00e1s divisi\u00f3n sobre que la izquierda y la derecha no tuvieron las mismas oportunidades durante la Transici\u00f3n. Esa divisi\u00f3n se evidencia por electorados. Los votantes de derecha creen que todas las ideolog\u00edas tuvieron las mismas opciones y los de izquierda, justo lo contrario.<\/p>\n<p>Las generaciones m\u00e1s mayores tienen una visi\u00f3n general m\u00e1s favorable de la transici\u00f3n, en especial en su papel de ejercicio colectivo de reconciliaci\u00f3n y en su labor de construcci\u00f3n de la democracia. Pese a la visi\u00f3n positiva general, hay unos 40 puntos de diferencia entre los m\u00e1s mayores y los m\u00e1s j\u00f3venes.<\/p>\n<p>El franquismo en la Espa\u00f1a actual<\/p>\n<p>La mayor\u00eda de los espa\u00f1oles cree que el franquismo dej\u00f3 consecuencias que todav\u00eda hoy se perciben en Espa\u00f1a, sobre todo en la pol\u00edtica, la iglesia y la sociedad, pero tambi\u00e9n en el Ej\u00e9rcito, las Fuerzas y Cuerpos de seguridad y el poder judicial.<\/p>\n<p>Los votantes de derechas solo perciben consecuencias, y m\u00ednimas, en la pol\u00edtica. Los de izquierdas, por contra, las observan en todos los \u00e1mbitos e instituciones. Parad\u00f3jicamente, las generaciones j\u00f3venes identifican m\u00e1s huellas del franquismo en la Espa\u00f1a de hoy que sus mayores.<\/p>\n<p>Respecto a qu\u00e9 partidos presentan lazos o similitudes ideol\u00f3gicas con el franquismo, siete de cada diez espa\u00f1oles piensan que Vox. Y cinco de cada diez creen que el PP tambi\u00e9n. Todos los electorados perciben v\u00ednculos ideol\u00f3gicos del franquismo con Vox, pero solo los de izquierda los ven tambi\u00e9n en el PP. Todas las generaciones perciben los lazos de Vox con el franquismo, pero la percepci\u00f3n es mayor entre las de m\u00e1s edad.<\/p>\n<p>Casi tres de cada cuatro espa\u00f1oles, un 74%, piensan que la democracia es preferible a cualquier otra forma de gobierno. No obstante, un 17% cree que un r\u00e9gimen autoritario puede ser preferible en determinadas circunstancias. Al 9% le es indiferente una forma de gobierno u otra. Entre las generaciones m\u00e1s j\u00f3venes, es decir, las que no han vivido bajo la dictadura, son casi un 25% los que justifican un r\u00e9gimen autoritario en determinadas circunstancias.<\/p>\n<p>La encuesta se realiz\u00f3 mediante 2.000 entrevistas online en toda Espa\u00f1a entre el 24 y el 26 de octubre de 2025 con un margen de error de \u00b12,2%.<\/p>\n","protected":false},"excerpt":{"rendered":"Madrid La mayor\u00eda de los espa\u00f1oles valora negativamente el r\u00e9gimen de Francisco Franco. M\u00e1s de la mitad de&hellip;\n","protected":false},"author":2,"featured_media":246074,"comment_status":"","ping_status":"","sticky":false,"template":"","format":"standard","meta":{"footnotes":""},"categories":[8],"tags":[17,18,25,24,13,14,11,19,20,9,10,15,16,23,12,21,22],"class_list":{"0":"post-246073","1":"post","2":"type-post","3":"status-publish","4":"format-standard","5":"has-post-thumbnail","7":"category-espana","8":"tag-breaking-news","9":"tag-breakingnews","10":"tag-es","11":"tag-espana","12":"tag-featured-news","13":"tag-featurednews","14":"tag-headlines","15":"tag-latest-news","16":"tag-latestnews","17":"tag-news","18":"tag-noticias","19":"tag-noticias-destacadas","20":"tag-noticiasdestacadas","21":"tag-spain","22":"tag-titulares","23":"tag-ultimas-noticias","24":"tag-ultimasnoticias"},"share_on_mastodon":{"url":"https:\/\/pubeurope.com\/@es\/115581361346035290","error":""},"_links":{"self":[{"href":"https:\/\/www.europesays.com\/es\/wp-json\/wp\/v2\/posts\/246073","targetHints":{"allow":["GET"]}}],"collection":[{"href":"https:\/\/www.europesays.com\/es\/wp-json\/wp\/v2\/posts"}],"about":[{"href":"https:\/\/www.europesays.com\/es\/wp-json\/wp\/v2\/types\/post"}],"author":[{"embeddable":true,"href":"https:\/\/www.europesays.com\/es\/wp-json\/wp\/v2\/users\/2"}],"replies":[{"embeddable":true,"href":"https:\/\/www.europesays.com\/es\/wp-json\/wp\/v2\/comments?post=246073"}],"version-history":[{"count":0,"href":"https:\/\/www.europesays.com\/es\/wp-json\/wp\/v2\/posts\/246073\/revisions"}],"wp:featuredmedia":[{"embeddable":true,"href":"https:\/\/www.europesays.com\/es\/wp-json\/wp\/v2\/media\/246074"}],"wp:attachment":[{"href":"https:\/\/www.europesays.com\/es\/wp-json\/wp\/v2\/media?parent=246073"}],"wp:term":[{"taxonomy":"category","embeddable":true,"href":"https:\/\/www.europesays.com\/es\/wp-json\/wp\/v2\/categories?post=246073"},{"taxonomy":"post_tag","embeddable":true,"href":"https:\/\/www.europesays.com\/es\/wp-json\/wp\/v2\/tags?post=246073"}],"curies":[{"name":"wp","href":"https:\/\/api.w.org\/{rel}","templated":true}]}}