{"id":246081,"date":"2025-11-20T09:47:09","date_gmt":"2025-11-20T09:47:09","guid":{"rendered":"https:\/\/www.europesays.com\/es\/246081\/"},"modified":"2025-11-20T09:47:09","modified_gmt":"2025-11-20T09:47:09","slug":"el-palencia-baloncesto-toma-carrerilla-en-la-copa-espana","status":"publish","type":"post","link":"https:\/\/www.europesays.com\/es\/246081\/","title":{"rendered":"El Palencia Baloncesto toma carrerilla en la Copa Espa\u00f1a"},"content":{"rendered":"<p>El S\u00faper Agropal Palencia sell\u00f3 este mi\u00e9rcoles su billete para cuartos de final de la Copa Espa\u00f1a en Azpeitia a costa del Biele ISB. Los  &#8230; de Natxo Lezkano, tras una primera mitad muy igualada, impusieron su talento y acierto en la segunda, firmando un contundente triunfo por 59-92. El conjunto morado sustent\u00f3 la victoria en un 40% de acierto en triples y el dominio del rebote, adem\u00e1s de un tercer cuarto excelso en ataque. Los mejores fueron Adam Kunkel y Alec Wintering, con 17 y 15 puntos, respectivamente, tirando del carro en los momentos decisivos del duelo. Los palentinos disputar\u00e1n los cuartos de final en casa frente al Obradoiro el 7-8 de enero y su pr\u00f3ximo compromiso liguero ser\u00e1 este s\u00e1bado en el Pabell\u00f3n Municipal de Deportes ante el Movistar Estudiantes.<\/p>\n<p class=\"v-p\">Arranc\u00f3 el partido con m\u00e1ximo desacierto por parte de ambos equipos. Ninguno de los dos logr\u00f3 anotar durante el primer minuto y medio de juego, con una bandeja de Wintering abriendo por fin el marcador. Cinco puntos seguidos de Ardanza colocaban de nuevo a los locales por delante. Xabi Oroz, sobre el reloj de posesi\u00f3n y desde el triple, daba otra vez la vuelta al marcador y Sagna, tras un rebote ofensivo, restablec\u00eda las tablas (9-9). <\/p>\n<p class=\"v-p\">Miranda, desde la personal, y una falta sobre Badji provocaban el primer tiempo muerto de Natxo Lezkano a falta de poco m\u00e1s de dos minutos. El S\u00faper Agropal Palencia puso una marcha m\u00e1s en defensa y super\u00f3 notablemente al Biele ISB. Una bandeja de Jakovics tras robo y una canasta de media distancia de Alec Wintering cerraban el primer cuarto (14-18).<\/p>\n<p class=\"v-p\">Las buenas sensaciones palentinas perduraron en el inicio del segundo cuarto. Una canasta frontal de Borg y un 2+1 de Ugochukwu colocaban la m\u00e1xima ventaja en el marcador hasta ese momento (16-23). Reaccion\u00f3 el Biele ISB a golpe de triple. Un acierto lejan\u00edsimo y sobre la bocina de Aizpitarte y otro desde la esquina de Olaizola volv\u00edan a meter de lleno a los locales en el partido. Natxo Lezkano par\u00f3 el partido ante los problemas ofensivos del conjunto morado. <\/p>\n<p class=\"v-p\">Wintering y un triple de Kamba permit\u00edan al S\u00faper Agropal mantenerle el pulso a un conjunto vasco. Jakovics contra el cristal y tras penetrar provocaba el primer tiempo muerto de \u00cd\u00f1igo N\u00fa\u00f1ez a falta de poco menos de tres minutos para el descanso. Biele ISB domin\u00f3 la recta final a base de aciertos desde la personal. Un \u00faltimo 2+1 de Kunkel en la \u00faltima posesi\u00f3n del cuarto permit\u00eda al S\u00faper Agropal llegar al descanso uno arriba (37-38).<\/p>\n<p class=\"v-p\">El paso por vestuarios le sent\u00f3 mejor al Biele ISB. Un 2+1 de salida, aciertos desde la personal de Sagna y el S\u00faper Agropal en bonus a falta de ocho minutos para cerrar el tercer cuarto (41-41). La contundente reacci\u00f3n del S\u00faper Agropal lleg\u00f3 de una sensacional defensa y un excelso Kunkel en ataque. Ocho puntos seguidos del escolta americano romp\u00edan definitivamente el partido, previo a una t\u00e9cnica al propio Kunkel por protestar (43-54). <\/p>\n<p class=\"v-p\">Los locales no lograban anotar y los de Natxo Lezkano terminaron sentenciando el partido. Un 2+1 de Wintering echaba el cierre al cuarto con un abultado 49-70 tras la gran igualdad de la primera parte.<\/p>\n<p class=\"v-p\">El \u00faltimo cuarto apenas tuvo historia vista la enorme diferencia en el marcador. El S\u00faper Agropal no quit\u00f3 el pie del acelerador, con una buena canasta de Jakovics y un 2+1 de Kamba en los dos primeros minutos de juego. Las p\u00e9rdidas y los aciertos de Vrankic y Wintering provocaban un nuevo tiempo muerto local para intentar frenar la constante sangr\u00eda (57-83). En el regreso a pista, t\u00e9cnica al banquillo de Biele ISB y triple de Vrankic. En el \u00faltimo minuto, todav\u00eda hubo tiempo para un peque\u00f1o l\u00edo. Triple de Kunkel y tras un enfrentamiento con Sagna, el escolta fue expulsado al se\u00f1alar los colegiados doble falta antideportiva. Al final, triunfo amplio del S\u00faper Agropal (59-92) y pase a cuartos de final.<\/p>\n","protected":false},"excerpt":{"rendered":"El S\u00faper Agropal Palencia sell\u00f3 este mi\u00e9rcoles su billete para cuartos de final de la Copa Espa\u00f1a en&hellip;\n","protected":false},"author":2,"featured_media":246082,"comment_status":"","ping_status":"","sticky":false,"template":"","format":"standard","meta":{"footnotes":""},"categories":[269],"tags":[299,298,46653,2493,168,25,24,6442,23,167,4350],"class_list":{"0":"post-246081","1":"post","2":"type-post","3":"status-publish","4":"format-standard","5":"has-post-thumbnail","7":"category-baloncesto","8":"tag-baloncesto","9":"tag-basketball","10":"tag-carrerilla","11":"tag-copa","12":"tag-deportes","13":"tag-es","14":"tag-espana","15":"tag-palencia","16":"tag-spain","17":"tag-sports","18":"tag-toma"},"share_on_mastodon":{"url":"https:\/\/pubeurope.com\/@es\/115581396247595992","error":""},"_links":{"self":[{"href":"https:\/\/www.europesays.com\/es\/wp-json\/wp\/v2\/posts\/246081","targetHints":{"allow":["GET"]}}],"collection":[{"href":"https:\/\/www.europesays.com\/es\/wp-json\/wp\/v2\/posts"}],"about":[{"href":"https:\/\/www.europesays.com\/es\/wp-json\/wp\/v2\/types\/post"}],"author":[{"embeddable":true,"href":"https:\/\/www.europesays.com\/es\/wp-json\/wp\/v2\/users\/2"}],"replies":[{"embeddable":true,"href":"https:\/\/www.europesays.com\/es\/wp-json\/wp\/v2\/comments?post=246081"}],"version-history":[{"count":0,"href":"https:\/\/www.europesays.com\/es\/wp-json\/wp\/v2\/posts\/246081\/revisions"}],"wp:featuredmedia":[{"embeddable":true,"href":"https:\/\/www.europesays.com\/es\/wp-json\/wp\/v2\/media\/246082"}],"wp:attachment":[{"href":"https:\/\/www.europesays.com\/es\/wp-json\/wp\/v2\/media?parent=246081"}],"wp:term":[{"taxonomy":"category","embeddable":true,"href":"https:\/\/www.europesays.com\/es\/wp-json\/wp\/v2\/categories?post=246081"},{"taxonomy":"post_tag","embeddable":true,"href":"https:\/\/www.europesays.com\/es\/wp-json\/wp\/v2\/tags?post=246081"}],"curies":[{"name":"wp","href":"https:\/\/api.w.org\/{rel}","templated":true}]}}