{"id":246093,"date":"2025-11-20T09:54:32","date_gmt":"2025-11-20T09:54:32","guid":{"rendered":"https:\/\/www.europesays.com\/es\/246093\/"},"modified":"2025-11-20T09:54:32","modified_gmt":"2025-11-20T09:54:32","slug":"el-documental-sobre-el-asturiano-que-fue-clave-para-entender-la-transicion-y-que-dara-mucho-que-hablar","status":"publish","type":"post","link":"https:\/\/www.europesays.com\/es\/246093\/","title":{"rendered":"El documental sobre el asturiano que fue \u00abclave\u00bb para entender la transici\u00f3n y que dar\u00e1 mucho que hablar"},"content":{"rendered":"<p class=\"ft-text\">Lalo Azcona, periodista y empresario, sac\u00f3 ayer a relucir una an\u00e9cdota clave, a menudo importante para explicar este o aquel personaje. Lo cont\u00f3 as\u00ed:<\/p>\n<p class=\"ft-text\">\u2014Jos\u00e9 Luis Balb\u00edn estaba trabajando en el peri\u00f3dico \u2018Pueblo\u2019 en 1961. Por aquel entonces, en una noche de agosto, nos levantamos con que los rusos estaban construyendo un gran muro para partir la ciudad de Berl\u00edn. Nadie sab\u00eda muy bien qu\u00e9 estaba ocurriendo. Emilio Romero, el director, baj\u00f3 desde la planta noble a la redacci\u00f3n. Pregunt\u00f3: \u2018En Berl\u00edn est\u00e1 pasando algo muy raro. \u00bfHay alguien que hable alem\u00e1n?\u2019. Jos\u00e9 Luis tom\u00f3 la palabra: \u2018S\u00ed, director, yo hablo perfectamente alem\u00e1n\u2019. (Hab\u00eda tenido una cuidadora alemana en su ni\u00f1ez). Y as\u00ed fue enviado a Alemania, sin hablar una palabra de alem\u00e1n, pero con un desparpajo fuera de lo com\u00fan\u00bb.<\/p>\n<p class=\"ft-text\"><strong>Balb\u00edn hizo de todo despu\u00e9s de aquello, pero nada se entiende sin \u00abLa Clave\u00bb,<\/strong> el hist\u00f3rico programa de actualidad de Televisi\u00f3n Espa\u00f1ola que marc\u00f3 un antes y un despu\u00e9s en el periodismo espa\u00f1ol y en la transici\u00f3n democr\u00e1tica.<\/p>\n<p class=\"ft-text\">Los secretos de aquel espacio, que cre\u00f3 y present\u00f3 el carism\u00e1tico periodista praviano \u2014fallecido en 2022\u2014, se dan a conocer ahora en el documental \u00abJos\u00e9 Luis Balb\u00edn: Las claves de La Clave\u00bb, estrenado ayer en la Asociaci\u00f3n de la Prensa de Madrid (APM) con notable \u00e9xito de asistencia. El documental, de 50 minutos de duraci\u00f3n, ha sido dirigido por Emilio Ruiz Barrachina e impulsado por la viuda del periodista, Julia Mesonero, que intervino en el acto de presentaci\u00f3n, acompa\u00f1ada por el asturiano Lalo Azcona y por Mar\u00eda Rey, presidenta de la APM. El trabajo sale adelante con motivo del 50.\u00ba aniversario, en 2026, del nacimiento del hist\u00f3rico programa televisivo.<\/p>\n<p class=\"ft-text\">La cinta repasa la trayectoria vital y profesional de Balb\u00edn, que empez\u00f3 su carrera en LA NUEVA ESPA\u00d1A, donde hizo sus primeras pr\u00e1cticas. Asturias tiene en el documental un lugar predominante, con im\u00e1genes de Pravia, donde se crio el periodista, y testimonios de personas que lo conocieron de cerca, como los periodistas Fernando Castedo o Luis Mar\u00eda Ans\u00f3n, as\u00ed como pol\u00edticos como Alfonso Guerra o Jos\u00e9 Manuel Garc\u00eda-Margallo.<\/p>\n<p class=\"ft-text\">Tambi\u00e9n interviene el cantautor asturiano <strong>Jer\u00f3nimo Granda,<\/strong> que fue amigo de Balb\u00edn y lo define como \u00abhombre bravo, educado, con genio y un gran defensor de la familia\u00bb.<\/p>\n<p class=\"ft-text\">Todos los testimonios, as\u00ed como los del coloquio, coincid\u00edan en destacar el esp\u00edritu plural y abierto de La Clave, alejada del sectarismo y de los extremos, en contraposici\u00f3n al panorama pol\u00edtico actual, tendente \u2014destacaban\u2014 a la polarizaci\u00f3n.<\/p>\n<p class=\"ft-text\">\u00abBalb\u00edn propuso hacer un programa rupturista, con un di\u00e1logo abierto, libre, elegante, plural y respetuoso. Intentemos trasladar eso a la realidad de hoy, donde triunfa el insulto y la amenaza\u00bb, asegur\u00f3 Lalo Azcona, que trabaj\u00f3 en TVE y record\u00f3 c\u00f3mo Santiago Carrillo, entonces l\u00edder del Partido Comunista, coincid\u00eda en el programa con Manuel Fraga, fundador de Alianza Popular, adem\u00e1s de hacer migas con Rodolfo Mart\u00edn Villa, que fue ministro con UCD. \u00abCarrillo fue padrino de uno de los hijos de Mart\u00edn Villa. Es como si Pablo Iglesias fuese hoy padrino de un hijo de Abascal. Es inimaginable\u00bb, destac\u00f3.<\/p>\n<p class=\"ft-text\">Mar\u00eda Rey subray\u00f3 que Balb\u00edn fue una figura \u00abirrepetible, que aport\u00f3 much\u00edsimo; cu\u00e1nto a\u00f1oramos el hablar despacio y el escuchar, porque el periodismo no se puede construir sin escuchar\u00bb.<\/p>\n<p class=\"ft-text\">El documental repasa los a\u00f1os que dur\u00f3 La Clave, que empez\u00f3 en 1976 y se mantuvo pr\u00e1cticamente una d\u00e9cada. El \u00faltimo programa se emiti\u00f3 el 20 de diciembre de 1985, aunque hubo uno previsto para el d\u00eda 27, cancelado por TVE, que finalmente se celebr\u00f3 en el hotel Palace. Con un v\u00eddeo casero desde ese hotel arranca la cinta. TVE cancel\u00f3 el programa y Balb\u00edn siempre se\u00f1al\u00f3 a las presiones pol\u00edticas del Gobierno de Felipe Gonz\u00e1lez.<\/p>\n<p class=\"ft-text\">El espacio regresar\u00eda despu\u00e9s con las televisiones privadas, de la mano de Antena 3, entre 1990 y 1993, y Balb\u00edn continuar\u00eda luego su carrera en otros proyectos period\u00edsticos, hasta que abandon\u00f3 la primera l\u00ednea tras sufrir un ictus. Desde entonces, y hasta su fallecimiento, se centr\u00f3 en escribir, en sus memorias y tambi\u00e9n en poes\u00eda, desde una casa en Cudillero, muy cerca de Pravia, pero con vistas al mar.<\/p>\n","protected":false},"excerpt":{"rendered":"Lalo Azcona, periodista y empresario, sac\u00f3 ayer a relucir una an\u00e9cdota clave, a menudo importante para explicar este&hellip;\n","protected":false},"author":2,"featured_media":246094,"comment_status":"","ping_status":"","sticky":false,"template":"","format":"standard","meta":{"footnotes":""},"categories":[169],"tags":[12232,177,12554,6084,1633,146,147,25,24,176,205,175,2330,5330,23,20013,3156],"class_list":{"0":"post-246093","1":"post","2":"type-post","3":"status-publish","4":"format-standard","5":"has-post-thumbnail","7":"category-cine","8":"tag-asturiano","9":"tag-cine","10":"tag-clave","11":"tag-documental","12":"tag-entender","13":"tag-entertainment","14":"tag-entretenimiento","15":"tag-es","16":"tag-espana","17":"tag-film","18":"tag-madrid","19":"tag-movies","20":"tag-prensa","21":"tag-rey","22":"tag-spain","23":"tag-transicion","24":"tag-tve"},"share_on_mastodon":{"url":"https:\/\/pubeurope.com\/@es\/115581423796760248","error":""},"_links":{"self":[{"href":"https:\/\/www.europesays.com\/es\/wp-json\/wp\/v2\/posts\/246093","targetHints":{"allow":["GET"]}}],"collection":[{"href":"https:\/\/www.europesays.com\/es\/wp-json\/wp\/v2\/posts"}],"about":[{"href":"https:\/\/www.europesays.com\/es\/wp-json\/wp\/v2\/types\/post"}],"author":[{"embeddable":true,"href":"https:\/\/www.europesays.com\/es\/wp-json\/wp\/v2\/users\/2"}],"replies":[{"embeddable":true,"href":"https:\/\/www.europesays.com\/es\/wp-json\/wp\/v2\/comments?post=246093"}],"version-history":[{"count":0,"href":"https:\/\/www.europesays.com\/es\/wp-json\/wp\/v2\/posts\/246093\/revisions"}],"wp:featuredmedia":[{"embeddable":true,"href":"https:\/\/www.europesays.com\/es\/wp-json\/wp\/v2\/media\/246094"}],"wp:attachment":[{"href":"https:\/\/www.europesays.com\/es\/wp-json\/wp\/v2\/media?parent=246093"}],"wp:term":[{"taxonomy":"category","embeddable":true,"href":"https:\/\/www.europesays.com\/es\/wp-json\/wp\/v2\/categories?post=246093"},{"taxonomy":"post_tag","embeddable":true,"href":"https:\/\/www.europesays.com\/es\/wp-json\/wp\/v2\/tags?post=246093"}],"curies":[{"name":"wp","href":"https:\/\/api.w.org\/{rel}","templated":true}]}}