{"id":246105,"date":"2025-11-20T10:00:11","date_gmt":"2025-11-20T10:00:11","guid":{"rendered":"https:\/\/www.europesays.com\/es\/246105\/"},"modified":"2025-11-20T10:00:11","modified_gmt":"2025-11-20T10:00:11","slug":"la-ue-exige-su-participacion-y-la-de-ucrania-en-el-supuesto-plan-de-paz","status":"publish","type":"post","link":"https:\/\/www.europesays.com\/es\/246105\/","title":{"rendered":"La UE exige su participaci\u00f3n y la de Ucrania en el supuesto plan de paz"},"content":{"rendered":"<p>La alta representante de la Uni\u00f3n Europea (UE) para Asuntos Exteriores y Seguridad, Kaja Kallas, ha asegurado este jueves que la paz en Ucrania solo se puede alcanzar con la participaci\u00f3n de Ucrania y Los Veintisiete. Responde as\u00ed al supuesto plan de paz que dise\u00f1an EE.UU. y Rusia para poner fin al conflicto, que va camino de cumplir cuatro a\u00f1os el pr\u00f3ximo mes de febrero. <\/p>\n<p>Seg\u00fan recogen medios estadounidenses como Axios o Politico, el plan estar\u00eda compuesto por <strong>28 puntos y en \u00e9l se abordan las garant\u00edas de seguridad para Europa y el futuro de la relaci\u00f3n de Washington tanto con Mosc\u00fa como con Kiev<\/strong>. El Kremlin eludi\u00f3 este mi\u00e9rcoles comentar el nuevo acuerdo que estar\u00eda negociando en secreto con Estados Unidos, sin la participaci\u00f3n ni de Ucrania ni de sus socios europeos. \u00abEn este caso, no hay novedades que pudiera comunicaros\u00bb, dijo a la prensa el portavoz de la Presidencia rusa, Dmitri Peskov, al ser preguntado nuevamente por periodistas sobre posibles negociaciones con Washington al respecto.<\/p>\n<p>Kallas ha insistido este jueves en que, adem\u00e1s de contar con europeos y ucranianos, el plan debe incluir <strong>concesiones por parte de Rusia, que hasta ahora \u00abno hemos o\u00eddo\u00bb<\/strong>.<\/p>\n<p>La UE estudia m\u00e1s presiones a Rusia<\/p>\n<p>La jefa de la diplomacia europea ha se\u00f1alado a su llegada a un Consejo de ministros europeos de la UE que en la reuni\u00f3n se abordar\u00e1 la manera de seguir presionando a Rusia con sanciones, <strong>en particular contra su \u201cflota fantasma\u201d, los barcos que ayudan a Mosc\u00fa a esquivar el tope del precio impuesto al petr\u00f3leo ruso<\/strong>.<\/p>\n<p>\u00abPara poder terminar la guerra, los ucranianos y los europeos tienen que acordar los planes. Rusia podr\u00eda terminar la guerra inmediatamente si deja de bombardear y matar pero no hemos visto concesiones (&#8230;) La paz tiene que ser justa y duradera, que los ucranianos y los europeos est\u00e9n de acuerdo\u00bb, subray\u00f3.<\/p>\n<blockquote>\n<p>\u201cRusia podr\u00eda terminar la guerra inmediatamente si deja de bombardear y matar\u201c<\/p>\n<\/blockquote>\n<p>Sobre el plan del presidente de Estados Unidos, Donald Trump, para terminar con la guerra en Ucrania, Kallas ha subrayado que los europeos \u00absiempre\u00bb han apoyado \u00abuna paz justa y duradera y saludamos todos los esfuerzos, para que un plan funcione\u00bb pero ha insistido en que \u00abes necesario que los ucranianos y los europeos est\u00e9n a bordo\u00bb. \u00abHay que ver qu\u00e9 vamos a hacer con la flota fantasma por el impacto que tiene en los ingresos de Rusia para financiar la guerra\u00bb, ha indicado.<\/p>\n<p>Por otra parte, enfatiz\u00f3 que \u00aben esta guerra hay un agresor y una v\u00edctima\u00bb y que hasta ahora \u00abno hemos o\u00eddo ninguna concesi\u00f3n por parte de Rusia\u00bb. \u00ab<strong>Si Rusia quiere de verdad la paz, podr\u00eda haber acordado un alto el fuego incondicional hace tiempo\u00bb,<\/strong> mientras que \u00abesta misma noche de nuevo hubo bombardeos de civiles\u00bb, que son m\u00e1s del 90% de los objetivos rusos incluidos escuelas, hospitales, apartamentos \u00abpara matar a muchos y causar el mayor sufrimiento\u00bb, a\u00f1ade Kallas.<\/p>\n<p>En la misma l\u00ednea se ha manifestado el ministro espa\u00f1ol de Asuntos Exteriores, Jos\u00e9 Manuel Albares, que ha dicho que cualquier plan sobre el futuro de Ucrania no puede realizarse \u201ca espaldas\u201d de ese pa\u00eds y de la Uni\u00f3n Europea (UE).  \u201cCualquier decisi\u00f3n sobre el futuro de Ucrania, que es un Estado soberano con un Gobierno leg\u00edtimo, que es el del presidente (Volod\u00edmir) Zelenski, elegido democr\u00e1ticamente, no puede hacerse a espaldas en Ucrania, no puede hacerse a espaldas de la Uni\u00f3n Europea y de los europeos tampoco\u201d, indic\u00f3 Albares ante la prensa a su llegada a un Consejo de ministros de Exteriores de la UE. <\/p>\n<p>Apoyo a la Autoridad Palestina<\/p>\n<p>Por otra parte, Kallas ha indicado que en el Consejo de este jueves se hablar\u00e1 tambi\u00e9n del<strong> apoyo a la Autoridad Palestina cuando la ONU ha validado el plan de paz del presidente estadounidense para Gaza<\/strong>. <\/p>\n<p>Hay que hablar, ha dicho, de \u00abc\u00f3mo respaldamos la soluci\u00f3n de los dos Estados, lo que significa que los palestinos tienen que liderar el proceso en Palestina\u00bb y la UE puede \u00abayudar\u00bb en la construcci\u00f3n de confianza, ha dicho Kallas, que a\u00f1ade que har\u00e1 falta \u00abrecursos adicionales\u00bb de los Estados miembros.<\/p>\n<p>En ese contexto, ha se\u00f1alado que <strong>los ministros van a debatir \u00abc\u00f3mo cambiar el mandato\u00bb de las dos misiones del bloque en la regi\u00f3n,<\/strong> que se centran en la asistencia fronteriza y el apoyo a \u200cla formaci\u00f3n de polic\u00edas palestinos. Por otra parte, ha indicado que tambi\u00e9n se celebra en Bruselas una reuni\u00f3n de donantes en la que tambi\u00e9n se discutir\u00e1n las reformas necesarias en ese \u00e1mbito. Otro asunto en la agenda de los ministros europeos ser\u00e1 la situaci\u00f3n en Sud\u00e1n. \u00abVamos a imponer sanciones a los sudaneses por primera vez para presionar a los que comenten atrocidades\u00bb, concluye.<\/p>\n<p>Adem\u00e1s, Kallas ha matizado que los ministros hablar\u00e1n este jueves en un almuerzo sobre las relaciones entre la UE y la ASEAN con ministros de los pa\u00edses de la Asociaci\u00f3n de Naciones del Sudeste Asi\u00e1tico.<\/p>\n","protected":false},"excerpt":{"rendered":"La alta representante de la Uni\u00f3n Europea (UE) para Asuntos Exteriores y Seguridad, Kaja Kallas, ha asegurado este&hellip;\n","protected":false},"author":2,"featured_media":246106,"comment_status":"","ping_status":"","sticky":false,"template":"","format":"standard","meta":{"footnotes":""},"categories":[42],"tags":[17,18,13,14,11,61,62,63,64,19,20,9,10,15,16,12,21,22,65,66,67],"class_list":{"0":"post-246105","1":"post","2":"type-post","3":"status-publish","4":"format-standard","5":"has-post-thumbnail","7":"category-internacional","8":"tag-breaking-news","9":"tag-breakingnews","10":"tag-featured-news","11":"tag-featurednews","12":"tag-headlines","13":"tag-internacional","14":"tag-international","15":"tag-international-news","16":"tag-internationalnews","17":"tag-latest-news","18":"tag-latestnews","19":"tag-news","20":"tag-noticias","21":"tag-noticias-destacadas","22":"tag-noticiasdestacadas","23":"tag-titulares","24":"tag-ultimas-noticias","25":"tag-ultimasnoticias","26":"tag-world","27":"tag-world-news","28":"tag-worldnews"},"share_on_mastodon":{"url":"https:\/\/pubeurope.com\/@es\/115581447396556957","error":""},"_links":{"self":[{"href":"https:\/\/www.europesays.com\/es\/wp-json\/wp\/v2\/posts\/246105","targetHints":{"allow":["GET"]}}],"collection":[{"href":"https:\/\/www.europesays.com\/es\/wp-json\/wp\/v2\/posts"}],"about":[{"href":"https:\/\/www.europesays.com\/es\/wp-json\/wp\/v2\/types\/post"}],"author":[{"embeddable":true,"href":"https:\/\/www.europesays.com\/es\/wp-json\/wp\/v2\/users\/2"}],"replies":[{"embeddable":true,"href":"https:\/\/www.europesays.com\/es\/wp-json\/wp\/v2\/comments?post=246105"}],"version-history":[{"count":0,"href":"https:\/\/www.europesays.com\/es\/wp-json\/wp\/v2\/posts\/246105\/revisions"}],"wp:featuredmedia":[{"embeddable":true,"href":"https:\/\/www.europesays.com\/es\/wp-json\/wp\/v2\/media\/246106"}],"wp:attachment":[{"href":"https:\/\/www.europesays.com\/es\/wp-json\/wp\/v2\/media?parent=246105"}],"wp:term":[{"taxonomy":"category","embeddable":true,"href":"https:\/\/www.europesays.com\/es\/wp-json\/wp\/v2\/categories?post=246105"},{"taxonomy":"post_tag","embeddable":true,"href":"https:\/\/www.europesays.com\/es\/wp-json\/wp\/v2\/tags?post=246105"}],"curies":[{"name":"wp","href":"https:\/\/api.w.org\/{rel}","templated":true}]}}